{"id":123915,"date":"2025-12-23T10:02:13","date_gmt":"2025-12-23T10:02:13","guid":{"rendered":"https:\/\/www.europesays.com\/fi\/123915\/"},"modified":"2025-12-23T10:02:13","modified_gmt":"2025-12-23T10:02:13","slug":"huonoin-ja-kaikista-vaarallisin-vari","status":"publish","type":"post","link":"https:\/\/www.europesays.com\/fi\/123915\/","title":{"rendered":"\u201dHuonoin ja kaikista vaarallisin v\u00e4ri\u201d"},"content":{"rendered":"<p>Brittil\u00e4inen Lucinda Strafford lomailee Lapissa.<\/p>\n<p><img decoding=\"async\" class=\"image image-show image-preview\" src=\"https:\/\/www.europesays.com\/fi\/wp-content\/uploads\/2025\/12\/e4fc4297c13802f3504fb9625dc1fcd4610a2b569cfaef20659f5bae72f159fa.jpg\" alt=\"\"\/><img decoding=\"async\" class=\"image image-show\" src=\"https:\/\/www.europesays.com\/fi\/wp-content\/uploads\/2025\/12\/1766484133_258_e4fc4297c13802f3504fb9625dc1fcd4610a2b569cfaef20659f5bae72f159fa.jpg\" alt=\"\"\/><\/p>\n<p>Lucinda Straffordin asuvalinta ei miellytt\u00e4nyt seuraajia. Cristina Massei \/ Alamy Stock Photo<\/p>\n<p class=\"paragraph\">Brittil\u00e4inen tosi-tv-t\u00e4hti <strong>Lucinda Strafford<\/strong> jakoi talvisia kuvia Lapista Instagramissa ja Tiktokissa.<\/p>\n<p class=\"paragraph\">Lapissa Strafford nauttii tavallisista turistiel\u00e4myksist\u00e4. H\u00e4net n\u00e4hd\u00e4\u00e4n yhdell\u00e4 videolla koiravaljakkoajelulla sek\u00e4 moottorikelkkailemassa toisella.<\/p>\n<p class=\"paragraph\">H\u00e4n on pukeutunut kokovalkoiseen haalariasuun, kun taas muut turistit vaikuttavat k\u00e4ytt\u00e4v\u00e4n firman perinteisi\u00e4 toppahaalareita. H\u00e4nen korviaan suojaavat vaaleanpunaiset korvanl\u00e4mmittimet, ja k\u00e4si\u00e4 peitt\u00e4v\u00e4t asuun sopivat valkoiset hansikkaat.<\/p>\n<p class=\"paragraph\">\u2013 Kun olet ainut, joka on t\u00e4\u00e4ll\u00e4 vain Instagram-kuvia varten, h\u00e4n kirjoittaa Tiktokissa julkaisemansa videon yhteyteen.<\/p>\n<p class=\"paragraph\">Jos julkaisu ei n\u00e4y, voit katsoa sen <a href=\"https:\/\/www.tiktok.com\/@lucinda\/video\/7585512305513778454\" target=\"_blank\" rel=\"noopener nofollow\">t\u00e4st\u00e4<\/a>.<\/p>\n<p class=\"paragraph\">Seuraajat ihmettelev\u00e4t Straffordin asuvalintaa, ja moni uskoo valkoisen v\u00e4rin olevan jopa vaarallinen valinta.<\/p>\n<p class=\"paragraph\">\u2013 Ty\u00f6skentelen oppaana Lapissa. On surullista n\u00e4hd\u00e4, ett\u00e4 nyky\u00e4\u00e4n jotkut eiv\u00e4t v\u00e4lit\u00e4 itse matkasta, vaan haluavat vain kuvia miellytt\u00e4\u00e4kseen muita, kirjoittaa yksi.<\/p>\n<p class=\"paragraph\">\u2013 Yksik\u00e4\u00e4n suomalainen ei pukeudu talvella kokovalkoiseen, huomautti toinen.<\/p>\n<p class=\"paragraph\">\u2013 Valkoisessa&#8230; Huonoin ja kaikista vaarallisin v\u00e4ri johon voisit pukeutua.<\/p>\n<p class=\"paragraph\">\u2013 Ja valkoisissa hiihtoasuissa et eroa lumesta lainkaan.<\/p>\n<p class=\"paragraph\">\u2013 Oletko tosissasi?<\/p>\n<p class=\"paragraph\">Osa kommentoijista katsoo my\u00f6s, ett\u00e4 asu ei vaikuta l\u00e4mpim\u00e4lt\u00e4.<\/p>\n<p class=\"paragraph\">\u2013 Ollaanpa rehellisi\u00e4: palelletko vai et?<\/p>\n<p class=\"paragraph\">\u2013 Yritin my\u00f6s pukea Zaran toppahaalarin p\u00e4\u00e4lleni poroajelulle, mutta he k\u00e4skev\u00e4t suoraan vaihtamaan. Onneksi niin k\u00e4vi, sill\u00e4 vaikka olin heid\u00e4n varusteissaan, se oli kylmin kokemus, jonka olen koskaan el\u00e4m\u00e4ss\u00e4ni kokenut, kertoo er\u00e4s.<\/p>\n<p class=\"paragraph\">\u2013 Joo, fiilis on t\u00e4rke\u00e4mpi kuin mukavuus -28 asteessa.<\/p>\n<p class=\"paragraph\">26-vuotias brittil\u00e4inen Lucinda Straffodilla nousi julkisuuteen maailmalla suositusta Love Island UK -ohjelmasta.<\/p>\n<p class=\"paragraph\">Jos julkaisu ei n\u00e4y, voit katsoa sen <a href=\"https:\/\/www.instagram.com\/p\/DSia9rujGCJ\/?img_index=1\" target=\"_blank\" rel=\"noopener nofollow\">t\u00e4st\u00e4<\/a>.<\/p>\n<p><script async src=\"\/\/www.instagram.com\/embed.js\"><\/script><script async src=\"\/\/www.tiktok.com\/embed.js\"><\/script><\/p>\n","protected":false},"excerpt":{"rendered":"Brittil\u00e4inen Lucinda Strafford lomailee Lapissa. Lucinda Straffordin asuvalinta ei miellytt\u00e4nyt seuraajia. Cristina Massei \/ Alamy Stock Photo Brittil\u00e4inen&hellip;\n","protected":false},"author":2,"featured_media":123916,"comment_status":"","ping_status":"","sticky":false,"template":"","format":"standard","meta":{"footnotes":""},"categories":[133],"tags":[35,648,137,33,31,30,121,923,82,32,206,128,156,109],"class_list":{"0":"post-123915","1":"post","2":"type-post","3":"status-publish","4":"format-standard","5":"has-post-thumbnail","7":"category-televisiot","8":"tag-24h","9":"tag-autot","10":"tag-entertainment","11":"tag-fi","12":"tag-finland","13":"tag-finnish","14":"tag-liikenne-ja-kuljetus","15":"tag-matkustaminen","16":"tag-moottoriajoneuvot","17":"tag-suomi","18":"tag-televisiot","19":"tag-tieliikenne","20":"tag-tv","21":"tag-viihde"},"share_on_mastodon":{"url":"https:\/\/pubeurope.com\/@fi\/115768311507494431","error":""},"_links":{"self":[{"href":"https:\/\/www.europesays.com\/fi\/wp-json\/wp\/v2\/posts\/123915","targetHints":{"allow":["GET"]}}],"collection":[{"href":"https:\/\/www.europesays.com\/fi\/wp-json\/wp\/v2\/posts"}],"about":[{"href":"https:\/\/www.europesays.com\/fi\/wp-json\/wp\/v2\/types\/post"}],"author":[{"embeddable":true,"href":"https:\/\/www.europesays.com\/fi\/wp-json\/wp\/v2\/users\/2"}],"replies":[{"embeddable":true,"href":"https:\/\/www.europesays.com\/fi\/wp-json\/wp\/v2\/comments?post=123915"}],"version-history":[{"count":0,"href":"https:\/\/www.europesays.com\/fi\/wp-json\/wp\/v2\/posts\/123915\/revisions"}],"wp:featuredmedia":[{"embeddable":true,"href":"https:\/\/www.europesays.com\/fi\/wp-json\/wp\/v2\/media\/123916"}],"wp:attachment":[{"href":"https:\/\/www.europesays.com\/fi\/wp-json\/wp\/v2\/media?parent=123915"}],"wp:term":[{"taxonomy":"category","embeddable":true,"href":"https:\/\/www.europesays.com\/fi\/wp-json\/wp\/v2\/categories?post=123915"},{"taxonomy":"post_tag","embeddable":true,"href":"https:\/\/www.europesays.com\/fi\/wp-json\/wp\/v2\/tags?post=123915"}],"curies":[{"name":"wp","href":"https:\/\/api.w.org\/{rel}","templated":true}]}}