{"id":123919,"date":"2025-12-23T10:07:07","date_gmt":"2025-12-23T10:07:07","guid":{"rendered":"https:\/\/www.europesays.com\/fi\/123919\/"},"modified":"2025-12-23T10:07:07","modified_gmt":"2025-12-23T10:07:07","slug":"viime-kesana-tampereella-ensimmaista-kertaa-jarjestetty-tapahtuma-saa-jatkoa","status":"publish","type":"post","link":"https:\/\/www.europesays.com\/fi\/123919\/","title":{"rendered":"Viime kes\u00e4n\u00e4 Tampereella ensimm\u00e4ist\u00e4 kertaa j\u00e4rjestetty tapahtuma saa jatkoa"},"content":{"rendered":"<p>Viljafestin ensimm\u00e4iset esiintyj\u00e4t on julkistettu.<\/p>\n<p class=\"article-body mb-nof-24 px-nof-16\">Aamulehti<\/p>\n<p class=\"article-body mb-nof-24 px-nof-16\">Viljafest j\u00e4rjestet\u00e4\u00e4n Tampereella j\u00e4lleen ensi kes\u00e4n\u00e4. Viime kes\u00e4n\u00e4 ensimm\u00e4ist\u00e4 kertaa Hatanp\u00e4\u00e4ll\u00e4 sijaitsevassa Bistro Viljassa j\u00e4rjestetty tapahtuma on 26.\u201327. kes\u00e4kuuta.<\/p>\n<p class=\"article-body mb-nof-24 px-nof-16\">Kahden p\u00e4iv\u00e4n aikana Bistro Viljan kulttuuritila Siilossa ja Hotelli Villen sis\u00e4pihan ulkolavalla n\u00e4hd\u00e4\u00e4n 12 esiintyj\u00e4\u00e4. Ensimm\u00e4iset esiintyj\u00e4t Lemmenpyssyt ja <a class=\"article-personlink\" href=\"https:\/\/www.aamulehti.fi\/haku\/?query=Kristiina\" rel=\"nofollow noopener\" target=\"_blank\">Kristiina<\/a> on nyt julkistettu, lis\u00e4\u00e4 esiintyji\u00e4 paljastetaan heti alkuvuodesta. My\u00f6s liput tulevat myyntiin tammikuussa.<\/p>\n","protected":false},"excerpt":{"rendered":"Viljafestin ensimm\u00e4iset esiintyj\u00e4t on julkistettu. Aamulehti Viljafest j\u00e4rjestet\u00e4\u00e4n Tampereella j\u00e4lleen ensi kes\u00e4n\u00e4. Viime kes\u00e4n\u00e4 ensimm\u00e4ist\u00e4 kertaa Hatanp\u00e4\u00e4ll\u00e4 sijaitsevassa&hellip;\n","protected":false},"author":2,"featured_media":123920,"comment_status":"","ping_status":"","sticky":false,"template":"","format":"standard","meta":{"footnotes":""},"categories":[130],"tags":[157,137,33,31,30,32,109],"class_list":{"0":"post-123919","1":"post","2":"type-post","3":"status-publish","4":"format-standard","5":"has-post-thumbnail","7":"category-viihde","8":"tag-aamulehti","9":"tag-entertainment","10":"tag-fi","11":"tag-finland","12":"tag-finnish","13":"tag-suomi","14":"tag-viihde"},"share_on_mastodon":{"url":"https:\/\/pubeurope.com\/@fi\/115768331001891346","error":""},"_links":{"self":[{"href":"https:\/\/www.europesays.com\/fi\/wp-json\/wp\/v2\/posts\/123919","targetHints":{"allow":["GET"]}}],"collection":[{"href":"https:\/\/www.europesays.com\/fi\/wp-json\/wp\/v2\/posts"}],"about":[{"href":"https:\/\/www.europesays.com\/fi\/wp-json\/wp\/v2\/types\/post"}],"author":[{"embeddable":true,"href":"https:\/\/www.europesays.com\/fi\/wp-json\/wp\/v2\/users\/2"}],"replies":[{"embeddable":true,"href":"https:\/\/www.europesays.com\/fi\/wp-json\/wp\/v2\/comments?post=123919"}],"version-history":[{"count":0,"href":"https:\/\/www.europesays.com\/fi\/wp-json\/wp\/v2\/posts\/123919\/revisions"}],"wp:featuredmedia":[{"embeddable":true,"href":"https:\/\/www.europesays.com\/fi\/wp-json\/wp\/v2\/media\/123920"}],"wp:attachment":[{"href":"https:\/\/www.europesays.com\/fi\/wp-json\/wp\/v2\/media?parent=123919"}],"wp:term":[{"taxonomy":"category","embeddable":true,"href":"https:\/\/www.europesays.com\/fi\/wp-json\/wp\/v2\/categories?post=123919"},{"taxonomy":"post_tag","embeddable":true,"href":"https:\/\/www.europesays.com\/fi\/wp-json\/wp\/v2\/tags?post=123919"}],"curies":[{"name":"wp","href":"https:\/\/api.w.org\/{rel}","templated":true}]}}