{"id":123921,"date":"2025-12-23T10:10:12","date_gmt":"2025-12-23T10:10:12","guid":{"rendered":"https:\/\/www.europesays.com\/fi\/123921\/"},"modified":"2025-12-23T10:10:12","modified_gmt":"2025-12-23T10:10:12","slug":"muutoksia-lentoaseman-vuoroihin-1-1-2026-alkaen-uutiset","status":"publish","type":"post","link":"https:\/\/www.europesays.com\/fi\/123921\/","title":{"rendered":"Muutoksia lentoaseman vuoroihin 1.1.2026 alkaen &#8211; Uutiset"},"content":{"rendered":"<p>Joensuun seudun joukkoliikenteen JOJO linja 6 ei aja lento-asemalle 1. tammikuuta 2026 alkaen. Jatkossa lentoasemalle matkustavien tulee k\u00e4ytt\u00e4\u00e4 linjaa 4.<\/p>\n<p>Uudet linjan 4 aikataulut p\u00e4ivitet\u00e4\u00e4n lentoasemalle alkuvuodesta. Voit katsoa aikataulut jo nyt oheisista kuvista. Aikataulut l\u00f6ytyv\u00e4t my\u00f6s reittioppaasta osoitteesta: <a href=\"https:\/\/joensuu.digitransit.fi\/\" target=\"\" rel=\"nofollow noopener\">joensuu.digitransit.fi<\/a>.<\/p>\n<p>\u00a0<\/p>\n<p><img decoding=\"async\" src=\"https:\/\/www.europesays.com\/fi\/wp-content\/uploads\/2025\/12\/80df1f4b-3f9a-e684-5f13-a0b60e8d720f\" style=\"height: auto; width: 738.999px;\"\/><\/p>\n<p><img decoding=\"async\" src=\"https:\/\/www.europesays.com\/fi\/wp-content\/uploads\/2025\/12\/8270fbdb-6a59-30b9-3650-83b30ee82642\" style=\"height: auto; width: 738.999px;\"\/><\/p>\n<p>\u00a0<\/p>\n","protected":false},"excerpt":{"rendered":"Joensuun seudun joukkoliikenteen JOJO linja 6 ei aja lento-asemalle 1. tammikuuta 2026 alkaen. Jatkossa lentoasemalle matkustavien tulee k\u00e4ytt\u00e4\u00e4&hellip;\n","protected":false},"author":2,"featured_media":123922,"comment_status":"","ping_status":"","sticky":false,"template":"","format":"standard","meta":{"footnotes":""},"categories":[76],"tags":[12023,79,77,33,31,30,12741,22142,32,78],"class_list":{"0":"post-123921","1":"post","2":"type-post","3":"status-publish","4":"format-standard","5":"has-post-thumbnail","7":"category-talous","8":"tag-ajankohtainen","9":"tag-business","10":"tag-economy","11":"tag-fi","12":"tag-finland","13":"tag-finnish","14":"tag-kampanja","15":"tag-poikkeus","16":"tag-suomi","17":"tag-talous"},"share_on_mastodon":{"url":"https:\/\/pubeurope.com\/@fi\/115768343308035562","error":""},"_links":{"self":[{"href":"https:\/\/www.europesays.com\/fi\/wp-json\/wp\/v2\/posts\/123921","targetHints":{"allow":["GET"]}}],"collection":[{"href":"https:\/\/www.europesays.com\/fi\/wp-json\/wp\/v2\/posts"}],"about":[{"href":"https:\/\/www.europesays.com\/fi\/wp-json\/wp\/v2\/types\/post"}],"author":[{"embeddable":true,"href":"https:\/\/www.europesays.com\/fi\/wp-json\/wp\/v2\/users\/2"}],"replies":[{"embeddable":true,"href":"https:\/\/www.europesays.com\/fi\/wp-json\/wp\/v2\/comments?post=123921"}],"version-history":[{"count":0,"href":"https:\/\/www.europesays.com\/fi\/wp-json\/wp\/v2\/posts\/123921\/revisions"}],"wp:featuredmedia":[{"embeddable":true,"href":"https:\/\/www.europesays.com\/fi\/wp-json\/wp\/v2\/media\/123922"}],"wp:attachment":[{"href":"https:\/\/www.europesays.com\/fi\/wp-json\/wp\/v2\/media?parent=123921"}],"wp:term":[{"taxonomy":"category","embeddable":true,"href":"https:\/\/www.europesays.com\/fi\/wp-json\/wp\/v2\/categories?post=123921"},{"taxonomy":"post_tag","embeddable":true,"href":"https:\/\/www.europesays.com\/fi\/wp-json\/wp\/v2\/tags?post=123921"}],"curies":[{"name":"wp","href":"https:\/\/api.w.org\/{rel}","templated":true}]}}