{"id":123923,"date":"2025-12-23T10:11:09","date_gmt":"2025-12-23T10:11:09","guid":{"rendered":"https:\/\/www.europesays.com\/fi\/123923\/"},"modified":"2025-12-23T10:11:09","modified_gmt":"2025-12-23T10:11:09","slug":"venajan-yollinen-ilmahyokkays-katkaisi-sahkoja-laajoilta-alueilta-ukrainassa-ukraina-taas-iski-tarkeaan-petrokemian-tehtaaseen-venajalla-uutissuomalainen","status":"publish","type":"post","link":"https:\/\/www.europesays.com\/fi\/123923\/","title":{"rendered":"Ven\u00e4j\u00e4n y\u00f6llinen ilmahy\u00f6kk\u00e4ys katkaisi s\u00e4hk\u00f6j\u00e4 laajoilta alueilta Ukrainassa \u2013 Ukraina taas iski t\u00e4rke\u00e4\u00e4n petrokemian tehtaaseen Ven\u00e4j\u00e4ll\u00e4 | Uutissuomalainen"},"content":{"rendered":"<p>Useat alueet Ukrainassa k\u00e4rsiv\u00e4t s\u00e4hk\u00f6katkoista tiistaina sen j\u00e4lkeen, kun Ven\u00e4j\u00e4 hy\u00f6kk\u00e4si y\u00f6n aikana maahan ohjuksilla ja drooneilla.<\/p>\n<p>Ukrainan energiaministerin mukaan hy\u00f6kk\u00e4ys kohdistui j\u00e4lleen maan energiainfrastruktuuriin ja sen takia jouduttiin turvautumaan h\u00e4t\u00e4s\u00e4hk\u00f6katkoihin.<\/p>\n<p>Viranomaisten mukaan ainakin kaksi ihmist\u00e4 kuoli ja useita loukkaantui hy\u00f6kk\u00e4yksess\u00e4 eri alueilla. Loukkaantuneiden joukossa on my\u00f6s lapsia. Iskut my\u00f6s sytyttiv\u00e4t useita tulipaloja.<\/p>\n<p>Ukrainassa l\u00e4mp\u00f6tilat ovat nollan pinnassa ja jouluksi on ennustettu kylmemp\u00e4\u00e4 s\u00e4\u00e4t\u00e4. Iskut ovat katkaisseet l\u00e4mmityksen tuhansien ihmisten kodeista.<\/p>\n<p>Ven\u00e4j\u00e4 on kiihdytt\u00e4nyt viime p\u00e4ivin\u00e4 ilmahy\u00f6kk\u00e4yksi\u00e4\u00e4n Mustanmeren rannalla sijaitsevaan Odessan satamakaupunkiin. Ukrainan viranomaisten mukaan Ven\u00e4j\u00e4 yritt\u00e4\u00e4 tehd\u00e4 merikuljetukset kaupungista mahdottomiksi.<\/p>\n<p>\t\t\t\tDrooni-isku Etel\u00e4-Ven\u00e4j\u00e4ll\u00e4<\/p>\n<p>Ukraina on tehnyt drooni-iskun Stavrolenin petrokemian tehtaalle Ven\u00e4j\u00e4ll\u00e4. <\/p>\n<p>Asiasta uutisoi ukrainalaismedia <a href=\"https:\/\/kyivindependent.com\/ukraines-military-reportedly-strikes-russias-stavrolen-petrochemical-plant-russian-media-reports\/\" rel=\"nofollow noopener\" target=\"_blank\">Kyiv Independent<\/a> varhain tiistaina viitaten ven\u00e4l\u00e4isiin Telegram-sivustoihin. Iskun kerrottiin aiheuttaneen r\u00e4j\u00e4hdyksi\u00e4 ja suuren tulipalon tehtaalla.<\/p>\n<p>Stavrolenin petrokemian tehdas sijaitsee Etel\u00e4-Ven\u00e4j\u00e4ll\u00e4 Budjonnovskissa, Stavropolin alueella. <\/p>\n<p>Kyseess\u00e4 on yksi Ven\u00e4j\u00e4n johtavista petrokemian yrityksist\u00e4 ja Lukoilin tyt\u00e4ryhti\u00f6, kertoo Kyiv Independent.<\/p>\n<p>Ukraina ei ole viel\u00e4 kommentoinut iskua, eik\u00e4 tuhojen laajuudesta ole tietoa.<\/p>\n<p>Ven\u00e4j\u00e4n ja Ukrainan delegaatiot olivat viikonloppuna neuvottelemassa Yhdysvaltojen kanssa Miamissa rauhan saamisesta. Ven\u00e4l\u00e4ismedioiden mukaan Ven\u00e4j\u00e4n varaulkoministeri Sergei Rjabkov sanoi, ett\u00e4 hidasta edistymist\u00e4 oli havaittavissa. Yhdysvaltojen Ukraina-erityisl\u00e4hettil\u00e4s Steve Witkoff kehui keskusteluja kummankin osapuolen kanssa rakentaviksi, mutta l\u00e4pimurtoa ei ollut n\u00e4ht\u00e4viss\u00e4.<\/p>\n","protected":false},"excerpt":{"rendered":"Useat alueet Ukrainassa k\u00e4rsiv\u00e4t s\u00e4hk\u00f6katkoista tiistaina sen j\u00e4lkeen, kun Ven\u00e4j\u00e4 hy\u00f6kk\u00e4si y\u00f6n aikana maahan ohjuksilla ja drooneilla. Ukrainan&hellip;\n","protected":false},"author":2,"featured_media":123924,"comment_status":"","ping_status":"","sticky":false,"template":"","format":"standard","meta":{"footnotes":""},"categories":[14],"tags":[22,23,124,1628,26,27,33,31,30,17,683,24,25,28,29,15,18,21,2007,3383,9666,32,19,20,21377,56,16,59,60,61],"class_list":{"0":"post-123923","1":"post","2":"type-post","3":"status-publish","4":"format-standard","5":"has-post-thumbnail","7":"category-ulkomaat","8":"tag-breaking-news","9":"tag-breakingnews","10":"tag-energia-sektori","11":"tag-energia-ja-energiavarat","12":"tag-featured-news","13":"tag-featurednews","14":"tag-fi","15":"tag-finland","16":"tag-finnish","17":"tag-headlines","18":"tag-kuolema","19":"tag-latest-news","20":"tag-latestnews","21":"tag-main-news","22":"tag-mainnews","23":"tag-news","24":"tag-otsikot","25":"tag-paauutiset","26":"tag-sahko","27":"tag-sahkokatkos","28":"tag-sahkoverkko","29":"tag-suomi","30":"tag-top-stories","31":"tag-topstories","32":"tag-ukrainan-kriisi","33":"tag-ulkomaat","34":"tag-uutiset","35":"tag-world","36":"tag-world-news","37":"tag-worldnews"},"share_on_mastodon":{"url":"","error":"Validation failed: Text character limit of 500 exceeded"},"_links":{"self":[{"href":"https:\/\/www.europesays.com\/fi\/wp-json\/wp\/v2\/posts\/123923","targetHints":{"allow":["GET"]}}],"collection":[{"href":"https:\/\/www.europesays.com\/fi\/wp-json\/wp\/v2\/posts"}],"about":[{"href":"https:\/\/www.europesays.com\/fi\/wp-json\/wp\/v2\/types\/post"}],"author":[{"embeddable":true,"href":"https:\/\/www.europesays.com\/fi\/wp-json\/wp\/v2\/users\/2"}],"replies":[{"embeddable":true,"href":"https:\/\/www.europesays.com\/fi\/wp-json\/wp\/v2\/comments?post=123923"}],"version-history":[{"count":0,"href":"https:\/\/www.europesays.com\/fi\/wp-json\/wp\/v2\/posts\/123923\/revisions"}],"wp:featuredmedia":[{"embeddable":true,"href":"https:\/\/www.europesays.com\/fi\/wp-json\/wp\/v2\/media\/123924"}],"wp:attachment":[{"href":"https:\/\/www.europesays.com\/fi\/wp-json\/wp\/v2\/media?parent=123923"}],"wp:term":[{"taxonomy":"category","embeddable":true,"href":"https:\/\/www.europesays.com\/fi\/wp-json\/wp\/v2\/categories?post=123923"},{"taxonomy":"post_tag","embeddable":true,"href":"https:\/\/www.europesays.com\/fi\/wp-json\/wp\/v2\/tags?post=123923"}],"curies":[{"name":"wp","href":"https:\/\/api.w.org\/{rel}","templated":true}]}}