{"id":123929,"date":"2025-12-23T10:25:08","date_gmt":"2025-12-23T10:25:08","guid":{"rendered":"https:\/\/www.europesays.com\/fi\/123929\/"},"modified":"2025-12-23T10:25:08","modified_gmt":"2025-12-23T10:25:08","slug":"olli-herman-meni-kihloihin-savo","status":"publish","type":"post","link":"https:\/\/www.europesays.com\/fi\/123929\/","title":{"rendered":"Olli Herman meni kihloihin | Savo"},"content":{"rendered":"<p>Kuopiolaisl\u00e4ht\u00f6inen rock-laulaja <strong>Olli Kosunen<\/strong> eli Olli Herman on mennyt kihloihin.<\/p>\n<p>H\u00e4n julkaisi kumppaninsa <strong>Tytin<\/strong> kanssa maanantai-iltana Instagram-kuvapalvelussa It\u00e4vallan p\u00e4\u00e4kaupungissa Wieniss\u00e4 otetun kuvan, jonka kuvatekstiss\u00e4 he kertovat menneens\u00e4 kihloihin.<\/p>\n<p>\u2013\u2009Menimme Wieniin. Menimme kihloihin, joimme viini\u00e4 ja teimme ostoksia joulutoreilla. Se oli kaunista, kuvatekstiss\u00e4 kerrotaan.<\/p>\n<p>Pari on seurustellut vuodesta 2018 alkaen. Heill\u00e4 on kaksi lasta.<\/p>\n<p>Olli Herman tuli tunnetuksi Reckless Love -yhtyeen laulajana. H\u00e4net kiinnitettiin Popedan solistiksi vuoden 2024 alussa.<\/p>\n<p>Asiasta kertoi aiemmin muun muassa <a href=\"https:\/\/www.is.fi\/viihde\/art-2000011711789.html\" rel=\"nofollow noopener\" target=\"_blank\">Ilta-Sanomat<\/a>.<\/p>\n","protected":false},"excerpt":{"rendered":"Kuopiolaisl\u00e4ht\u00f6inen rock-laulaja Olli Kosunen eli Olli Herman on mennyt kihloihin. H\u00e4n julkaisi kumppaninsa Tytin kanssa maanantai-iltana Instagram-kuvapalvelussa It\u00e4vallan&hellip;\n","protected":false},"author":2,"featured_media":123930,"comment_status":"","ping_status":"","sticky":false,"template":"","format":"standard","meta":{"footnotes":""},"categories":[136],"tags":[138,407,137,33,31,30,2675,408,763,1132,47,742,32,397,484,109],"class_list":{"0":"post-123929","1":"post","2":"type-post","3":"status-publish","4":"format-standard","5":"has-post-thumbnail","7":"category-julkkikset","8":"tag-audio","9":"tag-celebrities","10":"tag-entertainment","11":"tag-fi","12":"tag-finland","13":"tag-finnish","14":"tag-instagram","15":"tag-julkkikset","16":"tag-kulttuuri-ja-viihde","17":"tag-kuopio","18":"tag-musiikki","19":"tag-suomalainen-musiikki","20":"tag-suomi","21":"tag-taide","22":"tag-taiteellinen-ilmaisu-ja-mediat","23":"tag-viihde"},"share_on_mastodon":{"url":"https:\/\/pubeurope.com\/@fi\/115768401823308637","error":""},"_links":{"self":[{"href":"https:\/\/www.europesays.com\/fi\/wp-json\/wp\/v2\/posts\/123929","targetHints":{"allow":["GET"]}}],"collection":[{"href":"https:\/\/www.europesays.com\/fi\/wp-json\/wp\/v2\/posts"}],"about":[{"href":"https:\/\/www.europesays.com\/fi\/wp-json\/wp\/v2\/types\/post"}],"author":[{"embeddable":true,"href":"https:\/\/www.europesays.com\/fi\/wp-json\/wp\/v2\/users\/2"}],"replies":[{"embeddable":true,"href":"https:\/\/www.europesays.com\/fi\/wp-json\/wp\/v2\/comments?post=123929"}],"version-history":[{"count":0,"href":"https:\/\/www.europesays.com\/fi\/wp-json\/wp\/v2\/posts\/123929\/revisions"}],"wp:featuredmedia":[{"embeddable":true,"href":"https:\/\/www.europesays.com\/fi\/wp-json\/wp\/v2\/media\/123930"}],"wp:attachment":[{"href":"https:\/\/www.europesays.com\/fi\/wp-json\/wp\/v2\/media?parent=123929"}],"wp:term":[{"taxonomy":"category","embeddable":true,"href":"https:\/\/www.europesays.com\/fi\/wp-json\/wp\/v2\/categories?post=123929"},{"taxonomy":"post_tag","embeddable":true,"href":"https:\/\/www.europesays.com\/fi\/wp-json\/wp\/v2\/tags?post=123929"}],"curies":[{"name":"wp","href":"https:\/\/api.w.org\/{rel}","templated":true}]}}