{"id":123931,"date":"2025-12-23T10:28:13","date_gmt":"2025-12-23T10:28:13","guid":{"rendered":"https:\/\/www.europesays.com\/fi\/123931\/"},"modified":"2025-12-23T10:28:13","modified_gmt":"2025-12-23T10:28:13","slug":"rollin-tonttu-toljanterin-ja-histamiinin-paluu-yle-areenaan","status":"publish","type":"post","link":"https:\/\/www.europesays.com\/fi\/123931\/","title":{"rendered":"R\u00f6llin, Tonttu Toljanterin ja Histamiinin paluu Yle Areenaan"},"content":{"rendered":"<p>\n            Tonttu Toljanteri (n\u00e4yttelij\u00e4 Kunto Ojansivu) joulukalenterissa Tonttu Toljanterin joulupulma.<br \/>\n            Reija Jokela\/Yle\n        <\/p>\n<p class=\"subtitle \">Katsojat ovat kaivanneet suosikkejaan takaisin Ylen tarjontaan.<\/p>\n<p class=\"article-content article-content-width !bg-background\">Yle on j\u00e4rjest\u00e4nyt pienen jouluihmeen katsojille. Moni on turhaan etsinyt Ylen tarjonnasta vanhoja suosikkejaan, mutta nyt heille on iloista kerrottavaa.<\/p>\n<p class=\"font-weight-bold m-font-weight-bold article-content article-content-width !bg-background\">Video: Seela Sella muistelee Pikku Kakkosessakin n\u00e4hty\u00e4 Eila Roinetta.<\/p>\n<p class=\"article-content article-content-width !bg-background\">Esimerkiksi R\u00f6llin ja Tonttu Toljanterin yst\u00e4v\u00e4t ovat jo pidemm\u00e4n aikaa kaivanneet hauskojen hahmojen seuraa.<\/p>\n<p class=\"article-content article-content-width !bg-background\">Viel\u00e4 aiemmin t\u00e4ss\u00e4 kuussa n\u00e4ytti silt\u00e4, ett\u00e4 Toljanterista j\u00e4\u00e4 Yle Areenaan tarjolle vain yksi kausi. R\u00f6lli\u00e4 taas ei ole n\u00e4hty Areenassa vuoden 2021 j\u00e4lkeen.<\/p>\n<p class=\"article-content article-content-width !bg-background\">Katson kyselless\u00e4 aiemmin hahmojen per\u00e4\u00e4n, Yle vastasi syiden l\u00f6ytyv\u00e4n tekij\u00e4noikeuksista.<\/p>\n<p class=\"article-content article-content-width !bg-background\">\u2013\u00a0R\u00f6llin uusintaesityksist\u00e4 sovitaan esitysjaksot tekij\u00e4noikeuden haltijan kanssa ja t\u00e4ll\u00e4 hetkell\u00e4 Ylell\u00e4 ei ole voimassaolevaa uusintasopimusta, Pikku Kakkosen vastaava tuottaja  viestitti Katsolle aiemmin joulukuussa.<\/p>\n<p>                <img loading=\"lazy\" decoding=\"async\" src=\"https:\/\/www.europesays.com\/fi\/wp-content\/uploads\/2025\/12\/2022031.webp\" width=\"576\" height=\"701\" title=\"Allu Tuppurainen loi R\u00f6lli-hahmon 80-luvulla.\" alt=\"Allu Tuppurainen R\u00f6lli-asussa.\" \/>            <\/p>\n<p>\n            Allu Tuppurainen loi R\u00f6lli-hahmon 80-luvulla.<br \/>\n            Antero Tenhunen\/Yle\n        <\/p>\n<p>        <a itemprop=\"url\" href=\"https:\/\/www.seiska.fi\/katso\/tonttu-toljanteri-ulos-tvsta-nain-yle-perustelee\/2005298\" rel=\"nofollow noopener\" target=\"_blank\"><\/p>\n<p>\nTonttu Toljanteri\n<\/p>\n<p class=\"section-date\">\n        <strong class=\"article-section\" data-section=\"katso\"><br \/>\n            katso<br \/>\n        <\/strong><br \/>\n        30.11. 15:15\n    <\/p>\n<p>Tonttu Toljanteri ulos tv:st\u00e4 \u2013 n\u00e4in Yle perustelee\n    <\/p>\n<p itemprop=\"description\" class=\"subtitle \">\n    Tonttu Toljanteri on kuulunut perinteisesti Ylen jouluohjelmistoon. T\u00e4n\u00e4 vuonna uutta Toljanteria ei ole kuitenkaan tulossa esitett\u00e4v\u00e4ksi.\n<\/p>\n<p>        <\/a><\/p>\n<p class=\"article-content article-content-width !bg-background\">Katso sai vastauksen my\u00f6s Tonttu Toljanterin osalta.<\/p>\n<p class=\"article-content article-content-width !bg-background\">\u2013 Ylen ja ohjelmien tekij\u00f6it\u00e4 edustavien j\u00e4rjest\u00f6jen v\u00e4linen arkistosopimus uusittiin noin vuosi sitten, ja nykyinen sopimus on kooltaan noin puolet pienempi kuin edellinen, Ylen ohjelmistosuunnittelusta vastattiin marraskuussa.<\/p>\n<p class=\"article-content article-content-width !bg-background\">\u2013 T\u00e4m\u00e4 sopimus m\u00e4\u00e4ritt\u00e4\u00e4 kuinka monta tuntia vuoden aikana voimme esitt\u00e4\u00e4 vanhempia kotimaisia ohjelmia.<\/p>\n<p>                <img decoding=\"async\" src=\"https:\/\/www.europesays.com\/fi\/wp-content\/uploads\/2025\/12\/2028712.webp\" width=\"576\" height=\"317\" title=\"Tonttu Toljanterin joulupulma on vuodelta 1998.\" alt=\"Tonttu Toljanteri soittaa haitaria.\" loading=\"lazy\" \/>            <\/p>\n<p>\n            Tonttu Toljanterin joulupulma on vuodelta 1998.<br \/>\n            Reija Jokela\/Yle\n        <\/p>\n<p>R\u00f6lli ja Toljanteri palasivat<\/p>\n<p class=\"article-content article-content-width !bg-background\">Nyt tekij\u00e4noikeusasiat on kuitenkin saatu taas kuntoon, sill\u00e4 Yle on tuonut Areenaan tarjolle yhden kauden R\u00f6llin seikkailuja ja yhden lis\u00e4sarjan Tonttu Toljanterista.<\/p>\n<p class=\"article-content article-content-width !bg-background\">R\u00f6lli\u00e4 on tarjolla kymmenen Jakson verran, ja jaksot sis\u00e4lt\u00e4v\u00e4t todellisia klassikoita.\u00a0Mukana ovat esimerkiksi laulut Robotti Ruttusesta, kuuraketista sek\u00e4 Elefantti-Antista ja Siili-Suhosesta.<\/p>\n<p class=\"article-content article-content-width !bg-background\">Yle on kertonut R\u00f6llin paluusta <a href=\"https:\/\/www.instagram.com\/reel\/DScUwBLjA3d\/?igsh=MWNwOGJ5bngyMWRsMw==\" target=\"_blank\" rel=\"nofollow noopener\">Instagram-p\u00e4ivityksess\u00e4<\/a>.<\/p>\n<p class=\"article-content article-content-width !bg-background\">Toljanterin touhuja voi nyt Areenassa seurata sarjoissa Tonttu Toljanterin joulupulma ja Tonttu Toljanteri ja oikean joulun salaisuus.<\/p>\n<p class=\"article-content article-content-width !bg-background\">J\u00e4lkimm\u00e4inen sarja palasi Areenaan kuin joululahjana 22.12. R\u00f6lli\u00a0-sarja puolestaan ilmestyi Areenaan 16.12., eli samana p\u00e4iv\u00e4n\u00e4, jolloin Katson jutussa kummasteltiin kadonnutta R\u00f6lli\u00e4.<\/p>\n<p>        <a itemprop=\"url\" href=\"https:\/\/www.seiska.fi\/katso\/miksi-rolli-sarjaa-ei-esiteta-tvssa-nain-yle-vastaa\/2022010\" rel=\"nofollow noopener\" target=\"_blank\"><\/p>\n<p>\nYle vastaa\n<\/p>\n<p class=\"section-date\">\n        <strong class=\"article-section\" data-section=\"katso\"><br \/>\n            katso<br \/>\n        <\/strong><br \/>\n        17.12. 15:15\n    <\/p>\n<p>Miksi R\u00f6lli-sarjaa ei esitet\u00e4 tv:ss\u00e4? N\u00e4in Yle vastaa\n    <\/p>\n<p itemprop=\"description\" class=\"subtitle \">\n    Suosikkipeikkoa ei ole n\u00e4hty Ylen kanavilla tai Areenassa vuosikausiin.\n<\/p>\n<p>        <\/a><\/p>\n<p>                <img decoding=\"async\" src=\"https:\/\/www.europesays.com\/fi\/wp-content\/uploads\/2025\/12\/2028724.webp\" width=\"576\" height=\"322\" title=\"Histamiinin joulukalenterissa n\u00e4htiin Tonttu R\u00e4m\u00e4kk\u00e4 (Harri Hyttinen), noitaneiti Anelma Unelma (\u00e4\u00e4nen\u00e4 Pirkko Aarnio) ja Histamiini (\u00e4\u00e4nen\u00e4 Matti Ranin).\" alt=\"Tonttu R\u00e4m\u00e4kk\u00e4, Anelma Unelma ja Histamiini p\u00f6yd\u00e4n \u00e4\u00e4ress\u00e4.\" loading=\"lazy\" \/>            <\/p>\n<p>\n            Histamiinin joulukalenterissa n\u00e4htiin Tonttu R\u00e4m\u00e4kk\u00e4 (Harri Hyttinen), noitaneiti Anelma Unelma (\u00e4\u00e4nen\u00e4 Pirkko Aarnio) ja Histamiini (\u00e4\u00e4nen\u00e4 Matti Ranin).<br \/>\n            Leif \u00d6ster\/Yle\n        <\/p>\n<p class=\"article-content article-content-width !bg-background\">Eiv\u00e4tk\u00e4 jouluyll\u00e4tykset p\u00e4\u00e4ty t\u00e4h\u00e4n. Yle on 22.12. tuonut Areenaan yll\u00e4tt\u00e4en my\u00f6s Histamiinin joulukalenterin vuodelta 1980.\u00a0<\/p>\n<p class=\"article-content article-content-width !bg-background\">Histamiini-hevonen, tallitonttu R\u00e4m\u00e4kk\u00e4 ja noitaneiti Anelma Unelma ovat monen entisen lapsen kaipaamia suosikkeja.<\/p>\n<p class=\"article-content article-content-width !bg-background\">Yle on kertonut tuoreimmista joulukalenterilis\u00e4yksist\u00e4 <a href=\"https:\/\/www.instagram.com\/reel\/DSjaALdCMVR\/?utm_source=ig_web_copy_link\" target=\"_blank\" rel=\"nofollow noopener\">Instagram-p\u00e4ivityksess\u00e4<\/a>.<\/p>\n<p class=\"italic m-italic article-content article-content-width !bg-background\">Kaikki jutussa mainitut ohjelmat ovat katsottavissa Yle Areenassa.<\/p>\n<p>        <a itemprop=\"url\" href=\"https:\/\/www.seiska.fi\/katso\/ylen-joulukalenteri-jakaa-rajusti-katsojia\/2020163\" rel=\"nofollow noopener\" target=\"_blank\"><\/p>\n<p>\nYlen joulukalenteri\n<\/p>\n<p class=\"section-date\">\n        <strong class=\"article-section\" data-section=\"katso\"><br \/>\n            katso<br \/>\n        <\/strong><br \/>\n        14.12. 11:15\n    <\/p>\n<p>Ylen joulukalenteri jakaa rajusti katsojia\n    <\/p>\n<p itemprop=\"description\" class=\"subtitle \">\n    Tonttuakatemian toisella kaudella seikkailee sek\u00e4 tuttuja ett\u00e4 uusia hahmoja.\n<\/p>\n<p>        <\/a><\/p>\n<p>        <a itemprop=\"url\" href=\"https:\/\/www.seiska.fi\/katso\/muistatko-nama-pelottavat-lastenohjelmat\/1970352\" rel=\"nofollow noopener\" target=\"_blank\"><\/p>\n<p>\nKymmenen hyyt\u00e4vint\u00e4\n<\/p>\n<p class=\"section-date\">\n        <strong class=\"article-section\" data-section=\"katso\"><br \/>\n            katso<br \/>\n        <\/strong><br \/>\n        3.11. 10:41\n    <\/p>\n<p>Muistatko n\u00e4m\u00e4 pelottavat lastenohjelmat?\n    <\/p>\n<p itemprop=\"description\" class=\"subtitle \">\n    Traumoja ovat aiheuttaneet muun muassa Hui hai hiisi, Muumilaakson tarinoita ja S\u00e4tkyj\u00e4 ja t\u00e4rin\u00f6it\u00e4. Pelottavimpia hahmoja ovat olleet taas Morso ja M\u00f6rk\u00f6.\n<\/p>\n<p>        <\/a><\/p>\n<p><script async src=\"\/\/www.instagram.com\/embed.js\"><\/script><\/p>\n","protected":false},"excerpt":{"rendered":"Tonttu Toljanteri (n\u00e4yttelij\u00e4 Kunto Ojansivu) joulukalenterissa Tonttu Toljanterin joulupulma. Reija Jokela\/Yle Katsojat ovat kaivanneet suosikkejaan takaisin Ylen tarjontaan.&hellip;\n","protected":false},"author":2,"featured_media":123932,"comment_status":"","ping_status":"","sticky":false,"template":"","format":"standard","meta":{"footnotes":""},"categories":[133],"tags":[17687,137,33,31,30,22143,14945,19813,21553,32,15703,206,19711,156,109,1149,913],"class_list":{"0":"post-123931","1":"post","2":"type-post","3":"status-publish","4":"format-standard","5":"has-post-thumbnail","7":"category-televisiot","8":"tag-elava-arkisto","9":"tag-entertainment","10":"tag-fi","11":"tag-finland","12":"tag-finnish","13":"tag-histamiini","14":"tag-joulukalenteri","15":"tag-lastenohjelma","16":"tag-rolli","17":"tag-suomi","18":"tag-tekijanoikeudet","19":"tag-televisiot","20":"tag-tonttu-toljanteri","21":"tag-tv","22":"tag-viihde","23":"tag-yle","24":"tag-yle-areena"},"share_on_mastodon":{"url":"https:\/\/pubeurope.com\/@fi\/115768413874975624","error":""},"_links":{"self":[{"href":"https:\/\/www.europesays.com\/fi\/wp-json\/wp\/v2\/posts\/123931","targetHints":{"allow":["GET"]}}],"collection":[{"href":"https:\/\/www.europesays.com\/fi\/wp-json\/wp\/v2\/posts"}],"about":[{"href":"https:\/\/www.europesays.com\/fi\/wp-json\/wp\/v2\/types\/post"}],"author":[{"embeddable":true,"href":"https:\/\/www.europesays.com\/fi\/wp-json\/wp\/v2\/users\/2"}],"replies":[{"embeddable":true,"href":"https:\/\/www.europesays.com\/fi\/wp-json\/wp\/v2\/comments?post=123931"}],"version-history":[{"count":0,"href":"https:\/\/www.europesays.com\/fi\/wp-json\/wp\/v2\/posts\/123931\/revisions"}],"wp:featuredmedia":[{"embeddable":true,"href":"https:\/\/www.europesays.com\/fi\/wp-json\/wp\/v2\/media\/123932"}],"wp:attachment":[{"href":"https:\/\/www.europesays.com\/fi\/wp-json\/wp\/v2\/media?parent=123931"}],"wp:term":[{"taxonomy":"category","embeddable":true,"href":"https:\/\/www.europesays.com\/fi\/wp-json\/wp\/v2\/categories?post=123931"},{"taxonomy":"post_tag","embeddable":true,"href":"https:\/\/www.europesays.com\/fi\/wp-json\/wp\/v2\/tags?post=123931"}],"curies":[{"name":"wp","href":"https:\/\/api.w.org\/{rel}","templated":true}]}}