{"id":123938,"date":"2025-12-23T10:37:08","date_gmt":"2025-12-23T10:37:08","guid":{"rendered":"https:\/\/www.europesays.com\/fi\/123938\/"},"modified":"2025-12-23T10:37:08","modified_gmt":"2025-12-23T10:37:08","slug":"gazalaisten-mukaan-israel-yrittaa-iskuillaan-haataa-palestiinalaisia-pois-keltaiselta-linjalta-uutissuomalainen","status":"publish","type":"post","link":"https:\/\/www.europesays.com\/fi\/123938\/","title":{"rendered":"Gazalaisten mukaan Israel yritt\u00e4\u00e4 iskuillaan h\u00e4\u00e4t\u00e4\u00e4 palestiinalaisia pois keltaiselta linjalta | Uutissuomalainen"},"content":{"rendered":"<p>Gazan asukkaiden mukaan Israel yritt\u00e4\u00e4 h\u00e4\u00e4t\u00e4\u00e4 palestiinalaisia niin kutsutulta keltaiselta linjalta tekem\u00e4ll\u00e4 iskuja koteihin ja telttoihin.<\/p>\n<p>Israelin asevoimat on yksipuolisesti julistanut keltaisen linjan olevan uusi rajalinja.<\/p>\n<p>Yhdysvaltojen neuvotteleman sopimuksen mukaan israelilaisjoukkojen tuli vet\u00e4yty\u00e4 v\u00e4liaikaiseksi tarkoitetun rajalinjan it\u00e4puolelle. Aselevon toisessa vaiheessa joukot olisi m\u00e4\u00e4r\u00e4 vet\u00e4\u00e4 viel\u00e4 kauemmaksi.<\/p>\n<p>Gazalaisten mukaan Israelin iskut ovat tuhonneet koteja keltaisen linjan it\u00e4puolella.<\/p>\n<p>Israelin mukaan se on asemoinut joukkonsa aseleposopimuksen vaatimalla tavalla, mutta \u00e4\u00e4rij\u00e4rjest\u00f6 Hamas on jatkanut keltaisella linjalla &#8221;rajan ylityksi\u00e4 ja terroristista toimintaansa&#8221;. <\/p>\n<p>Israelin armeija hallinnoi aluetta, ja sill\u00e4 on alueella tarkastuspisteit\u00e4.<\/p>\n<p>\u2013\u2009Israelin puolustusvoimien nykyiset operaatiot Gazassa (ja) niiden kohdistaminen keltaisen linjan alueelle on tarkoitettu vastaamaan Gazan terroristij\u00e4rjest\u00f6jen muodostamiin v\u00e4litt\u00f6miin uhkiin, Israelin armeija sanoi lausunnossaan AFP:lle.<\/p>\n<p>\t\t\t\tKeltaisella linjalla kymmeni\u00e4tuhansia asukkaita<\/p>\n<p>Keltaisella linjalla asuu kymmeni\u00e4tuhansia ihmisi\u00e4 vaurioituneissa asuinrakennuksissa tai teltoissa. Nyt moni on asukkaiden mukaan joutunut siirtym\u00e4\u00e4n rajalinjan l\u00e4nsipuolelle.<\/p>\n<p>\u2013\u2009Emme nuku \u00f6isin, koska pelk\u00e4\u00e4mme. Pommitukset (rajalinjan) it\u00e4puolella ovat s\u00e4\u00e4lim\u00e4tt\u00f6mi\u00e4, sanoi 40-vuotias palestiinalaisnainen Umm Ahmed AFP:lle. <\/p>\n<p>H\u00e4n lis\u00e4si, ettei tied\u00e4 mit\u00e4 vastata lapsilleen, jotka kyselev\u00e4t minne perhe voisi paeta telttakodistaan Bani Suheilasta.<\/p>\n<p>Rajalinjan l\u00e4nsipuolella sijaitsee my\u00f6s gazalaisten teltta-asumuksia al-Mawasin valtavalla sis\u00e4isten pakolaisten leirill\u00e4. Viimeisimm\u00e4ss\u00e4 konfliktissa yli miljoonan ihmisen arvioidaan joutuneen pakenemaan kodeistaan, joidenkin useita kertoja.<\/p>\n<p>Gazan nykyinen konflikti alkoi Hamasin hy\u00f6kk\u00e4yksest\u00e4 Israelin puolelle lokakuussa 2023. Hy\u00f6kk\u00e4yksess\u00e4 surmattiin AFP:n laskujen mukaan yli 1 \u2009200 ihmist\u00e4 ja siepattiin yli parisataa ihmist\u00e4 Gazan kaistalle.<\/p>\n<p>Israelin vastattua hy\u00f6kk\u00e4ykseen on Gazan kaistalla paikallisten viranomaisten mukaan kuollut jo yli 70\u2009000 ihmist\u00e4. YK pit\u00e4\u00e4 lukuja luotettavina, ja joidenkin tutkimusten mukaan ne ovat mahdollisesti alakanttiin.<\/p>\n","protected":false},"excerpt":{"rendered":"Gazan asukkaiden mukaan Israel yritt\u00e4\u00e4 h\u00e4\u00e4t\u00e4\u00e4 palestiinalaisia niin kutsutulta keltaiselta linjalta tekem\u00e4ll\u00e4 iskuja koteihin ja telttoihin. Israelin asevoimat&hellip;\n","protected":false},"author":2,"featured_media":123939,"comment_status":"","ping_status":"","sticky":false,"template":"","format":"standard","meta":{"footnotes":""},"categories":[14],"tags":[802,804,820,22,23,26,27,33,31,30,17,2455,683,24,25,803,28,29,15,18,21,805,32,19,20,56,16,59,60,61],"class_list":{"0":"post-123938","1":"post","2":"type-post","3":"status-publish","4":"format-standard","5":"has-post-thumbnail","7":"category-ulkomaat","8":"tag-armeijat-ja-aseelliset-joukot","9":"tag-aseelliset-konfliktit","10":"tag-aseet","11":"tag-breaking-news","12":"tag-breakingnews","13":"tag-featured-news","14":"tag-featurednews","15":"tag-fi","16":"tag-finland","17":"tag-finnish","18":"tag-headlines","19":"tag-hengenvaara-ja-loukkaantuminen","20":"tag-kuolema","21":"tag-latest-news","22":"tag-latestnews","23":"tag-levottomuudet-ja-sodat","24":"tag-main-news","25":"tag-mainnews","26":"tag-news","27":"tag-otsikot","28":"tag-paauutiset","29":"tag-sota","30":"tag-suomi","31":"tag-top-stories","32":"tag-topstories","33":"tag-ulkomaat","34":"tag-uutiset","35":"tag-world","36":"tag-world-news","37":"tag-worldnews"},"share_on_mastodon":{"url":"https:\/\/pubeurope.com\/@fi\/115768449093316454","error":""},"_links":{"self":[{"href":"https:\/\/www.europesays.com\/fi\/wp-json\/wp\/v2\/posts\/123938","targetHints":{"allow":["GET"]}}],"collection":[{"href":"https:\/\/www.europesays.com\/fi\/wp-json\/wp\/v2\/posts"}],"about":[{"href":"https:\/\/www.europesays.com\/fi\/wp-json\/wp\/v2\/types\/post"}],"author":[{"embeddable":true,"href":"https:\/\/www.europesays.com\/fi\/wp-json\/wp\/v2\/users\/2"}],"replies":[{"embeddable":true,"href":"https:\/\/www.europesays.com\/fi\/wp-json\/wp\/v2\/comments?post=123938"}],"version-history":[{"count":0,"href":"https:\/\/www.europesays.com\/fi\/wp-json\/wp\/v2\/posts\/123938\/revisions"}],"wp:featuredmedia":[{"embeddable":true,"href":"https:\/\/www.europesays.com\/fi\/wp-json\/wp\/v2\/media\/123939"}],"wp:attachment":[{"href":"https:\/\/www.europesays.com\/fi\/wp-json\/wp\/v2\/media?parent=123938"}],"wp:term":[{"taxonomy":"category","embeddable":true,"href":"https:\/\/www.europesays.com\/fi\/wp-json\/wp\/v2\/categories?post=123938"},{"taxonomy":"post_tag","embeddable":true,"href":"https:\/\/www.europesays.com\/fi\/wp-json\/wp\/v2\/tags?post=123938"}],"curies":[{"name":"wp","href":"https:\/\/api.w.org\/{rel}","templated":true}]}}