{"id":123950,"date":"2025-12-23T10:58:07","date_gmt":"2025-12-23T10:58:07","guid":{"rendered":"https:\/\/www.europesays.com\/fi\/123950\/"},"modified":"2025-12-23T10:58:07","modified_gmt":"2025-12-23T10:58:07","slug":"venalaiset-palaavat-olympialaisten-makihyppyyn-hs-fi","status":"publish","type":"post","link":"https:\/\/www.europesays.com\/fi\/123950\/","title":{"rendered":"Ven\u00e4l\u00e4iset palaavat olympialaisten m\u00e4kihyppyyn | HS.fi"},"content":{"rendered":"<p>M\u00e4kihyppy|Kansainv\u00e4linen hiihtoliitto p\u00e4ivitti neutraalien urheilijoiden listaansa.<\/p>\n<p class=\"article-body mb-nof-24 px-nof-16\">Ven\u00e4l\u00e4iset ja valkoven\u00e4l\u00e4iset saavat osallistua helmikuun Milano\u2013Cortinan olympialaisiin kansainv\u00e4lisen hiihtoliitto Fisin kisoissa neutraaleina urheilijoina.<\/p>\n<p class=\"article-body mb-nof-24 px-nof-16\">Urheilun kansainv\u00e4linen vetoomustuomioistuin Cas p\u00e4\u00e4tti asiasta joulukuun alussa. Sen j\u00e4lkeen Fis on my\u00f6nt\u00e4nyt neutraalin urheilijan statuksen yhteens\u00e4 21 urheilijalle.<\/p>\n<p class=\"article-body mb-nof-24 px-nof-16\">Fis julkaisi <a class=\"underline underline-offset-[0.12em] [text-decoration-thickness:var(--generic-link-underline-thickness)] [text-decoration-color:var(--generic-link-underline-color)] [text-decoration-skip-ink:var(--generic-link-underline-skip-ink)] break-words\" href=\"https:\/\/www.fis-ski.com\/inside-fis\/news\/2025-26\/fis-publishes-first-list-of-individual-neutral-athletes-ain-cleared-to-participate-in-qualification-events-for-milano-cortina\" rel=\"nofollow noopener\" target=\"_blank\">listan tuoreimman version<\/a> maanantaina. P\u00e4ivitetyll\u00e4 listalla on ensimm\u00e4ist\u00e4 kertaa m\u00e4kihypp\u00e4\u00e4ji\u00e4.<\/p>\n<p class=\"article-body mb-nof-24 px-nof-16\">Mukana ovat ven\u00e4l\u00e4iset <a class=\"article-personlink\" href=\"https:\/\/www.hs.fi\/haku\/?query=Danil%20Sadrejev\" rel=\"nofollow noopener\" target=\"_blank\">Danil Sadrejev<\/a> ja <a class=\"article-personlink\" href=\"https:\/\/www.hs.fi\/haku\/?query=Mihail%20Nazarov\" rel=\"nofollow noopener\" target=\"_blank\">Mihail Nazarov<\/a>. He saattavat palata kansainv\u00e4lisiin kisoihin jo vuodenvaihteessa Keski-Euroopan m\u00e4kiviikolla.<\/p>\n<p class=\"article-body mb-nof-24 px-nof-16\">Ven\u00e4j\u00e4 ja Valko-Ven\u00e4j\u00e4 suljettiin Fisin kilpailuista vuonna 2022, kun Ven\u00e4j\u00e4 oli aloittanut t\u00e4ysimittaisen hy\u00f6kk\u00e4yssodan Ukrainassa.<\/p>\n<p class=\"article-body mb-nof-24 px-nof-16\">Nyt olympialaisiin kelpuutetaan ne urheilijat, jotka t\u00e4ytt\u00e4v\u00e4t Kansainv\u00e4lisen olympiakomitean neutraalille urheilijalle asettamat kriteerit.<\/p>\n<p class=\"article-body mb-nof-24 px-nof-16\">Casin p\u00e4\u00e4t\u00f6ksen j\u00e4lkeen esimerkiksi maastohiihdon maailmancupissa on jo n\u00e4hty ven\u00e4l\u00e4isi\u00e4 urheilijoita.<\/p>\n","protected":false},"excerpt":{"rendered":"M\u00e4kihyppy|Kansainv\u00e4linen hiihtoliitto p\u00e4ivitti neutraalien urheilijoiden listaansa. Ven\u00e4l\u00e4iset ja valkoven\u00e4l\u00e4iset saavat osallistua helmikuun Milano\u2013Cortinan olympialaisiin kansainv\u00e4lisen hiihtoliitto Fisin kisoissa&hellip;\n","protected":false},"author":2,"featured_media":123951,"comment_status":"","ping_status":"","sticky":false,"template":"","format":"standard","meta":{"footnotes":""},"categories":[158],"tags":[33,31,30,46,159,32,160],"class_list":{"0":"post-123950","1":"post","2":"type-post","3":"status-publish","4":"format-standard","5":"has-post-thumbnail","7":"category-urheilu","8":"tag-fi","9":"tag-finland","10":"tag-finnish","11":"tag-helsingin-sanomat","12":"tag-sports","13":"tag-suomi","14":"tag-urheilu"},"share_on_mastodon":{"url":"https:\/\/pubeurope.com\/@fi\/115768531694892526","error":""},"_links":{"self":[{"href":"https:\/\/www.europesays.com\/fi\/wp-json\/wp\/v2\/posts\/123950","targetHints":{"allow":["GET"]}}],"collection":[{"href":"https:\/\/www.europesays.com\/fi\/wp-json\/wp\/v2\/posts"}],"about":[{"href":"https:\/\/www.europesays.com\/fi\/wp-json\/wp\/v2\/types\/post"}],"author":[{"embeddable":true,"href":"https:\/\/www.europesays.com\/fi\/wp-json\/wp\/v2\/users\/2"}],"replies":[{"embeddable":true,"href":"https:\/\/www.europesays.com\/fi\/wp-json\/wp\/v2\/comments?post=123950"}],"version-history":[{"count":0,"href":"https:\/\/www.europesays.com\/fi\/wp-json\/wp\/v2\/posts\/123950\/revisions"}],"wp:featuredmedia":[{"embeddable":true,"href":"https:\/\/www.europesays.com\/fi\/wp-json\/wp\/v2\/media\/123951"}],"wp:attachment":[{"href":"https:\/\/www.europesays.com\/fi\/wp-json\/wp\/v2\/media?parent=123950"}],"wp:term":[{"taxonomy":"category","embeddable":true,"href":"https:\/\/www.europesays.com\/fi\/wp-json\/wp\/v2\/categories?post=123950"},{"taxonomy":"post_tag","embeddable":true,"href":"https:\/\/www.europesays.com\/fi\/wp-json\/wp\/v2\/tags?post=123950"}],"curies":[{"name":"wp","href":"https:\/\/api.w.org\/{rel}","templated":true}]}}