{"id":123958,"date":"2025-12-23T11:03:10","date_gmt":"2025-12-23T11:03:10","guid":{"rendered":"https:\/\/www.europesays.com\/fi\/123958\/"},"modified":"2025-12-23T11:03:10","modified_gmt":"2025-12-23T11:03:10","slug":"yhdysvaltain-presidentti-donald-trumpin-uusi-gronlannin-erityislahettilas-jeff-landry-on-kansainvalisesti-kokematon-konservatiivi-ilmastodenialisti","status":"publish","type":"post","link":"https:\/\/www.europesays.com\/fi\/123958\/","title":{"rendered":"Yhdysvaltain presidentti Donald Trumpin uusi Gr\u00f6nlannin-erityisl\u00e4hettil\u00e4s Jeff Landry on kansainv\u00e4lisesti kokematon konservatiivi ilmastodenialisti"},"content":{"rendered":"<p>Lue tiivistelm\u00e4<\/p>\n<p class=\"article-body mb-nof-24 px-nof-16 sndp-summary-bullet-point-font\">Yhdysvaltain presidentti Donald Trump nimitti sunnuntaina Louisianan kuvern\u00f6\u00f6ri Jeff Landryn Gr\u00f6nlannin-erityisl\u00e4hettil\u00e4\u00e4ksi.<\/p>\n<p class=\"article-body mb-nof-24 px-nof-16 sndp-summary-bullet-point-font\">55-vuotiaalla Landrylla ei ole juuri kokemusta kansainv\u00e4lisist\u00e4 suhteista, mutta h\u00e4n on Trumpin vankkumaton kannattaja ja on tukenut alusta asti ajatusta Gr\u00f6nlannin liitt\u00e4misest\u00e4 Yhdysvaltoihin.<\/p>\n<p class=\"article-body mb-nof-24 px-nof-16 sndp-summary-bullet-point-font\">Trump sanoi maanantaina Floridassa, ett\u00e4 Yhdysvallat tarvitsee Gr\u00f6nlannin kansallisen turvallisuutensa vuoksi.<\/p>\n<p class=\"article-body mb-nof-24 px-nof-16 sndp-summary-bullet-point-font\">Tanskan ja Gr\u00f6nlannin p\u00e4\u00e4ministerit vastasivat yhteislausunnossa, ett\u00e4 Gr\u00f6nlanti kuuluu gr\u00f6nlantilaisille eik\u00e4 Yhdysvallat tule saamaan sit\u00e4.<\/p>\n<p class=\"article-body mb-nof-24 px-nof-16\">Yhdysvaltain presidentti <a class=\"article-personlink\" href=\"https:\/\/www.hs.fi\/haku\/?query=Donald%20Trump\" rel=\"nofollow noopener\" target=\"_blank\">Donald Trump<\/a> <a class=\"underline underline-offset-[0.12em] [text-decoration-thickness:var(--generic-link-underline-thickness)] [text-decoration-color:var(--generic-link-underline-color)] [text-decoration-skip-ink:var(--generic-link-underline-skip-ink)] break-words\" href=\"https:\/\/www.hs.fi\/maailma\/art-2000011709484.html\" rel=\"nofollow noopener\" target=\"_blank\">nimitti<\/a> sunnuntaina maan Gr\u00f6nlannin-erityisl\u00e4hettil\u00e4\u00e4ksi <a class=\"article-personlink\" href=\"https:\/\/www.hs.fi\/haku\/?query=Jeff%20Landryn\" rel=\"nofollow noopener\" target=\"_blank\">Jeff Landryn<\/a>, joka on Louisianan osavaltion republikaanikuvern\u00f6\u00f6ri.<\/p>\n<p class=\"article-body mb-nof-24 px-nof-16\">Nimitysuutisen j\u00e4lkeen Landry <a class=\"underline underline-offset-[0.12em] [text-decoration-thickness:var(--generic-link-underline-thickness)] [text-decoration-color:var(--generic-link-underline-color)] [text-decoration-skip-ink:var(--generic-link-underline-skip-ink)] break-words\" href=\"https:\/\/x.com\/LAGovJeffLandry\/status\/2002950029494124986?ref_src=twsrc%5Etfw%7Ctwcamp%5Etweetembed%7Ctwterm%5E2002950029494124986%7Ctwgr%5Ed00d9a88e7776bbdddbdcff7fd8696eadd835f03%7Ctwcon%5Es1_&amp;ref_url=https%3A%2F%2Fembed.sanoma-sndp.fi%2Fext%2Fembed%2F%3Furl%3Dhttps3A2F2Ftwitter.com2FLAGovJeffLandry2Fstatus2F2002950029494124986\" rel=\"nofollow\">kirjoitti X:ss\u00e4<\/a>, ett\u00e4 nimityksen tarkoitus on liitt\u00e4\u00e4 Gr\u00f6nlanti osaksi Yhdysvaltoja, mik\u00e4 nostatti vastalauseita Euroopasta.<\/p>\n<p class=\"article-body mb-nof-24 px-nof-16\">Landry itse kuvaili nimityst\u00e4\u00e4n \u201dvapaaehtoisteht\u00e4v\u00e4ksi\u201d ja sanoi, ettei uusi rooli vaikuta h\u00e4nen teht\u00e4viins\u00e4 kuvern\u00f6\u00f6rin\u00e4. Uuden roolin tarkka toimenkuva ei ole tiedossa.<\/p>\n<p class=\"article-body mb-nof-24 px-nof-16\">Presidentti voi nimitt\u00e4\u00e4 erityisl\u00e4hettil\u00e4\u00e4n hoitamaan esimerkiksi kansainv\u00e4lisi\u00e4 kriisej\u00e4, kuten Ukrainassa tai L\u00e4hi-id\u00e4ss\u00e4, tai hoitamaan muita t\u00e4rkein\u00e4 pit\u00e4mi\u00e4\u00e4n aiheita.<\/p>\n<p class=\"article-body mb-nof-24 px-nof-16\">Kuka on Jeff Landry?<\/p>\n<p><img decoding=\"async\" src=\"https:\/\/www.europesays.com\/fi\/wp-content\/uploads\/2025\/12\/1766487789_902_468.jpg\" alt=\"Jeff Landry kertoo verkkosivuillaan perhe- ja ty\u00f6taustastaan. H\u00e4nen l\u00e4hiperheeseens\u00e4 kuuluvat vaimo Sharon ja poika JT.\" class=\"_Img_1rerz_1\" style=\"aspect-ratio:1\" loading=\"eager\"\/><\/p>\n<p class=\"article-picture-caption\">Jeff Landry kertoo verkkosivuillaan perhe- ja ty\u00f6taustastaan. H\u00e4nen l\u00e4hiperheeseens\u00e4 kuuluvat vaimo Sharon ja poika JT. Kuva:\u00a0Kuvakaappaus Landryn verkkosivuilta<\/p>\n<p>Tukenut Gr\u00f6nlannin haltuun ottamista alusta asti<\/p>\n<p class=\"article-body mb-nof-24 px-nof-16\">55-vuotiaalla Landrylla ei ole juuri mink\u00e4\u00e4nlaista kokemusta kansainv\u00e4lisest\u00e4 suhteista, kertoo <a class=\"underline underline-offset-[0.12em] [text-decoration-thickness:var(--generic-link-underline-thickness)] [text-decoration-color:var(--generic-link-underline-color)] [text-decoration-skip-ink:var(--generic-link-underline-skip-ink)] break-words\" href=\"https:\/\/www.nytimes.com\/2025\/12\/22\/us\/jeff-landry-greenland-envoy-trump.html?unlocked_article_code=1.-08.q4_F.uAmatEdv2dL-&amp;smid=url-share\" rel=\"nofollow noopener\" target=\"_blank\">The New York Times<\/a>. Kuvern\u00f6\u00f6rin <a class=\"underline underline-offset-[0.12em] [text-decoration-thickness:var(--generic-link-underline-thickness)] [text-decoration-color:var(--generic-link-underline-color)] [text-decoration-skip-ink:var(--generic-link-underline-skip-ink)] break-words\" href=\"https:\/\/www.opportunitylouisiana.gov\/news\/governor-landry-leads-louisiana-delegation-to-international-paris-air-show\" rel=\"nofollow noopener\" target=\"_blank\">verkkosivuilta<\/a> k\u00e4y ilmi, ett\u00e4 kes\u00e4kuussa h\u00e4n johti osavaltionsa delegaatiota Pariisin kansainv\u00e4liseen ilmailun\u00e4yttelyyn.<\/p>\n<p class=\"article-body mb-nof-24 px-nof-16\">Trump on kuitenkin aikaisemminkin asettanut itselleen l\u00e4heisi\u00e4, ulkopoliittisesti kokemattomia henkil\u00f6it\u00e4 hoitamaan esimerkiksi Ukrainan ja L\u00e4hi-Id\u00e4n konflikteja.<\/p>\n<p class=\"article-body mb-nof-24 px-nof-16\">Landry onkin Trumpin ja t\u00e4m\u00e4n politiikan vankkumaton kannattaja. H\u00e4n on my\u00f6s tukenut alusta asti Trumpin ajatusta siit\u00e4, ett\u00e4 Yhdysvaltojen olisi saatava Gr\u00f6nlanti.<\/p>\n<p class=\"article-body mb-nof-24 px-nof-16\">\u201dPresidentti Donald J. Trump on t\u00e4ysin oikeassa!\u201d, Landry kirjoitti X-tilill\u00e4\u00e4n tammikuussa, jolloin Trump ensimm\u00e4ist\u00e4 kertaa <a class=\"underline underline-offset-[0.12em] [text-decoration-thickness:var(--generic-link-underline-thickness)] [text-decoration-color:var(--generic-link-underline-color)] [text-decoration-skip-ink:var(--generic-link-underline-skip-ink)] break-words\" href=\"https:\/\/www.hs.fi\/maailma\/art-2000010948363.html\" rel=\"nofollow noopener\" target=\"_blank\">ilmoitti<\/a> haluavansa Gr\u00f6nlannin osaksi Yhdysvaltoja.<\/p>\n<p class=\"article-body mb-nof-24 px-nof-16\">\u201dMeid\u00e4n on varmistettava, ett\u00e4 Gr\u00f6nlanti liittyy Yhdysvaltoihin. MAHTAVAA heille, MAHTAVAA meille! Tehd\u00e4\u00e4n se!\u201d<\/p>\n<p>Trumpille uskollinen konservatiivi ja fossiiliteollisuuden puolustaja<\/p>\n<p class=\"article-body mb-nof-24 px-nof-16\">Landry on toiminut Louisianan osavaltion 57. kuvern\u00f6\u00f6rin\u00e4 vuodesta 2024 alkaen.<\/p>\n<p class=\"article-body mb-nof-24 px-nof-16\">Kuvern\u00f6\u00f6rin\u00e4 Landry on k\u00e4\u00e4nt\u00e4nyt Louisianaa yh\u00e4 enemm\u00e4n oikealle. <a class=\"underline underline-offset-[0.12em] [text-decoration-thickness:var(--generic-link-underline-thickness)] [text-decoration-color:var(--generic-link-underline-color)] [text-decoration-skip-ink:var(--generic-link-underline-skip-ink)] break-words\" href=\"https:\/\/jefflandry.com\/values\/\" rel=\"nofollow noopener\" target=\"_blank\">Verkkosivuillaan<\/a> h\u00e4n kertoo konservatiivisista perhearvoistaan sek\u00e4 muun muassa \u201dwoken\u201d ja abortin vastustuksestaan. Louisianan aborttilaki on Yhdysvaltojen tiukimpia.<\/p>\n<p class=\"article-body mb-nof-24 px-nof-16\">Landry kertoo Lousianan kuvern\u00f6\u00f6rin\u00e4 taistelevansa my\u00f6s osavaltion rikollisuutta ja laitonta maahanmuuttoa vastaan, ja on tukenut Trumpin p\u00e4\u00e4t\u00f6st\u00e4 l\u00e4hett\u00e4\u00e4 kansalliskaartin sotilaita eri osavaltioihin.<\/p>\n<p class=\"article-body mb-nof-24 px-nof-16\">Ennen kuvern\u00f6\u00f6ripesti\u00e4\u00e4n Landry ty\u00f6skenteli osavaltion oikeusministerin\u00e4 kahdeksan vuoden ajan vuodesta 2016. Pestiss\u00e4\u00e4n h\u00e4n taisteli toistuvasti demokraattipresidentti <a class=\"article-personlink\" href=\"https:\/\/www.hs.fi\/haku\/?query=Joe%20Bidenin\" rel=\"nofollow noopener\" target=\"_blank\">Joe Bidenin<\/a> hallituksen politiikkaa vastaan \u200b\u200boikeudessa, kertovat muun muassa The New York Times ja paikallinen <a class=\"underline underline-offset-[0.12em] [text-decoration-thickness:var(--generic-link-underline-thickness)] [text-decoration-color:var(--generic-link-underline-color)] [text-decoration-skip-ink:var(--generic-link-underline-skip-ink)] break-words\" href=\"https:\/\/lailluminator.com\/2023\/11\/09\/louisiana-governor\/\" rel=\"nofollow noopener\" target=\"_blank\">Louisiana Illuminator -lehti<\/a>.<\/p>\n<p class=\"article-body mb-nof-24 px-nof-16\">Oikeustaistelut koskivat muun muassa koronarokotepaketteja, ymp\u00e4rist\u00f6s\u00e4\u00e4nn\u00f6ksi\u00e4 ja pyrkimyksi\u00e4 rajoittaa tehd\u00e4 harhaanjohtavien tai v\u00e4\u00e4rien teorioiden levi\u00e4mist\u00e4 sosiaalisessa mediassa.<\/p>\n<p class=\"article-body mb-nof-24 px-nof-16\">Landry on puolustanut voimakkaasti erityisesti \u00f6ljy- ja kaasuteollisuutta ja on fossiilialan voimakkaita tukijoita. Ilmastonmuutosta Landry on <a class=\"underline underline-offset-[0.12em] [text-decoration-thickness:var(--generic-link-underline-thickness)] [text-decoration-color:var(--generic-link-underline-color)] [text-decoration-skip-ink:var(--generic-link-underline-skip-ink)] break-words\" href=\"https:\/\/lailluminator.com\/2024\/02\/07\/landry-climate\/\" rel=\"nofollow noopener\" target=\"_blank\">kutsunut huijaukseksi<\/a>.<\/p>\n<p class=\"article-body mb-nof-24 px-nof-16\">H\u00e4n on lis\u00e4ksi toiminut vuosien ajan Louisianan kansalliskaartissa, varaseriffin\u00e4 sek\u00e4 yhden kauden ajan lains\u00e4\u00e4t\u00e4j\u00e4n\u00e4 Yhdysvaltain edustajainhuoneessa.<\/p>\n<p class=\"article-body mb-nof-24 px-nof-16\">Landryn perheeseen <a class=\"underline underline-offset-[0.12em] [text-decoration-thickness:var(--generic-link-underline-thickness)] [text-decoration-color:var(--generic-link-underline-color)] [text-decoration-skip-ink:var(--generic-link-underline-skip-ink)] break-words\" href=\"https:\/\/gov.louisiana.gov\/page\/meet-the-governor\" rel=\"nofollow noopener\" target=\"_blank\">kuuluvat<\/a> vaimo <a class=\"article-personlink\" href=\"https:\/\/www.hs.fi\/haku\/?query=Sharon\" rel=\"nofollow noopener\" target=\"_blank\">Sharon<\/a> ja poika <a class=\"article-personlink\" href=\"https:\/\/www.hs.fi\/haku\/?query=JT\" rel=\"nofollow noopener\" target=\"_blank\">JT<\/a>.<\/p>\n<p><img decoding=\"async\" src=\"https:\/\/www.europesays.com\/fi\/wp-content\/uploads\/2025\/12\/1766487789_62_468.jpg\" alt=\"Landry esiintyi helmikuussa radiovierailun Super Bowlin mediakeskuksessa.\" class=\"_Img_1rerz_1\" style=\"aspect-ratio:1.5\" loading=\"eager\"\/><\/p>\n<p class=\"article-picture-caption\">Landry esiintyi helmikuussa radiovierailun Super Bowlin mediakeskuksessa. Kuva:\u00a0Kirby Lee \/ Zuma<\/p>\n<p><img decoding=\"async\" src=\"https:\/\/www.europesays.com\/fi\/wp-content\/uploads\/2025\/12\/1766487790_622_468.jpg\" alt=\"Vuonna 2022 Landry puhui konservatiivisia vaikuttajia ja poliitikkoja yhteen kokoavassa konferenssissa Texasissa. H\u00e4n toimi tuolloin Louisianan oikeusministerin\u00e4.\" class=\"_Img_1rerz_1\" style=\"aspect-ratio:1.5\" loading=\"eager\"\/><\/p>\n<p class=\"article-picture-caption\">Vuonna 2022 Landry puhui konservatiivisia vaikuttajia ja poliitikkoja yhteen kokoavassa konferenssissa Texasissa. H\u00e4n toimi tuolloin Louisianan oikeusministerin\u00e4. Kuva:\u00a0Lev Radin \/ Pacific Press <\/p>\n<p class=\"article-body mb-nof-24 px-nof-16\">Trumpin nimitys ja Landryn kommentti nostattivat Euroopassa vastustusta maanantaina.<\/p>\n<p class=\"article-body mb-nof-24 px-nof-16\">T\u00e4st\u00e4 huolimatta Trump toisti, ett\u00e4 Yhdysvaltojen on kansallisen turvallisuutensa vuoksi saatava Gr\u00f6nlanti.<\/p>\n<p class=\"article-body mb-nof-24 px-nof-16\">\u201dTarvitsemme Gr\u00f6nlannin kansallisen turvallisuutemme vuoksi. Emme mineraalien takia\u201d, Trump kertoi lehdist\u00f6lle maanantaina Floridan Palm Beachill\u00e4, kertovat uutistoimistot Reuters ja AFP.<\/p>\n<p class=\"article-body mb-nof-24 px-nof-16\">Jo nykyisell\u00e4\u00e4n <a class=\"underline underline-offset-[0.12em] [text-decoration-thickness:var(--generic-link-underline-thickness)] [text-decoration-color:var(--generic-link-underline-color)] [text-decoration-skip-ink:var(--generic-link-underline-skip-ink)] break-words\" href=\"https:\/\/www.hs.fi\/maailma\/art-2000011129686.html\" rel=\"nofollow noopener\" target=\"_blank\">Yhdysvalloilla on Gr\u00f6nlannissa sotilastukikohta<\/a> Pituffik Space Base. Yhdysvaltojen <a class=\"underline underline-offset-[0.12em] [text-decoration-thickness:var(--generic-link-underline-thickness)] [text-decoration-color:var(--generic-link-underline-color)] [text-decoration-skip-ink:var(--generic-link-underline-skip-ink)] break-words\" href=\"https:\/\/www.petersonschriever.spaceforce.mil\/Pituffik-SB-Greenland\/\" rel=\"nofollow noopener\" target=\"_blank\">avaruusvoimien sivujen mukaan<\/a> Gr\u00f6nlanti tarjoaa strategisen sijainnin Yhdysvaltain ohjuspuolustus- ja avaruusvalvontateht\u00e4ville.<\/p>\n<p class=\"article-body mb-nof-24 px-nof-16\">Tanskan p\u00e4\u00e4ministeri <a class=\"article-personlink\" href=\"https:\/\/www.hs.fi\/haku\/?query=Mette%20Frederiksen\" rel=\"nofollow noopener\" target=\"_blank\">Mette Frederiksen<\/a> ja Gr\u00f6nlannin p\u00e4\u00e4ministeri <a class=\"article-personlink\" href=\"https:\/\/www.hs.fi\/haku\/?query=Jens-Frederik%20Nielsen\" rel=\"nofollow noopener\" target=\"_blank\">Jens-Frederik Nielsen<\/a> julkaisivat maanantaina yhteislausunnon, jossa he toistivat viestins\u00e4 kansallisten rajojen ja valtioiden koskemattomuudesta.<\/p>\n<p class=\"article-body mb-nof-24 px-nof-16\">\u201dGr\u00f6nlanti kuuluu gr\u00f6nlantilaisille eik\u00e4 Yhdysvallat tule saamaan Gr\u00f6nlantia.\u201d<\/p>\n<p><script async src=\"https:\/\/platform.twitter.com\/widgets.js\" charset=\"utf-8\"><\/script><\/p>\n","protected":false},"excerpt":{"rendered":"Lue tiivistelm\u00e4 Yhdysvaltain presidentti Donald Trump nimitti sunnuntaina Louisianan kuvern\u00f6\u00f6ri Jeff Landryn Gr\u00f6nlannin-erityisl\u00e4hettil\u00e4\u00e4ksi. 55-vuotiaalla Landrylla ei ole juuri&hellip;\n","protected":false},"author":2,"featured_media":123959,"comment_status":"","ping_status":"","sticky":false,"template":"","format":"standard","meta":{"footnotes":""},"categories":[14],"tags":[22,23,26,27,33,31,30,17,46,24,25,28,29,15,18,21,32,19,20,56,16,59,60,61],"class_list":{"0":"post-123958","1":"post","2":"type-post","3":"status-publish","4":"format-standard","5":"has-post-thumbnail","7":"category-ulkomaat","8":"tag-breaking-news","9":"tag-breakingnews","10":"tag-featured-news","11":"tag-featurednews","12":"tag-fi","13":"tag-finland","14":"tag-finnish","15":"tag-headlines","16":"tag-helsingin-sanomat","17":"tag-latest-news","18":"tag-latestnews","19":"tag-main-news","20":"tag-mainnews","21":"tag-news","22":"tag-otsikot","23":"tag-paauutiset","24":"tag-suomi","25":"tag-top-stories","26":"tag-topstories","27":"tag-ulkomaat","28":"tag-uutiset","29":"tag-world","30":"tag-world-news","31":"tag-worldnews"},"share_on_mastodon":{"url":"https:\/\/pubeurope.com\/@fi\/115768551578425227","error":""},"_links":{"self":[{"href":"https:\/\/www.europesays.com\/fi\/wp-json\/wp\/v2\/posts\/123958","targetHints":{"allow":["GET"]}}],"collection":[{"href":"https:\/\/www.europesays.com\/fi\/wp-json\/wp\/v2\/posts"}],"about":[{"href":"https:\/\/www.europesays.com\/fi\/wp-json\/wp\/v2\/types\/post"}],"author":[{"embeddable":true,"href":"https:\/\/www.europesays.com\/fi\/wp-json\/wp\/v2\/users\/2"}],"replies":[{"embeddable":true,"href":"https:\/\/www.europesays.com\/fi\/wp-json\/wp\/v2\/comments?post=123958"}],"version-history":[{"count":0,"href":"https:\/\/www.europesays.com\/fi\/wp-json\/wp\/v2\/posts\/123958\/revisions"}],"wp:featuredmedia":[{"embeddable":true,"href":"https:\/\/www.europesays.com\/fi\/wp-json\/wp\/v2\/media\/123959"}],"wp:attachment":[{"href":"https:\/\/www.europesays.com\/fi\/wp-json\/wp\/v2\/media?parent=123958"}],"wp:term":[{"taxonomy":"category","embeddable":true,"href":"https:\/\/www.europesays.com\/fi\/wp-json\/wp\/v2\/categories?post=123958"},{"taxonomy":"post_tag","embeddable":true,"href":"https:\/\/www.europesays.com\/fi\/wp-json\/wp\/v2\/tags?post=123958"}],"curies":[{"name":"wp","href":"https:\/\/api.w.org\/{rel}","templated":true}]}}