{"id":123960,"date":"2025-12-23T11:04:08","date_gmt":"2025-12-23T11:04:08","guid":{"rendered":"https:\/\/www.europesays.com\/fi\/123960\/"},"modified":"2025-12-23T11:04:08","modified_gmt":"2025-12-23T11:04:08","slug":"kauniaisten-granibackanin-laskettelukeskukseen-kaavaillaan-jattimaista-hyppypatjaa","status":"publish","type":"post","link":"https:\/\/www.europesays.com\/fi\/123960\/","title":{"rendered":"Kauniaisten Granibackanin laskettelukeskukseen kaavaillaan j\u00e4ttim\u00e4ist\u00e4 hyppypatjaa"},"content":{"rendered":"<p>Innovaatiot|Laskettelukeskuksen patjaostos mahdollistaisi freestyle-laskettelun ja lumilautailun harjoittelun kes\u00e4aikaan.<\/p>\n<p>Lue tiivistelm\u00e4<\/p>\n<p class=\"article-body mb-nof-24 px-nof-16 sndp-summary-bullet-point-font\">Kauniaisten laskettelukeskus suunnittelee Suomen ensimm\u00e4isen j\u00e4ttim\u00e4isen hyppypatjan rakentamista freestyle-laskettelun ja lumilautailun harjoitteluun kes\u00e4aikaan.<\/p>\n<p class=\"article-body mb-nof-24 px-nof-16 sndp-summary-bullet-point-font\">Gr IFK Alpine -seuran toiminnanjohtaja Mikko Heiskanen kertoo, ett\u00e4 patjalle on kysynt\u00e4\u00e4, sill\u00e4 ilmastonmuutos vaikeuttaa harjoittelumatkoja ulkomaille.<\/p>\n<p class=\"article-body mb-nof-24 px-nof-16 sndp-summary-bullet-point-font\">Hanke edellytt\u00e4\u00e4 Kauniaisten kaupungin sitoutumista laskettelukeskuksen pitk\u00e4n aikav\u00e4lin kehitt\u00e4miseen, ja kaupunginvaltuusto k\u00e4sittelee asiaa ensi vuonna.<\/p>\n<p class=\"article-body mb-nof-24 px-nof-16 sndp-summary-bullet-point-font\">Jos suunnitelmat etenev\u00e4t, patjalla voitaisiin harjoitella jo kes\u00e4ll\u00e4 2026.<\/p>\n<p class=\"article-body mb-nof-24 px-nof-16\">Kauniaisten laskettelukeskus kaavailee jotain, mit\u00e4 Suomessa ei ole aiemmin n\u00e4hty: j\u00e4ttim\u00e4isen hyppypatjan rakentamista.<\/p>\n<p class=\"article-body mb-nof-24 px-nof-16\">Kyseess\u00e4 olisi ilmat\u00e4ytteinen hyppypatja, joka mahdollistaisi freestyle-laskettelun ja lumilautailun harjoittelun kes\u00e4aikaan.<\/p>\n<p class=\"article-body mb-nof-24 px-nof-16\">T\u00e4ll\u00e4 hetkell\u00e4 kyse on vasta suunnitelmasta, mutta tunnelma on jo aika optimistinen.<\/p>\n<p class=\"article-body mb-nof-24 px-nof-16\">\u201dJos meill\u00e4 p\u00e4in ei parin vuoden sis\u00e4ll\u00e4 hypit\u00e4, niin varmasti jossain p\u00e4in p\u00e4\u00e4kaupunkiseutua hypit\u00e4\u00e4n. Olisihan se hienoa, jos paikka olisi Kauniaisissa\u201d, sanoo Gr IFK Alpine:n toiminnanjohtaja <a class=\"article-personlink\" href=\"https:\/\/www.hs.fi\/haku\/?query=Mikko%20Heiskanen\" rel=\"nofollow noopener\" target=\"_blank\">Mikko Heiskanen<\/a>.<\/p>\n<p class=\"article-body mb-nof-24 px-nof-16\">Seura operoi kaupungin omistamaa Granibackenin laskettelukeskusta.<\/p>\n<p class=\"article-body mb-nof-24 px-nof-16\">Kysynt\u00e4\u00e4 patjalle Heiskasen mukaan on. T\u00e4ll\u00e4 hetkell\u00e4 lajin harrastajat matkustavat harjoittelemaan lumen ja patjojen per\u00e4ss\u00e4 ulkomaille. Ilmastonmuutoksen vuoksi t\u00e4m\u00e4 k\u00e4y kuitenkin vuosi vuodelta hankalammaksi.<\/p>\n<p class=\"article-body mb-nof-24 px-nof-16\">Gr IFK Alpinen haaveissa on kaksi patjaa. Toinen olisi 45 metri\u00e4, toinen puolet siit\u00e4. Lis\u00e4ksi rinteeseen tulisi vauhdinottoalue ja hyppyri, joiden rakentamisessa hy\u00f6dynnett\u00e4isiin rinteen profiilia. Pidempi patja olisi tarkoitettu olympiatason ammattilaisille ja toinen aloittelijoille.<\/p>\n<p class=\"article-body mb-nof-24 px-nof-16\">Patjat tulisivat laskettelukeskuksen juurelta katsottuna hissin vasemmalle puolelle. T\u00e4ll\u00e4 hetkell\u00e4 alue on kes\u00e4isin tyhjill\u00e4\u00e4n. Hissin toiselle puolelle s\u00e4il\u00f6t\u00e4\u00e4n lumet.<\/p>\n<p class=\"article-body mb-nof-24 px-nof-16\">\u201dKyseess\u00e4 olisivat purettavat sesonkirakenteet. Haluan korostaa, ett\u00e4 talvitoiminta jatkuisi entisell\u00e4\u00e4n\u201d, Heiskanen sanoo.<\/p>\n<p class=\"article-body mb-nof-24 px-nof-16\">\u201dYdintoimintamme tulee olemaan jatkossakin valmennustoiminnassa ja hiihtokoulussa.\u201d<\/p>\n<p class=\"article-body mb-nof-24 px-nof-16\">Patjat toimittaisi eurooppalainen valmistaja. Heiskanen ei kommentoi tarkkaa hankinnan hintaa, mutta kertoo kokonaisuuden olevan arvokas.<\/p>\n<p class=\"article-body mb-nof-24 px-nof-16\">Ennen lopullisen hankintap\u00e4\u00e4t\u00f6ksen tekemist\u00e4 seura haluaa kuitenkin viel\u00e4, ett\u00e4 my\u00f6s kaupungin sitoutuminen liikuntapaikan pitk\u00e4naikav\u00e4lin kehitt\u00e4miseen vahvistettua.<\/p>\n<p class=\"article-body mb-nof-24 px-nof-16\">Kaupunginvaltuustoon saapuu ensi vuoden puolella esitys, jolla varattaisiin m\u00e4\u00e4r\u00e4rahat laskettelurinteelle seitsem\u00e4ksi vuodeksi eteenp\u00e4in. Kaupunginhallitus on jo puoltanut asiaa.<\/p>\n<p class=\"article-body mb-nof-24 px-nof-16\">\u201dIlman monivuotista sopimusta kaikki hankkeet ovat seuralle liian iso riski\u201d, Heiskanen sanoo.<\/p>\n<p class=\"article-body mb-nof-24 px-nof-16\">Jos kaikki sujuu hyvin, patjalla voitaisiin p\u00e4\u00e4st\u00e4 harjoittelemaan jo kes\u00e4ll\u00e4 2026.<\/p>\n<p class=\"article-body mb-nof-24 px-nof-16\">Asiasta kertoi aiemmin <a class=\"underline underline-offset-[0.12em] [text-decoration-thickness:var(--generic-link-underline-thickness)] [text-decoration-color:var(--generic-link-underline-color)] [text-decoration-skip-ink:var(--generic-link-underline-skip-ink)] break-words\" href=\"https:\/\/www.lansivayla.fi\/paikalliset\/9082568\" rel=\"nofollow noopener\" target=\"_blank\">L\u00e4nsiv\u00e4yl\u00e4<\/a>.<\/p>\n","protected":false},"excerpt":{"rendered":"Innovaatiot|Laskettelukeskuksen patjaostos mahdollistaisi freestyle-laskettelun ja lumilautailun harjoittelun kes\u00e4aikaan. Lue tiivistelm\u00e4 Kauniaisten laskettelukeskus suunnittelee Suomen ensimm\u00e4isen j\u00e4ttim\u00e4isen hyppypatjan rakentamista&hellip;\n","protected":false},"author":2,"featured_media":123961,"comment_status":"","ping_status":"","sticky":false,"template":"","format":"standard","meta":{"footnotes":""},"categories":[12],"tags":[22,23,26,27,33,31,30,17,46,24,25,28,29,15,18,21,32,19,20,16],"class_list":{"0":"post-123960","1":"post","2":"type-post","3":"status-publish","4":"format-standard","5":"has-post-thumbnail","7":"category-suomi","8":"tag-breaking-news","9":"tag-breakingnews","10":"tag-featured-news","11":"tag-featurednews","12":"tag-fi","13":"tag-finland","14":"tag-finnish","15":"tag-headlines","16":"tag-helsingin-sanomat","17":"tag-latest-news","18":"tag-latestnews","19":"tag-main-news","20":"tag-mainnews","21":"tag-news","22":"tag-otsikot","23":"tag-paauutiset","24":"tag-suomi","25":"tag-top-stories","26":"tag-topstories","27":"tag-uutiset"},"share_on_mastodon":{"url":"https:\/\/pubeurope.com\/@fi\/115768555272716143","error":""},"_links":{"self":[{"href":"https:\/\/www.europesays.com\/fi\/wp-json\/wp\/v2\/posts\/123960","targetHints":{"allow":["GET"]}}],"collection":[{"href":"https:\/\/www.europesays.com\/fi\/wp-json\/wp\/v2\/posts"}],"about":[{"href":"https:\/\/www.europesays.com\/fi\/wp-json\/wp\/v2\/types\/post"}],"author":[{"embeddable":true,"href":"https:\/\/www.europesays.com\/fi\/wp-json\/wp\/v2\/users\/2"}],"replies":[{"embeddable":true,"href":"https:\/\/www.europesays.com\/fi\/wp-json\/wp\/v2\/comments?post=123960"}],"version-history":[{"count":0,"href":"https:\/\/www.europesays.com\/fi\/wp-json\/wp\/v2\/posts\/123960\/revisions"}],"wp:featuredmedia":[{"embeddable":true,"href":"https:\/\/www.europesays.com\/fi\/wp-json\/wp\/v2\/media\/123961"}],"wp:attachment":[{"href":"https:\/\/www.europesays.com\/fi\/wp-json\/wp\/v2\/media?parent=123960"}],"wp:term":[{"taxonomy":"category","embeddable":true,"href":"https:\/\/www.europesays.com\/fi\/wp-json\/wp\/v2\/categories?post=123960"},{"taxonomy":"post_tag","embeddable":true,"href":"https:\/\/www.europesays.com\/fi\/wp-json\/wp\/v2\/tags?post=123960"}],"curies":[{"name":"wp","href":"https:\/\/api.w.org\/{rel}","templated":true}]}}