{"id":123962,"date":"2025-12-23T11:05:08","date_gmt":"2025-12-23T11:05:08","guid":{"rendered":"https:\/\/www.europesays.com\/fi\/123962\/"},"modified":"2025-12-23T11:05:08","modified_gmt":"2025-12-23T11:05:08","slug":"wp-lisaa-epstein-asiakirjoja-julki-fbi-oli-seurannut-sijoittajan-kiinteistobisnesta-aiemmin-yle","status":"publish","type":"post","link":"https:\/\/www.europesays.com\/fi\/123962\/","title":{"rendered":"WP: Lis\u00e4\u00e4 Epstein-asiakirjoja julki \u2013 FBI oli seurannut sijoittajan kiinteist\u00f6bisnest\u00e4 aiemmin &#8211; Yle"},"content":{"rendered":"<ol>\n<li><a href=\"https:\/\/news.google.com\/rss\/articles\/CBMiQkFVX3lxTE5EQ1VWS2VPUldZUDdJUENCbXR4VHJGa2NNR29lQ1dkSThNeS1lY0dWSVVjUjREY1JRR05HM1QzZVlNdw?oc=5\" target=\"_blank\" rel=\"nofollow noopener\">WP: Lis\u00e4\u00e4 Epstein-asiakirjoja julki \u2013 FBI oli seurannut sijoittajan kiinteist\u00f6bisnest\u00e4 aiemmin<\/a>&nbsp;&nbsp;Yle<\/li>\n<li><a href=\"https:\/\/news.google.com\/rss\/articles\/CBMifEFVX3lxTE1menFnQW9fSHJVdEZHUHljTXdXUkdWLV9wYnJTUUVFdkc1QTAzMnM4MmtGLW1sMm53S3l2andYTnV5c282SmJOYzVzaVI1emk4cmJhdmpFOWdlUFROOG5vX0RvMllBWjV2X2FKUkc3VEc5VmMzUVhaRUUwc3Y?oc=5\" target=\"_blank\" rel=\"nofollow noopener\">Trumpin hallinto j\u00e4i kiinni t\u00f6rkytempusta \u2013 \u201dKuinka kehtaatte\u201d<\/a>&nbsp;&nbsp;Iltalehti<\/li>\n<li><a href=\"https:\/\/news.google.com\/rss\/articles\/CBMiXEFVX3lxTE9Vd01mWVpKa1dRRkRrYlF3RWhoU3pDQWhhSHBvNGdsU1M2U191SHVVMWptM3FwSGV1bW1PVVVLamdPVFVDbzhNRzBMYzlTQk80NTV4R1ZwcXdpTExQ?oc=5\" target=\"_blank\" rel=\"nofollow noopener\">Yhdysvallat | Pam Bondia yritet\u00e4\u00e4n painostaa julkaisemaan Epstein-paperit harvinaisella pakkokeinolla<\/a>&nbsp;&nbsp;HS.fi<\/li>\n<li><a href=\"https:\/\/news.google.com\/rss\/articles\/CBMiXkFVX3lxTE82eFpvdEx6YzV0WkMwUERRdW9vNkJZZjgyVUg0Nlk0dGRmUXh0RlVGZUZMT2pteDBUYldoZXdla3lLcG9SNG5MbTJoakpMYThVNTFwRUwyY0JrQS1wd3c?oc=5\" target=\"_blank\" rel=\"nofollow noopener\">Oudosti kadonnut Trump-kuva ilmestyi takaisin Epstein-aineistoon<\/a>&nbsp;&nbsp;Ilta-Sanomat<\/li>\n<li><a href=\"https:\/\/news.google.com\/rss\/articles\/CBMiZ0FVX3lxTFBkOWwwZjh2RkVuTUh6LXRTZExGbGprdlJiNnQ4eW1nTXNHdzRLY0VqRHgtSzZOUXBybzZLWFhUSExNbktLTURrb3Y5YW81MVp6LUpPaU13VDBVdm5Ma1ZnWExLb1RYa00?oc=5\" target=\"_blank\" rel=\"nofollow noopener\">Clintonin kanslia vaatii Epstein-aineiston l\u00e4pin\u00e4kyv\u00e4mp\u00e4\u00e4 julkaisemista \u2013 Trump kommentoi aineistoa ensi kertaa julkaisun j\u00e4lkeen<\/a>&nbsp;&nbsp;Aamulehti<\/li>\n<\/ol>\n","protected":false},"excerpt":{"rendered":"WP: Lis\u00e4\u00e4 Epstein-asiakirjoja julki \u2013 FBI oli seurannut sijoittajan kiinteist\u00f6bisnest\u00e4 aiemmin&nbsp;&nbsp;Yle Trumpin hallinto j\u00e4i kiinni t\u00f6rkytempusta \u2013 \u201dKuinka&hellip;\n","protected":false},"author":2,"featured_media":123963,"comment_status":"","ping_status":"","sticky":false,"template":"","format":"standard","meta":{"footnotes":""},"categories":[5],"tags":[22,23,636,26,27,33,31,30,17,11121,70,24,25,28,29,15,2750,18,21,4353,32,19,20,56,16],"class_list":{"0":"post-123962","1":"post","2":"type-post","3":"status-publish","4":"format-standard","5":"has-post-thumbnail","7":"category-otsikot","8":"tag-breaking-news","9":"tag-breakingnews","10":"tag-fbi","11":"tag-featured-news","12":"tag-featurednews","13":"tag-fi","14":"tag-finland","15":"tag-finnish","16":"tag-headlines","17":"tag-jeffrey-epstein","18":"tag-kansainvalinen-politiikka","19":"tag-latest-news","20":"tag-latestnews","21":"tag-main-news","22":"tag-mainnews","23":"tag-news","24":"tag-oikeusministerio","25":"tag-otsikot","26":"tag-paauutiset","27":"tag-seksuaalirikokset","28":"tag-suomi","29":"tag-top-stories","30":"tag-topstories","31":"tag-ulkomaat","32":"tag-uutiset"},"share_on_mastodon":{"url":"https:\/\/pubeurope.com\/@fi\/115768559198270937","error":""},"_links":{"self":[{"href":"https:\/\/www.europesays.com\/fi\/wp-json\/wp\/v2\/posts\/123962","targetHints":{"allow":["GET"]}}],"collection":[{"href":"https:\/\/www.europesays.com\/fi\/wp-json\/wp\/v2\/posts"}],"about":[{"href":"https:\/\/www.europesays.com\/fi\/wp-json\/wp\/v2\/types\/post"}],"author":[{"embeddable":true,"href":"https:\/\/www.europesays.com\/fi\/wp-json\/wp\/v2\/users\/2"}],"replies":[{"embeddable":true,"href":"https:\/\/www.europesays.com\/fi\/wp-json\/wp\/v2\/comments?post=123962"}],"version-history":[{"count":0,"href":"https:\/\/www.europesays.com\/fi\/wp-json\/wp\/v2\/posts\/123962\/revisions"}],"wp:featuredmedia":[{"embeddable":true,"href":"https:\/\/www.europesays.com\/fi\/wp-json\/wp\/v2\/media\/123963"}],"wp:attachment":[{"href":"https:\/\/www.europesays.com\/fi\/wp-json\/wp\/v2\/media?parent=123962"}],"wp:term":[{"taxonomy":"category","embeddable":true,"href":"https:\/\/www.europesays.com\/fi\/wp-json\/wp\/v2\/categories?post=123962"},{"taxonomy":"post_tag","embeddable":true,"href":"https:\/\/www.europesays.com\/fi\/wp-json\/wp\/v2\/tags?post=123962"}],"curies":[{"name":"wp","href":"https:\/\/api.w.org\/{rel}","templated":true}]}}