{"id":123964,"date":"2025-12-23T11:06:07","date_gmt":"2025-12-23T11:06:07","guid":{"rendered":"https:\/\/www.europesays.com\/fi\/123964\/"},"modified":"2025-12-23T11:06:07","modified_gmt":"2025-12-23T11:06:07","slug":"cnn-putinin-sodalla-yllattava-uhri-lapin-porot-uutissuomalainen","status":"publish","type":"post","link":"https:\/\/www.europesays.com\/fi\/123964\/","title":{"rendered":"CNN: Putinin sodalla yll\u00e4tt\u00e4v\u00e4 uhri \u2013\u2009Lapin porot | Uutissuomalainen"},"content":{"rendered":"<p>Yhdysvaltalaismedia <a href=\"https:\/\/edition.cnn.com\/2025\/12\/22\/europe\/finland-reindeer-russia-wolves\" rel=\"nofollow noopener\" target=\"_blank\">CNN<\/a> on julkaissut reportaasin Suomen Lapista, jossa kanava vieraili haastattelemassa porojen kasvattajia.<\/p>\n<p>CNN:n haastatteleman poronkasvattaja <strong>Juha Kujalan<\/strong> mukaan sudet ovat kuluneena vuonna surmanneet enemm\u00e4n poroja kuin koskaan. Kujala sanoo l\u00f6yt\u00e4v\u00e4ns\u00e4 kuolleita poroja l\u00e4hes p\u00e4ivitt\u00e4in.<\/p>\n<p>Luonnonvarakeskuksen (Luke) mukaan Suomen susipopulaatio on kasvanut voimakkaasti. Kev\u00e4\u00e4ll\u00e4 2024 susia arveltiin olevan vajaat 300, kun t\u00e4n\u00e4 vuonna luku on ollut noin 430.<\/p>\n<p>My\u00f6s susien surmaamien porojen m\u00e4\u00e4r\u00e4 on kasvanut voimakkaasti. Paliskuntain yhdistyksen mukaan t\u00e4n\u00e4 vuonna poroja on susien uhrina kuollut l\u00e4hes 2 000.<\/p>\n<p>Susien on ep\u00e4ilty tulevan Suomeen rajan yli Ven\u00e4j\u00e4lt\u00e4. Luken tutkimien n\u00e4ytteiden mukaan susien DNA:ssa on havaittavissa tuntomerkkej\u00e4, joita ei Suomessa ole aiemmin havaittu.<\/p>\n<p>Porojen kasvattajat ep\u00e4ilev\u00e4t Ven\u00e4j\u00e4n hy\u00f6kk\u00e4yssodan olevan ainakin osin tilanteen taustalla. Kasvattajat uskovat, ett\u00e4 Ven\u00e4j\u00e4ll\u00e4 kaadetaan sodan vuoksi v\u00e4hemm\u00e4n susia, kun mets\u00e4st\u00e4ji\u00e4 ja muita kykenevi\u00e4 miehi\u00e4 on mobilisoitu rintamalle.<\/p>\n<p>\u2013\u2009Sodan j\u00e4lkeen tilanne on pahentunut. Sudet tulevat Ven\u00e4j\u00e4n puolelta. Nyt, kun ven\u00e4l\u00e4iset mets\u00e4st\u00e4v\u00e4t ihmisi\u00e4 Ukrainassa, kukaan ei mets\u00e4st\u00e4 susia, Kujala sanoo CNN:lle.<\/p>\n<p>Tiedusteluasiantuntija <strong>John Helin<\/strong> sanoo CNN:lle, ett\u00e4 teoria on mahdollinen. H\u00e4n huomauttaa, ett\u00e4 heti rajan takana sijaitsevan Murmanskin alueen miehille on tarjottu huomattavia summia rahaa rintamalle l\u00e4hd\u00f6st\u00e4.<\/p>\n<p>Lis\u00e4ksi Helin toteaa, ett\u00e4 vaikka susien m\u00e4\u00e4r\u00e4 on Ven\u00e4j\u00e4ll\u00e4 kasvanut, vahvistetut kaadot ovat v\u00e4hentyneet.<\/p>\n","protected":false},"excerpt":{"rendered":"Yhdysvaltalaismedia CNN on julkaissut reportaasin Suomen Lapista, jossa kanava vieraili haastattelemassa porojen kasvattajia. CNN:n haastatteleman poronkasvattaja Juha Kujalan&hellip;\n","protected":false},"author":2,"featured_media":123965,"comment_status":"","ping_status":"","sticky":false,"template":"","format":"standard","meta":{"footnotes":""},"categories":[117],"tags":[2617,404,33,31,30,2455,683,72,476,785,118,591,32,119,21377,477],"class_list":{"0":"post-123964","1":"post","2":"type-post","3":"status-publish","4":"format-standard","5":"has-post-thumbnail","7":"category-luonto","8":"tag-cnn","9":"tag-elaimet","10":"tag-fi","11":"tag-finland","12":"tag-finnish","13":"tag-hengenvaara-ja-loukkaantuminen","14":"tag-kuolema","15":"tag-luonto","16":"tag-nature","17":"tag-nisakkaat","18":"tag-science","19":"tag-selkarankaiset","20":"tag-suomi","21":"tag-tiede","22":"tag-ukrainan-kriisi","23":"tag-wildlife"},"share_on_mastodon":{"url":"https:\/\/pubeurope.com\/@fi\/115768563039852212","error":""},"_links":{"self":[{"href":"https:\/\/www.europesays.com\/fi\/wp-json\/wp\/v2\/posts\/123964","targetHints":{"allow":["GET"]}}],"collection":[{"href":"https:\/\/www.europesays.com\/fi\/wp-json\/wp\/v2\/posts"}],"about":[{"href":"https:\/\/www.europesays.com\/fi\/wp-json\/wp\/v2\/types\/post"}],"author":[{"embeddable":true,"href":"https:\/\/www.europesays.com\/fi\/wp-json\/wp\/v2\/users\/2"}],"replies":[{"embeddable":true,"href":"https:\/\/www.europesays.com\/fi\/wp-json\/wp\/v2\/comments?post=123964"}],"version-history":[{"count":0,"href":"https:\/\/www.europesays.com\/fi\/wp-json\/wp\/v2\/posts\/123964\/revisions"}],"wp:featuredmedia":[{"embeddable":true,"href":"https:\/\/www.europesays.com\/fi\/wp-json\/wp\/v2\/media\/123965"}],"wp:attachment":[{"href":"https:\/\/www.europesays.com\/fi\/wp-json\/wp\/v2\/media?parent=123964"}],"wp:term":[{"taxonomy":"category","embeddable":true,"href":"https:\/\/www.europesays.com\/fi\/wp-json\/wp\/v2\/categories?post=123964"},{"taxonomy":"post_tag","embeddable":true,"href":"https:\/\/www.europesays.com\/fi\/wp-json\/wp\/v2\/tags?post=123964"}],"curies":[{"name":"wp","href":"https:\/\/api.w.org\/{rel}","templated":true}]}}