{"id":123966,"date":"2025-12-23T11:09:10","date_gmt":"2025-12-23T11:09:10","guid":{"rendered":"https:\/\/www.europesays.com\/fi\/123966\/"},"modified":"2025-12-23T11:09:10","modified_gmt":"2025-12-23T11:09:10","slug":"aion-ehdottomasti-seurata-sita-tahtitenvalinen-vieras-ohittaa-pian-maan-hyvin-lahelta-eika-se-palaa-koskaan-tieteen-kuvalehti","status":"publish","type":"post","link":"https:\/\/www.europesays.com\/fi\/123966\/","title":{"rendered":"\u201dAion ehdottomasti seurata sit\u00e4!\u201d T\u00e4htitenv\u00e4linen vieras ohittaa pian Maan hyvin l\u00e4helt\u00e4 \u2013 eik\u00e4 se palaa koskaan &#8211; Tieteen Kuvalehti"},"content":{"rendered":"<ol>\n<li><a href=\"https:\/\/news.google.com\/rss\/articles\/CBMi2AFBVV95cUxPbUNGS01rSkRsQXRqekFQV2ZqZGFPY2VxOTkyMUxEa2hmRGU0RVVaaXBucUZmWF9TeDFXNzJnMXd4NzhSX0oyYjZrMXc1UFgza1dHZUE5SS04UlNfZC02VGJaaXNtaUg5ZmlEQ0dhR2NlbWwtQWxjUjFCaTNCcGptQ2pGOE5QMVcxR2JnNEZUdDIwLXhEbmlQcjFoWW5BZXlKajVzSy04YkZqVDdVVEVrU1lMODE1ZUF2Y3o5eXg3emZoV0xsMkMxb3pjUEpDWGl1eTZqcllpRU8?oc=5\" target=\"_blank\" rel=\"nofollow noopener\">\u201dAion ehdottomasti seurata sit\u00e4!\u201d T\u00e4htitenv\u00e4linen vieras ohittaa pian Maan hyvin l\u00e4helt\u00e4 \u2013 eik\u00e4 se palaa koskaan<\/a>&nbsp;&nbsp;Tieteen Kuvalehti<\/li>\n<li><a href=\"https:\/\/news.google.com\/rss\/articles\/CBMiWkFVX3lxTFA4NVZnc1YzdEZjMkdGdnlhRHBrZkVxOU4tUzZ0dm15MmJwSnJzZHk4LVR1ZkU0Q1RhSWFvVURib1NjYWEtQ3FzM095TFZmWDlHdTNZQmJKMy1wUQ?oc=5\" target=\"_blank\" rel=\"nofollow noopener\">Komeetat | Harvinainen komeetta ohittaa maapallon l\u00e4helt\u00e4<\/a>&nbsp;&nbsp;HS.fi<\/li>\n<li><a href=\"https:\/\/news.google.com\/rss\/articles\/CBMitwFBVV95cUxNTjhOTEhUSDNQZTNQYUlZcVlVM3dDUXZzaXZEMllZU2FkQkNDY1gwQnFlY3F0eVdzM01IX0ZiR2hVY2tfOVVZS2ZiMTk3MVhsVnJsR25KTmtSd21BWEdsQkpWaUpjNUN0by1iZzBqOXNOeXFFdFJBUE90aXRkUVdZaVlhWWplM1lQUjAtRzR0d2NTaE4tYVp1RjFOYUN5RWpuYzUwemNORFVRS1lXbGNsb29YNGxLcVk?oc=5\" target=\"_blank\" rel=\"nofollow noopener\">ATLAS-komeetta on huomenna l\u00e4himmill\u00e4\u00e4n maapalloa<\/a>&nbsp;&nbsp;T\u00e4hdet ja avaruus<\/li>\n<li><a href=\"https:\/\/news.google.com\/rss\/articles\/CBMiQEFVX3lxTE0td1AxMGRjQjZNd1JlWDIzeWhqUVI5ZUJVcFpnR1RDR3NEMjlFQTh1VjkxcjlGUlBtV1J3ZnVkeWM?oc=5\" target=\"_blank\" rel=\"nofollow noopener\">Kaivattu joulukomeetta saapuu vierailulle \u2013 &#8221;On mahdotonta olla ajattelematta Betlehemin t\u00e4hte\u00e4&#8221;<\/a>&nbsp;&nbsp;Seura.fi<\/li>\n<li><a href=\"https:\/\/news.google.com\/rss\/articles\/CBMiuAFBVV95cUxOLWhvZjRvQWZVRGdxWVpSSU5kRmw4Tk4tS2cxQ3U1QUUzdmFua1lkZ2NrODdCY19laUZSbElzWmhsVVc0RU1JemxmSUtBZWItYUFSV21QMjJRU3B3MGw0SFdBc21RN2w3YUt3NUMyNXBraUlDZHk5WERTbVdUV0xZYllsWF92aGZmUFJMR0JYNjJfZlpQQ2ltYkNlY05yTDdDZTF5ZmNhQzEzWlA2MU9QcmtLY0NBNGNq?oc=5\" target=\"_blank\" rel=\"nofollow noopener\">Kohuprofessori vauhdissa: &#8221;Muukalaisten taistelualus&#8221; nyt l\u00e4himmill\u00e4\u00e4n Maata<\/a>&nbsp;&nbsp;mtvuutiset.fi<\/li>\n<\/ol>\n","protected":false},"excerpt":{"rendered":"\u201dAion ehdottomasti seurata sit\u00e4!\u201d T\u00e4htitenv\u00e4linen vieras ohittaa pian Maan hyvin l\u00e4helt\u00e4 \u2013 eik\u00e4 se palaa koskaan&nbsp;&nbsp;Tieteen Kuvalehti Komeetat&hellip;\n","protected":false},"author":2,"featured_media":123967,"comment_status":"","ping_status":"","sticky":false,"template":"","format":"standard","meta":{"footnotes":""},"categories":[114],"tags":[453,33,31,30,118,452,32,119],"class_list":{"0":"post-123966","1":"post","2":"type-post","3":"status-publish","4":"format-standard","5":"has-post-thumbnail","7":"category-avaruus","8":"tag-avaruus","9":"tag-fi","10":"tag-finland","11":"tag-finnish","12":"tag-science","13":"tag-space","14":"tag-suomi","15":"tag-tiede"},"share_on_mastodon":{"url":"https:\/\/pubeurope.com\/@fi\/115768574829736565","error":""},"_links":{"self":[{"href":"https:\/\/www.europesays.com\/fi\/wp-json\/wp\/v2\/posts\/123966","targetHints":{"allow":["GET"]}}],"collection":[{"href":"https:\/\/www.europesays.com\/fi\/wp-json\/wp\/v2\/posts"}],"about":[{"href":"https:\/\/www.europesays.com\/fi\/wp-json\/wp\/v2\/types\/post"}],"author":[{"embeddable":true,"href":"https:\/\/www.europesays.com\/fi\/wp-json\/wp\/v2\/users\/2"}],"replies":[{"embeddable":true,"href":"https:\/\/www.europesays.com\/fi\/wp-json\/wp\/v2\/comments?post=123966"}],"version-history":[{"count":0,"href":"https:\/\/www.europesays.com\/fi\/wp-json\/wp\/v2\/posts\/123966\/revisions"}],"wp:featuredmedia":[{"embeddable":true,"href":"https:\/\/www.europesays.com\/fi\/wp-json\/wp\/v2\/media\/123967"}],"wp:attachment":[{"href":"https:\/\/www.europesays.com\/fi\/wp-json\/wp\/v2\/media?parent=123966"}],"wp:term":[{"taxonomy":"category","embeddable":true,"href":"https:\/\/www.europesays.com\/fi\/wp-json\/wp\/v2\/categories?post=123966"},{"taxonomy":"post_tag","embeddable":true,"href":"https:\/\/www.europesays.com\/fi\/wp-json\/wp\/v2\/tags?post=123966"}],"curies":[{"name":"wp","href":"https:\/\/api.w.org\/{rel}","templated":true}]}}