{"id":123968,"date":"2025-12-23T11:17:10","date_gmt":"2025-12-23T11:17:10","guid":{"rendered":"https:\/\/www.europesays.com\/fi\/123968\/"},"modified":"2025-12-23T11:17:10","modified_gmt":"2025-12-23T11:17:10","slug":"anna-hector-oli-viela-naimisissa-kun-han-hullaantui-toisesta-naisesta","status":"publish","type":"post","link":"https:\/\/www.europesays.com\/fi\/123968\/","title":{"rendered":"Anna: Hector oli viel\u00e4 naimisissa, kun h\u00e4n hullaantui toisesta naisesta"},"content":{"rendered":"<p>  <img decoding=\"async\" class=\"article-header-image__featured-image awpo-lazy\" alt=\"\" src=\"https:\/\/www.europesays.com\/fi\/wp-content\/uploads\/2025\/12\/r4a4224-1_preview.jpg\"\/><\/p>\n<p class=\"article-header__excerpt \">\n    Ihastuminen l\u00e4ik\u00e4hti tuiki tavallisesta faksilla l\u00e4hetetyst\u00e4 keikkapyynn\u00f6st\u00e4, Hector kertoo Annassa.  <\/p>\n<dl class=\"article-meta__list\">\n<p><dt class=\"article-meta__role\">Teksti<\/dt>\n<dd class=\"article-meta__name\">Toimitus<\/dd>\n<\/p>\n<p><dt class=\"article-meta__role\">Kuvat<\/dt>\n<dd class=\"article-meta__name\">Juha T\u00f6rm\u00e4l\u00e4<\/dd>\n<\/p>\n<dt class=\"screen-reader-text\">Julkaisup\u00e4iv\u00e4m\u00e4\u00e4r\u00e4<\/dt>\n<dd>\n<p>        23.12.2025\n    <\/dd>\n<\/dl>\n<p>Muusikko <strong>Heikki \u201dHector\u201d Harma<\/strong>, 78, kertoo <a href=\"https:\/\/anna.fi\/ihmiset\/hectorin-rakkaus-sarita-vaimoon-alkoi-faksien-lahettelysta\" rel=\"nofollow noopener\" target=\"_blank\">Annan<\/a> haastattelussa, miten h\u00e4nen el\u00e4m\u00e4ss\u00e4\u00e4n tapahtui iso k\u00e4\u00e4nne, kun h\u00e4n l\u00e4hti keikalle MTV3:n lehdist\u00f6lle j\u00e4rjestett\u00e4viin pikkujouluihin.<\/p>\n<p>1990-luvun lopulla elettiin viel\u00e4 aikaa ennen s\u00e4hk\u00f6postia ja tiedustelut tehtiin silloin viel\u00e4 faksilla. Pikkujoulun keikkapyynn\u00f6n l\u00e4hetti MTV3:n tiedottaja, my\u00f6hemmin yhti\u00f6n kotimaisen draaman p\u00e4\u00e4llik\u00f6ksi edennyt <strong>Sarita Koskelin<\/strong>.<\/p>\n<p>\u201dSaritan sanank\u00e4\u00e4nteet olivat sellaisia, ett\u00e4 ajattelin heti, ett\u00e4 t\u00e4ss\u00e4p\u00e4 on hauska tyyppi. Vastasin h\u00e4nelle faksilla ja yritin olla v\u00e4h\u00e4n hauska itsekin. H\u00e4nen seuraavassa faksissaan oli jo niin hyv\u00e4\u00e4 huumoria, ett\u00e4 tajusin selke\u00e4sti, ett\u00e4 me olemme samalla tajunnan tasolla\u201d, Hector kertoo Annassa.<\/p>\n<p>Jutellakseen keikasta tarkemmin, Hector ja Sarita tapasivat Maikkarin kuppilassa, miss\u00e4 muusikkoa odotti nuori ja kaunis nainen, jolla oli ilmeik\u00e4\u00e4t kasvot.<\/p>\n<p>\u201dN\u00e4iden vastapainoksi Saritalla oli ihan perkeleellinen huumori. Minun oli pakko laittaa itsekin Monty Python -vaihde p\u00e4\u00e4lle.\u201d<\/p>\n<p>Annan haastattelussa Hector tunnustaa, ett\u00e4 tapaamisen j\u00e4lkeen h\u00e4n oli py\u00f6r\u00e4ll\u00e4 p\u00e4\u00e4st\u00e4\u00e4n.<\/p>\n<p>\u201dJotain oli l\u00e4ik\u00e4ht\u00e4nyt, ja mietin ett\u00e4 mit\u00e4 ihmett\u00e4. Olin tiiviisti naimisissa oleva mies ja ajattelin, ett\u00e4 t\u00e4m\u00e4 pit\u00e4\u00e4 nyt unohtaa.\u201d<\/p>\n<p>Yli parikymment\u00e4 vuotta jatkuneessa avioliitossa oli Hectorin t\u00f6iden ja holtittomuuden takia ollut kitkaa jo pitk\u00e4\u00e4n. Alkuaikojen palo oli haalistunut ja se oli vaaran merkki siit\u00e4, ett\u00e4 liitto ei tule jatkumaan.<\/p>\n<p>\u201dKeikan takia faksailumme Saritan kanssa jatkui, ja se vaan naksahti jotenkin niin, ett\u00e4 minun oli pakko tavata h\u00e4net uudelleen, kahden kesken.\u201d<\/p>\n<p>Treffien j\u00e4lkeen Hector oli mennytt\u00e4 miest\u00e4.<\/p>\n<p>\u201dRakastuin kuin teinipoika. Maan vetovoimalla ei sen j\u00e4lkeen ollut mit\u00e4\u00e4n merkityst\u00e4.\u201d<\/p>\n<p>Annassa Hector toteaa, ett\u00e4 tilanteessa oli kaikki katastrofin ainekset ja se ei p\u00e4\u00e4ttyisi hyvin.<\/p>\n<p>\u201dSarita toisteli, ett\u00e4 min\u00e4 en tule sinun avioliittoasi rikkomaan, siihen en l\u00e4hde. Ett\u00e4 sin\u00e4 tulet, jos et voi olla tulematta. Se oli suora lainaus <strong>Hella Wuolijoen<\/strong> Niskavuoresta.\u201d<\/p>\n<p>Avioero oli vaikea paikka ja kipuilua kesti kauan. Etenkin Hectorin teini-ik\u00e4isten poikien sit\u00e4 oli vaikea hyv\u00e4ksy\u00e4. Vuosien mittaan haavat ovat parantuneet tai ainakin arpeutuneet, ja v\u00e4lit ovat hyv\u00e4t.<\/p>\n<p>\u201dOlin onnekas, ett\u00e4 sain kokea nuoruuden rakastumisen viel\u00e4 keski-i\u00e4ss\u00e4. Tietysti siin\u00e4 oli omat v\u00e4\u00e4j\u00e4\u00e4m\u00e4tt\u00f6m\u00e4t traagiset puolensa\u201d, Hector sanoo Annassa.<\/p>\n<p>Yhden p\u00e4\u00e4t\u00f6ksen h\u00e4n avioeron keskell\u00e4 teki.<\/p>\n<p>\u201dPoikiani en hyl\u00e4nnyt. Oli kristallinkirkasta, ett\u00e4 lapset ovat el\u00e4m\u00e4ss\u00e4ni mukana niin kauan kuin olen olemassa.\u201d<\/p>\n<p>J\u00e4lkikasvunsa puolesta Hectorilla on nyt hyv\u00e4, turvallinen ja ylpe\u00e4 olo. <strong>Mikko<\/strong> on valokuvaaja ja hyvinvointikeskus Villa Mandalan toinen omistaja, <strong>Olli<\/strong> is\u00e4ns\u00e4 tavoin toimittaja ja muusikko. Saritan poika <strong>Mortti Koskelin<\/strong> sai Heikist\u00e4 koti-is\u00e4n jo alle kolmevuotiaana. H\u00e4nkin toimii musiikkialalla muusikkona, tuottajana ja \u00e4\u00e4niteknikkona.<\/p>\n<p><strong>Lue koko Annan juttu:<\/strong> <a href=\"https:\/\/anna.fi\/ihmiset\/hectorin-rakkaus-sarita-vaimoon-alkoi-faksien-lahettelysta\" rel=\"nofollow noopener\" target=\"_blank\">Hectorin rakkaus Sarita-vaimoon alkoi faksien l\u00e4hettelyst\u00e4: \u201dSiin\u00e4 oli kaikki ainekset katastrofiin\u201d<\/a><\/p>\n<p>        Toimitus suosittelee<\/p>\n<p>Kaupalliset yhteisty\u00f6t<br \/>\nSuosituimmat<\/p>\n<p>Kaupalliset yhteisty\u00f6t<\/p>\n","protected":false},"excerpt":{"rendered":"Ihastuminen l\u00e4ik\u00e4hti tuiki tavallisesta faksilla l\u00e4hetetyst\u00e4 keikkapyynn\u00f6st\u00e4, Hector kertoo Annassa. Teksti Toimitus Kuvat Juha T\u00f6rm\u00e4l\u00e4 Julkaisup\u00e4iv\u00e4m\u00e4\u00e4r\u00e4 23.12.2025 Muusikko&hellip;\n","protected":false},"author":2,"featured_media":123969,"comment_status":"","ping_status":"","sticky":false,"template":"","format":"standard","meta":{"footnotes":""},"categories":[136],"tags":[407,137,33,31,30,408,5843,1496,32,109],"class_list":{"0":"post-123968","1":"post","2":"type-post","3":"status-publish","4":"format-standard","5":"has-post-thumbnail","7":"category-julkkikset","8":"tag-celebrities","9":"tag-entertainment","10":"tag-fi","11":"tag-finland","12":"tag-finnish","13":"tag-julkkikset","14":"tag-muusikot","15":"tag-parisuhde","16":"tag-suomi","17":"tag-viihde"},"share_on_mastodon":{"url":"https:\/\/pubeurope.com\/@fi\/115768606462633297","error":""},"_links":{"self":[{"href":"https:\/\/www.europesays.com\/fi\/wp-json\/wp\/v2\/posts\/123968","targetHints":{"allow":["GET"]}}],"collection":[{"href":"https:\/\/www.europesays.com\/fi\/wp-json\/wp\/v2\/posts"}],"about":[{"href":"https:\/\/www.europesays.com\/fi\/wp-json\/wp\/v2\/types\/post"}],"author":[{"embeddable":true,"href":"https:\/\/www.europesays.com\/fi\/wp-json\/wp\/v2\/users\/2"}],"replies":[{"embeddable":true,"href":"https:\/\/www.europesays.com\/fi\/wp-json\/wp\/v2\/comments?post=123968"}],"version-history":[{"count":0,"href":"https:\/\/www.europesays.com\/fi\/wp-json\/wp\/v2\/posts\/123968\/revisions"}],"wp:featuredmedia":[{"embeddable":true,"href":"https:\/\/www.europesays.com\/fi\/wp-json\/wp\/v2\/media\/123969"}],"wp:attachment":[{"href":"https:\/\/www.europesays.com\/fi\/wp-json\/wp\/v2\/media?parent=123968"}],"wp:term":[{"taxonomy":"category","embeddable":true,"href":"https:\/\/www.europesays.com\/fi\/wp-json\/wp\/v2\/categories?post=123968"},{"taxonomy":"post_tag","embeddable":true,"href":"https:\/\/www.europesays.com\/fi\/wp-json\/wp\/v2\/tags?post=123968"}],"curies":[{"name":"wp","href":"https:\/\/api.w.org\/{rel}","templated":true}]}}