{"id":123970,"date":"2025-12-23T11:22:09","date_gmt":"2025-12-23T11:22:09","guid":{"rendered":"https:\/\/www.europesays.com\/fi\/123970\/"},"modified":"2025-12-23T11:22:09","modified_gmt":"2025-12-23T11:22:09","slug":"terasleidit-jatko-osa-draamakomedia-muistin-ja-ystavyyden-voimasta","status":"publish","type":"post","link":"https:\/\/www.europesays.com\/fi\/123970\/","title":{"rendered":"Ter\u00e4sleidit-jatko-osa: Draamakomedia muistin ja yst\u00e4vyyden voimasta"},"content":{"rendered":"<p>\n            Ter\u00e4sleidit. Atte M\u00e4nnikk\u00f6\/Helsinki-filmi<br \/>\n            Atte M\u00e4nnikk\u00f6\/Helsinki Filmi\n        <\/p>\n<p class=\"subtitle \">Inkerin ja yst\u00e4vien toiviomatkat kes\u00e4isess\u00e4 Suomessa jatkuvat. Ter\u00e4sleidit-elokuvan jatko-osa saa ensi-iltansa 25. joulukuuta.<\/p>\n<p class=\"article-content article-content-width !bg-background\">Vuoden 2020 Ter\u00e4sleidit oli sek\u00e4 katsojamenestys ett\u00e4 eritt\u00e4in hyv\u00e4 elokuva. Tarinaan palataan itsen\u00e4isen jatko-osan muodossa, ja onneksi draaman ja komedian v\u00e4linen hieno vuoropuhelu on s\u00e4ilynyt, kun  on jatkanut ohjaajana aiheen parissa. Ensi-ilta elokuvateattereissa torstaina 25.12.<\/p>\n<p class=\"italic m-italic font-weight-bold m-font-weight-bold article-content article-content-width !bg-background\">Arkistovideo: Pamela Tola kertoo Suurmestari-pestist\u00e4\u00e4n<\/p>\n<p>Ter\u00e4sleidit\u00a0\u2013 kuin viimeist\u00e4 p\u00e4iv\u00e4\u00e4Draamakomedia****<\/p>\n<p class=\"article-content article-content-width !bg-background\">T\u00e4ll\u00e4 kertaa p\u00e4\u00e4hahmo Inkeri saa kuulla, ett\u00e4 h\u00e4nell\u00e4 on en\u00e4\u00e4 kaksi viikkoa elinaikaa. H\u00e4n haluaa j\u00e4tt\u00e4\u00e4 itsest\u00e4\u00e4n j\u00e4ljen maailmaan julkaisemalla jatko-osan el\u00e4m\u00e4kerralliselle romaanilleen. Jo vuosikymmeni\u00e4 sitten aloitetun kirjan k\u00e4sikirjoitus on kuitenkin kadoksissa \u2013 sek\u00e4 konkreettisesti ett\u00e4 Inkerin mielest\u00e4.<\/p>\n<p class=\"article-content article-content-width !bg-background\">Alkaa j\u00e4lleen automatka l\u00e4pi suvi-Suomen vastauksia etsien. Mukana ovat luottopakki Raili ja t\u00e4m\u00e4n palvelijan kaltainen yst\u00e4v\u00e4 Kerttu.<\/p>\n<p class=\"article-content article-content-width !bg-background\">Matkantekoa haittaa Iinan kontrollifriikin Maija-tytt\u00e4ren vastarinta paljastavan romaanin kirjoittamiselle sek\u00e4 sekop\u00e4iset hautajaisvalmistelut Inkerille.<\/p>\n<p>Muisti on t\u00e4rke\u00e4ss\u00e4 roolissa<\/p>\n<p class=\"article-content article-content-width !bg-background\">Elokuvan yhten\u00e4 teemana on muisti ja sen menetys. Tarinankuljetuksen tapa tukee t\u00e4t\u00e4 teemaa, sill\u00e4 asioita ei alleviivata liikaa.<\/p>\n<p class=\"article-content article-content-width !bg-background\">Menneisyyden tapahtumista tippuu ep\u00e4m\u00e4\u00e4r\u00e4isi\u00e4 ja kesken\u00e4\u00e4n ristiriitaisia murusia, ja katsoja joutuu ik\u00e4\u00e4n kuin rakentamaan Inkerin kanssa yhdess\u00e4 sekavista muistojen paloista koherenttia kuvaa menneisyydest\u00e4.<\/p>\n<p>        <a itemprop=\"url\" href=\"https:\/\/www.seiska.fi\/katso\/seela-sella-kertoo-surullisesta-menetyksestaan-en-koskaan-unohda\/1884085\" rel=\"nofollow noopener\" target=\"_blank\"><\/p>\n<p>\nSeela Sella\n<\/p>\n<p class=\"section-date\">\n        <strong class=\"article-section\" data-section=\"katso\"><br \/>\n            katso<br \/>\n        <\/strong><br \/>\n        30.7. 15:15\n    <\/p>\n<p>Seela Sella kertoo surullisesta menetyksest\u00e4\u00e4n: &#8221;En koskaan unohda&#8221;\n    <\/p>\n<p itemprop=\"description\" class=\"subtitle \">\n    El\u00e4m\u00e4ni kes\u00e4 -ohjelmassa n\u00e4yttelij\u00e4 muistelee kes\u00e4n 1957 surua.\n<\/p>\n<p>        <\/a><\/p>\n<p>Mestarit vauhdissa<\/p>\n<p class=\"article-content article-content-width !bg-background\"> ja  Inkerin\u00e4 ja Railina ovat j\u00e4lleen mestarillisia. Lis\u00e4ksi sek\u00e4  n\u00e4yttelem\u00e4 Kerttu ett\u00e4 leidien automatkaan mukaan tarttuva Matti () ovat oivallisia lis\u00e4yksi\u00e4 hahmogalleriaan.<\/p>\n<p class=\"article-content article-content-width !bg-background\">He eiv\u00e4t ole pelkki\u00e4 hauskoja statisteja, vaan laajentavat entisest\u00e4\u00e4n tarinan syvi\u00e4 pohdintoja muun muassa vapaudesta, vastuusta ja niin sanottujen suurten saavutusten merkityksest\u00e4 el\u00e4m\u00e4ss\u00e4.<\/p>\n<p>Ei pelkki\u00e4 ylevi\u00e4 teemoja<\/p>\n<p class=\"article-content article-content-width !bg-background\">Pelk\u00e4t ylev\u00e4t ajatukset eiv\u00e4t silti tietenk\u00e4\u00e4n riitt\u00e4isi hyv\u00e4\u00e4n elokuvaan. Ter\u00e4sleidit \u2013 kuin viimeist\u00e4 p\u00e4iv\u00e4\u00e4 onnistuu kuitenkin paketoimaan kaiken painavaksi draamaksi ja ruoskan lailla viuhuvaksi huumoriksi.<\/p>\n<p>                <img decoding=\"async\" src=\"https:\/\/www.europesays.com\/fi\/wp-content\/uploads\/2025\/12\/2017963.webp\" width=\"576\" height=\"274\" alt=\"Maija (Pirjo Lonka) ja h\u00e4nen miehens\u00e4 Ville (Jani Volanen) j\u00e4rjestelev\u00e4t t\u00e4ytt\u00e4 h\u00e4k\u00e4\u00e4 Inkerin hautajaisia.\" loading=\"lazy\" \/>            <\/p>\n<p>\n            Maija (Pirjo Lonka) ja h\u00e4nen miehens\u00e4 Ville (Jani Volanen) j\u00e4rjestelev\u00e4t t\u00e4ytt\u00e4 h\u00e4k\u00e4\u00e4 Inkerin hautajaisia.<br \/>\n            Laura Mainiemi \/ Helsinki Filmi\n        <\/p>\n<p class=\"article-content article-content-width !bg-background\">Lopun osio tuo tarinaa pois tien p\u00e4\u00e4lt\u00e4 ja keskittyy Inkerin ja Maijan vaikeisiin v\u00e4leihin. Joistakin katsojista se saattaa tuntua irralliselta, mutta on sekin olennainen osa elokuvan kaarta.<\/p>\n<p class=\"article-content article-content-width !bg-background\"> (Suomi 2025). 108 min.\u00a0<\/p>\n<p itemprop=\"caption\" class=\"caption\">Ter\u00e4sleidit \u2013 kuin viimeist\u00e4 p\u00e4iv\u00e4\u00e4<\/p>\n","protected":false},"excerpt":{"rendered":"Ter\u00e4sleidit. Atte M\u00e4nnikk\u00f6\/Helsinki-filmi Atte M\u00e4nnikk\u00f6\/Helsinki Filmi Inkerin ja yst\u00e4vien toiviomatkat kes\u00e4isess\u00e4 Suomessa jatkuvat. Ter\u00e4sleidit-elokuvan jatko-osa saa ensi-iltansa 25.&hellip;\n","protected":false},"author":2,"featured_media":123971,"comment_status":"","ping_status":"","sticky":false,"template":"","format":"standard","meta":{"footnotes":""},"categories":[131],"tags":[3530,155,1419,137,33,173,31,30,3499,22145,6077,172,14440,10494,32,8053,21911,109],"class_list":{"0":"post-123970","1":"post","2":"type-post","3":"status-publish","4":"format-standard","5":"has-post-thumbnail","7":"category-elokuvat","8":"tag-draamakomedia","9":"tag-elokuvat","10":"tag-ensi-ilta","11":"tag-entertainment","12":"tag-fi","13":"tag-film","14":"tag-finland","15":"tag-finnish","16":"tag-jatko-osa","17":"tag-joulupaiva","18":"tag-leena-uotila","19":"tag-movies","20":"tag-pamela-tola","21":"tag-seela-sella","22":"tag-suomi","23":"tag-terasleidit","24":"tag-terasleidit-kuin-viimeista-paivaa","25":"tag-viihde"},"share_on_mastodon":{"url":"https:\/\/pubeurope.com\/@fi\/115768626231303425","error":""},"_links":{"self":[{"href":"https:\/\/www.europesays.com\/fi\/wp-json\/wp\/v2\/posts\/123970","targetHints":{"allow":["GET"]}}],"collection":[{"href":"https:\/\/www.europesays.com\/fi\/wp-json\/wp\/v2\/posts"}],"about":[{"href":"https:\/\/www.europesays.com\/fi\/wp-json\/wp\/v2\/types\/post"}],"author":[{"embeddable":true,"href":"https:\/\/www.europesays.com\/fi\/wp-json\/wp\/v2\/users\/2"}],"replies":[{"embeddable":true,"href":"https:\/\/www.europesays.com\/fi\/wp-json\/wp\/v2\/comments?post=123970"}],"version-history":[{"count":0,"href":"https:\/\/www.europesays.com\/fi\/wp-json\/wp\/v2\/posts\/123970\/revisions"}],"wp:featuredmedia":[{"embeddable":true,"href":"https:\/\/www.europesays.com\/fi\/wp-json\/wp\/v2\/media\/123971"}],"wp:attachment":[{"href":"https:\/\/www.europesays.com\/fi\/wp-json\/wp\/v2\/media?parent=123970"}],"wp:term":[{"taxonomy":"category","embeddable":true,"href":"https:\/\/www.europesays.com\/fi\/wp-json\/wp\/v2\/categories?post=123970"},{"taxonomy":"post_tag","embeddable":true,"href":"https:\/\/www.europesays.com\/fi\/wp-json\/wp\/v2\/tags?post=123970"}],"curies":[{"name":"wp","href":"https:\/\/api.w.org\/{rel}","templated":true}]}}