{"id":123981,"date":"2025-12-23T11:30:11","date_gmt":"2025-12-23T11:30:11","guid":{"rendered":"https:\/\/www.europesays.com\/fi\/123981\/"},"modified":"2025-12-23T11:30:11","modified_gmt":"2025-12-23T11:30:11","slug":"iittalalaismies-pyytaa-paasya-mielentilatutkimukseen-syytetaan-muun-muassa-lapsenraiskauksesta-kotimaa","status":"publish","type":"post","link":"https:\/\/www.europesays.com\/fi\/123981\/","title":{"rendered":"Iittalalaismies pyyt\u00e4\u00e4 p\u00e4\u00e4sy\u00e4 mielentila\u00adtutkimukseen \u2013 syytet\u00e4\u00e4n muun muassa lapsen\u00adraiskauksesta | Kotimaa"},"content":{"rendered":"<p class=\"aw-1gybjub aw-5vja16 kEtdKx kmuxyA yle__article__paragraph\">Poliisi on kertonut miehen asuttaman omakotitalon olleen majapaikka hatkanuorille. 33-vuotias mies pysyy vangittuna.<\/p>\n<p><img decoding=\"async\" alt=\"Metsittynyt pihatie k\u00e4\u00e4ntyy loivasti vasemmalle.\" src=\"https:\/\/www.europesays.com\/fi\/wp-content\/uploads\/2025\/12\/39-151694468b84f4e570cb.jpeg\" class=\"aw-1l9m598 hKVVvP\"\/><\/p>\n<p>Avaa kuvien katselu<\/p>\n<p>Mies asui Ylen tietojen mukaan vuokralla omakotitalossa, hieman syrj\u00e4ss\u00e4 Iittalan taajamasta. H\u00e4meen poliisi vahvisti aiemmin, ett\u00e4 rikokset ovat tapahtuneet p\u00e4\u00e4asiassa kyseisess\u00e4 talossa. Kuva: Dani Branthin \/ Yle<\/p>\n<p>12:11\u2022P\u00e4ivitetty 12:25<\/p>\n<p class=\"aw-1gybjub aw-1p7kakr kEtdKx cEmitX yle__article__paragraph\">H\u00e4meenlinnan Iittalassa ep\u00e4illysti hatkanuoria majoittanut 33-vuotias mies pyyt\u00e4\u00e4 p\u00e4\u00e4sy\u00e4 mielentilatutkimukseen.<\/p>\n<p class=\"aw-1gybjub aw-1p7kakr kEtdKx cEmitX yle__article__paragraph\"><a class=\"aw-iao6s4 iHOxEa yle__article__link\" href=\"https:\/\/yle.fi\/a\/74-20193325\" role=\"link\" rel=\"nofollow noopener\" target=\"_blank\">Miest\u00e4 syytet\u00e4\u00e4n<\/a> yhden asianomistajan kohdalla lapsenraiskauksesta, ihmiskaupasta, lasta seksuaalisesti esitt\u00e4v\u00e4n kuvan levitt\u00e4misest\u00e4, t\u00f6rke\u00e4st\u00e4 huumausainerikoksesta ja pahoinpitelyst\u00e4.<\/p>\n<p class=\"aw-1gybjub aw-1p7kakr kEtdKx cEmitX yle__article__paragraph\">Toisen asianomistajan kohdalla h\u00e4nt\u00e4 syytet\u00e4\u00e4n lapsenraiskauksesta ja seksuaalisesta kajoamisesta lapseen.<\/p>\n<p class=\"aw-1gybjub aw-1p7kakr kEtdKx cEmitX yle__article__paragraph\">Kahden muun asianomistajan kohdalla kyse on seksuaalisesta kajoamisesta lapseen. He ovat tekoaikaan olleet 13\u201315-vuotiaita.<\/p>\n<p><img decoding=\"async\" alt=\"Lehtileikkeleit\u00e4 sijoitettuna vankisellin oven p\u00e4\u00e4lle.\" src=\"https:\/\/www.europesays.com\/fi\/wp-content\/uploads\/2025\/12\/39-1550571690df0bda86e8.jpeg\" class=\"aw-1l9m598 hKVVvP\"\/><\/p>\n<p class=\"aw-1gybjub aw-1p7kakr kEtdKx cEmitX yle__article__paragraph\">Kokonaisuutta k\u00e4siteltiin Kanta-H\u00e4meen k\u00e4r\u00e4j\u00e4oikeudessa viime viikolla ja eilen maanantaina.<\/p>\n<p class=\"aw-1gybjub aw-1p7kakr kEtdKx cEmitX yle__article__paragraph\">Kanta-H\u00e4meen <a class=\"aw-iao6s4 iHOxEa yle__article__link\" href=\"https:\/\/yle.fi\/a\/74-20180831\" role=\"link\" rel=\"nofollow noopener\" target=\"_blank\">k\u00e4r\u00e4j\u00e4oikeus vangitsi<\/a> 33-vuotiaan miehen syyskuun alussa. H\u00e4net m\u00e4\u00e4r\u00e4ttiin pidett\u00e4v\u00e4ksi vangittuna edelleen, tuomion antamiseen saakka.<\/p>\n<p class=\"aw-1gybjub aw-1p7kakr kEtdKx cEmitX yle__article__paragraph\">Ratkaisu asiassa annetaan tammikuussa.<\/p>\n<p>Aiempaa rikoshistoriaa<\/p>\n<p class=\"aw-1gybjub aw-1p7kakr kEtdKx cEmitX yle__article__paragraph\">33-vuotias mies on asunut Ylen tietojen mukaan vuokralla omakotitalossa, hieman syrj\u00e4ss\u00e4 Iittalan taajamasta. Syksyll\u00e4 poliisi kertoi talon olleen jonkinlainen majapaikka hatkanuorille. Hatkanuorista puhuttaessa tarkoitetaan nuoria, jotka ovat karanneet sijoituspaikastaan.<\/p>\n<p class=\"aw-1gybjub aw-1p7kakr kEtdKx cEmitX yle__article__paragraph\">Paikallinen koulu varoitti perheit\u00e4 vain 12 p\u00e4iv\u00e4\u00e4 ennen miehen kiinniottoa. Varoitus annettiin Wilmassa poliisin pyynn\u00f6st\u00e4.<\/p>\n<p><img decoding=\"async\" alt=\"Metsittynyt pihatie k\u00e4\u00e4ntyy loivasti vasemmalle.\" src=\"https:\/\/www.europesays.com\/fi\/wp-content\/uploads\/2025\/12\/1766489411_88_39-151694468b84f4e570cb.jpeg\" class=\"aw-1l9m598 hKVVvP\"\/><\/p>\n<p class=\"aw-1gybjub aw-1p7kakr kEtdKx cEmitX yle__article__paragraph\">Rikoskomisario <strong class=\"aw-ak79eh KyCXm yle__article__strong\">Lila Havusela<\/strong> H\u00e4meen poliisista kertoi Ylelle aiemmin, ett\u00e4 ep\u00e4iltyjen rikosten vyyhti alkoi selvit\u00e4 poliisille, kun yht\u00e4, uhriksi joutunutta hatkanuorta etsittiin ep\u00e4illyn luota.<\/p>\n<p class=\"aw-1gybjub aw-1p7kakr kEtdKx cEmitX yle__article__paragraph\">Poliisi l\u00f6ysi vihjeiden perusteella kolme muuta nuorta, jotka ovat asianomistajina asiassa.<\/p>\n<p class=\"aw-1gybjub aw-1p7kakr kEtdKx cEmitX yle__article__paragraph\">Miehell\u00e4 on <a class=\"aw-iao6s4 iHOxEa yle__article__link\" href=\"https:\/\/yle.fi\/a\/74-20181147\" role=\"link\" rel=\"nofollow noopener\" target=\"_blank\">aiempaa rikostaustaa<\/a>. Mies sai tuomion viime vuonna huumausainerikoksesta. T\u00e4m\u00e4n lis\u00e4ksi h\u00e4net on tuomittu aiemmin muun muassa huumausainerikoksista, n\u00e4pistyksist\u00e4, sek\u00e4 kahdesta eri naisen pahoinpitelyst\u00e4.<\/p>\n<p class=\"aw-1gybjub aw-1p7kakr kEtdKx cEmitX yle__article__paragraph\">H\u00e4meen poliisin mukaan h\u00e4nt\u00e4 ei ole aiemmin ep\u00e4ilty lapsiin kohdistuvista rikoksista.<\/p>\n","protected":false},"excerpt":{"rendered":"Poliisi on kertonut miehen asuttaman omakotitalon olleen majapaikka hatkanuorille. 33-vuotias mies pysyy vangittuna. Avaa kuvien katselu Mies asui&hellip;\n","protected":false},"author":2,"featured_media":123982,"comment_status":"","ping_status":"","sticky":false,"template":"","format":"standard","meta":{"footnotes":""},"categories":[12],"tags":[22,23,26,27,33,31,30,2109,17,7964,1794,71,22146,24,25,28,29,14723,15,18,21,581,1263,4353,32,19,20,16],"class_list":{"0":"post-123981","1":"post","2":"type-post","3":"status-publish","4":"format-standard","5":"has-post-thumbnail","7":"category-suomi","8":"tag-breaking-news","9":"tag-breakingnews","10":"tag-featured-news","11":"tag-featurednews","12":"tag-fi","13":"tag-finland","14":"tag-finnish","15":"tag-hameenlinna","16":"tag-headlines","17":"tag-iittala","18":"tag-kanta-hame","19":"tag-kotimaa","20":"tag-lasten-pahoinpitely","21":"tag-latest-news","22":"tag-latestnews","23":"tag-main-news","24":"tag-mainnews","25":"tag-mielentilatutkimus","26":"tag-news","27":"tag-otsikot","28":"tag-paauutiset","29":"tag-rikokset","30":"tag-rikosepailyt","31":"tag-seksuaalirikokset","32":"tag-suomi","33":"tag-top-stories","34":"tag-topstories","35":"tag-uutiset"},"share_on_mastodon":{"url":"https:\/\/pubeurope.com\/@fi\/115768657926332151","error":""},"_links":{"self":[{"href":"https:\/\/www.europesays.com\/fi\/wp-json\/wp\/v2\/posts\/123981","targetHints":{"allow":["GET"]}}],"collection":[{"href":"https:\/\/www.europesays.com\/fi\/wp-json\/wp\/v2\/posts"}],"about":[{"href":"https:\/\/www.europesays.com\/fi\/wp-json\/wp\/v2\/types\/post"}],"author":[{"embeddable":true,"href":"https:\/\/www.europesays.com\/fi\/wp-json\/wp\/v2\/users\/2"}],"replies":[{"embeddable":true,"href":"https:\/\/www.europesays.com\/fi\/wp-json\/wp\/v2\/comments?post=123981"}],"version-history":[{"count":0,"href":"https:\/\/www.europesays.com\/fi\/wp-json\/wp\/v2\/posts\/123981\/revisions"}],"wp:featuredmedia":[{"embeddable":true,"href":"https:\/\/www.europesays.com\/fi\/wp-json\/wp\/v2\/media\/123982"}],"wp:attachment":[{"href":"https:\/\/www.europesays.com\/fi\/wp-json\/wp\/v2\/media?parent=123981"}],"wp:term":[{"taxonomy":"category","embeddable":true,"href":"https:\/\/www.europesays.com\/fi\/wp-json\/wp\/v2\/categories?post=123981"},{"taxonomy":"post_tag","embeddable":true,"href":"https:\/\/www.europesays.com\/fi\/wp-json\/wp\/v2\/tags?post=123981"}],"curies":[{"name":"wp","href":"https:\/\/api.w.org\/{rel}","templated":true}]}}