{"id":123994,"date":"2025-12-23T11:55:07","date_gmt":"2025-12-23T11:55:07","guid":{"rendered":"https:\/\/www.europesays.com\/fi\/123994\/"},"modified":"2025-12-23T11:55:07","modified_gmt":"2025-12-23T11:55:07","slug":"media-patriarkka-kirillilla-salarakas-uutissuomalainen","status":"publish","type":"post","link":"https:\/\/www.europesays.com\/fi\/123994\/","title":{"rendered":"Media: Patriarkka Kirillill\u00e4 salarakas | Uutissuomalainen"},"content":{"rendered":"<p>Ven\u00e4j\u00e4n ortodoksisen kirkon johtaja, patriarkka <strong>Kirill<\/strong> on el\u00e4nyt jo vuosikymmenien ajan salarakkaan kanssa, kertoo <a href=\"https:\/\/meduza.io\/feature\/2025\/12\/22\/u-patriarha-kirilla-est-taynaya-grazhdanskaya-zhena-utverzhdaet-proekt\" rel=\"nofollow noopener\" target=\"_blank\">Meduza<\/a> Proekt-julkaisua siteeraten. Ortodoksisessa uskossa patriarkkaa on kielletty menem\u00e4st\u00e4 naimisiin.<\/p>\n<p>Patriarkan kumppani <strong>Lidija Leonova<\/strong> paitsi asuu yhdess\u00e4 patriarkan kanssa, my\u00f6s omistaa Kirilliin yhdistetty\u00e4 omaisuutta.<\/p>\n<p>Leonova n\u00e4kyi ensimm\u00e4isen kerran julkisuudessa vuonna 2012, kun Kirillin ja t\u00e4m\u00e4n alakerran naapurin, entisen terveysministerin <strong>Juri \u0160evt\u0161enkon<\/strong> v\u00e4lille puhkesi riita \u0160evt\u0161enkon aloittamasta remontista. Tapaus eteni oikeuteen, mutta asianomistajana oli patriarkan sijaan Lidija Leonova.<\/p>\n<p>Leonova voitti oikeusjutun, mutta tieto patriarkan asumisesta naisen kanssa her\u00e4tti kohun. Propagandisti <strong>Vladimir Solovjov<\/strong> sy\u00f6ksyi puolustamaan patriarkkaa ja esitti teorian, jonka mukaan Leonova olisi patriarkan pikkuserkku.<\/p>\n<p>Proektin mukaan Solovjovin v\u00e4itteet eiv\u00e4t pid\u00e4 todisteiden valossa paikaansa. Leonova on tytt\u00f6nimelt\u00e4\u00e4n Holodova, ja sai nykyisen sukunimens\u00e4 menty\u00e4\u00e4n 1970-luvulla naimisiin ukrainalaisen <strong>Mihail Leonovin<\/strong> kansssa. Avioliiton kariuduttua Leonovan ja tuolloin siviilinimell\u00e4\u00e4n <strong>Vladimir Gundjajev<\/strong> tunnetun Kirillin v\u00e4lit l\u00e4mpeniv\u00e4t 1980-luvulla, ja Leonova asui tuolloin Kirillin luona Moskovassa.<\/p>\n<p>Patriarkan el\u00e4m\u00e4kerroissa ei mainita ket\u00e4\u00e4n, jonka nimi olisi Holodov. My\u00f6sk\u00e4\u00e4n Proekt ei l\u00f6yt\u00e4nyt patriarkan sukulaisia, joilla olisi t\u00e4m\u00e4 sukunimi.<\/p>\n<p>Proektin mukaan Leonova on omistanut muun muassa useita patriarkalle kuuluneita autoja, mukaan lukien kaksi BMW:t\u00e4.<\/p>\n<p>Kirill on ollut Ven\u00e4j\u00e4n ortodoksikirkon patriarkka vuodesta 2009. H\u00e4n on tukenut n\u00e4kyv\u00e4sti Ven\u00e4j\u00e4n hy\u00f6kk\u00e4yssotaa Ukrainassa, ja v\u00e4itt\u00e4nyt sit\u00e4 kamppailuksi &#8221;pahan voimia vastaan&#8221;.<\/p>\n","protected":false},"excerpt":{"rendered":"Ven\u00e4j\u00e4n ortodoksisen kirkon johtaja, patriarkka Kirill on el\u00e4nyt jo vuosikymmenien ajan salarakkaan kanssa, kertoo Meduza Proekt-julkaisua siteeraten. Ortodoksisessa&hellip;\n","protected":false},"author":2,"featured_media":123995,"comment_status":"","ping_status":"","sticky":false,"template":"","format":"standard","meta":{"footnotes":""},"categories":[14],"tags":[648,1075,1074,22,23,26,27,33,31,30,17,24,25,28,29,2325,15,18,21,32,19,20,21377,56,16,59,60,61],"class_list":{"0":"post-123994","1":"post","2":"type-post","3":"status-publish","4":"format-standard","5":"has-post-thumbnail","7":"category-ulkomaat","8":"tag-autot","9":"tag-avioliitto","10":"tag-avioliitto-ja-parisuhde","11":"tag-breaking-news","12":"tag-breakingnews","13":"tag-featured-news","14":"tag-featurednews","15":"tag-fi","16":"tag-finland","17":"tag-finnish","18":"tag-headlines","19":"tag-latest-news","20":"tag-latestnews","21":"tag-main-news","22":"tag-mainnews","23":"tag-moskova-venaja","24":"tag-news","25":"tag-otsikot","26":"tag-paauutiset","27":"tag-suomi","28":"tag-top-stories","29":"tag-topstories","30":"tag-ukrainan-kriisi","31":"tag-ulkomaat","32":"tag-uutiset","33":"tag-world","34":"tag-world-news","35":"tag-worldnews"},"share_on_mastodon":{"url":"https:\/\/pubeurope.com\/@fi\/115768755824920923","error":""},"_links":{"self":[{"href":"https:\/\/www.europesays.com\/fi\/wp-json\/wp\/v2\/posts\/123994","targetHints":{"allow":["GET"]}}],"collection":[{"href":"https:\/\/www.europesays.com\/fi\/wp-json\/wp\/v2\/posts"}],"about":[{"href":"https:\/\/www.europesays.com\/fi\/wp-json\/wp\/v2\/types\/post"}],"author":[{"embeddable":true,"href":"https:\/\/www.europesays.com\/fi\/wp-json\/wp\/v2\/users\/2"}],"replies":[{"embeddable":true,"href":"https:\/\/www.europesays.com\/fi\/wp-json\/wp\/v2\/comments?post=123994"}],"version-history":[{"count":0,"href":"https:\/\/www.europesays.com\/fi\/wp-json\/wp\/v2\/posts\/123994\/revisions"}],"wp:featuredmedia":[{"embeddable":true,"href":"https:\/\/www.europesays.com\/fi\/wp-json\/wp\/v2\/media\/123995"}],"wp:attachment":[{"href":"https:\/\/www.europesays.com\/fi\/wp-json\/wp\/v2\/media?parent=123994"}],"wp:term":[{"taxonomy":"category","embeddable":true,"href":"https:\/\/www.europesays.com\/fi\/wp-json\/wp\/v2\/categories?post=123994"},{"taxonomy":"post_tag","embeddable":true,"href":"https:\/\/www.europesays.com\/fi\/wp-json\/wp\/v2\/tags?post=123994"}],"curies":[{"name":"wp","href":"https:\/\/api.w.org\/{rel}","templated":true}]}}