{"id":123996,"date":"2025-12-23T11:56:11","date_gmt":"2025-12-23T11:56:11","guid":{"rendered":"https:\/\/www.europesays.com\/fi\/123996\/"},"modified":"2025-12-23T11:56:11","modified_gmt":"2025-12-23T11:56:11","slug":"sdpn-vaikuttajilla-on-kolme-inhokkia-hallituskumppaneiksi-kotimaa","status":"publish","type":"post","link":"https:\/\/www.europesays.com\/fi\/123996\/","title":{"rendered":"SDP:n vaikuttajilla on kolme inhokkia hallituskumppaneiksi | Kotimaa"},"content":{"rendered":"<p class=\"aw-1gybjub aw-1p7kakr kEtdKx cEmitX yle__article__paragraph\">\u2013 Sanon t\u00e4m\u00e4n selv\u00e4sti: elinkeinoel\u00e4m\u00e4 pit\u00e4\u00e4 n\u00e4hd\u00e4 yhteisty\u00f6kumppanina ja yritysel\u00e4m\u00e4n tarpeita pit\u00e4\u00e4 kuunnella herk\u00e4ll\u00e4 korvalla.<\/p>\n<p class=\"aw-1gybjub aw-1p7kakr kEtdKx cEmitX yle__article__paragraph\">Lindtmanin edelt\u00e4j\u00e4\u00e4ns\u00e4 <strong class=\"aw-ak79eh KyCXm yle__article__strong\">Sanna Marinia<\/strong> tiukempi talouslinja puhutti jo ennen vallanvaihtoa.<\/p>\n<p class=\"aw-1gybjub aw-1p7kakr kEtdKx cEmitX yle__article__paragraph\">Moni pohti, luotsaako vantaalainen \u201dtulevaisuusdemari\u201d SDP:t\u00e4 enemm\u00e4n oikealle?<\/p>\n<p class=\"aw-1gybjub aw-1p7kakr kEtdKx cEmitX yle__article__paragraph\">Nyt Lindtmanilla on jo takana yli kaksi vuotta suurimman oppositiopuolueen johdossa.<\/p>\n<p class=\"aw-1gybjub aw-1p7kakr kEtdKx cEmitX yle__article__paragraph\">On siis osuva paikka pienelle v\u00e4litilinp\u00e4\u00e4t\u00f6kselle.<\/p>\n<p class=\"aw-1gybjub aw-1p7kakr kEtdKx cEmitX yle__article__paragraph\">Yle selvitti, miten puolueaktiivit arvioivat puheenjohtajan onnistuneen teht\u00e4v\u00e4ss\u00e4\u00e4n ja mit\u00e4 mielt\u00e4 he ovat puolueen nykyisest\u00e4 talouspolitiikan linjasta.<\/p>\n<p class=\"aw-1gybjub aw-1p7kakr kEtdKx cEmitX yle__article__paragraph\">Kysyimme my\u00f6s, mink\u00e4 puolueiden kanssa he n\u00e4kisiv\u00e4t SDP:n mieluiten seuraavassa hallituksessa \u2013 ja mink\u00e4 kanssa eiv\u00e4t.<\/p>\n<p class=\"aw-1gybjub aw-1p7kakr kEtdKx cEmitX yle__article__paragraph\">Kysely toimitettiin laajalle joukolle puolueen toimijoita. Vastaajien joukossa on muun muassa puoluevaltuuston ja -hallituksen sek\u00e4 piirihallitusten j\u00e4seni\u00e4. Vastauksia tuli yli 80.<\/p>\n<p class=\"aw-1gybjub aw-1p7kakr kEtdKx cEmitX yle__article__paragraph\">Ilmeni, ett\u00e4 Lindtmanin katsotaan suoriutuneen teht\u00e4v\u00e4ss\u00e4\u00e4n hyvin. Sinipunahallitus ei sen sijaan kentt\u00e4v\u00e4ke\u00e4 houkuta.<\/p>\n<p>Arvosana Lindtmanille: 8,5<\/p>\n<p class=\"aw-1gybjub aw-1p7kakr kEtdKx cEmitX yle__article__paragraph\">Niin kliseiselt\u00e4 kuin se kuulostaakin, Antti Lindtmanilla on ollut oikeasti suuret saappaat t\u00e4ytett\u00e4v\u00e4n\u00e4.<\/p>\n<p class=\"aw-1gybjub aw-1p7kakr kEtdKx cEmitX yle__article__paragraph\">Onnistuihan edelt\u00e4j\u00e4n <strong class=\"aw-ak79eh KyCXm yle__article__strong\">Sanna Marinin<\/strong> johtama hallitus luovimaan keskell\u00e4 globaalia pandemiaa ja rajanaapuri Ven\u00e4j\u00e4n aloittamaa t\u00e4ysmittaista hy\u00f6kk\u00e4yssotaa.<\/p>\n<p><img decoding=\"async\" alt=\"SDP:n kolmip\u00e4iv\u00e4inen puoluekokous alkoi Jyv\u00e4skyl\u00e4n Paviljongissa 1. syyskuuta 2023. \" src=\"https:\/\/www.europesays.com\/fi\/wp-content\/uploads\/2025\/12\/39-116672064f34a95c93c4.jpeg\" loading=\"lazy\" class=\"aw-1l9m598 hKVVvP\"\/><\/p>\n<p>Avaa kuvien katselu<\/p>\n<p>Antti Lindtman valittiin puheenjohtajaksi h\u00e4nen kahmittuaan yli kolme nelj\u00e4sosaa neuvoa-antavan j\u00e4sen\u00e4\u00e4nestyksen \u00e4\u00e4nist\u00e4. Vastaehdokkaana ollut kansanedustaja Krista Kiuru oli hallituskonkarina Sanna Marinin t\u00e4rke\u00e4 tuki ja turva hallituksessa. Kuva: Silja Viitala \/ Yle<\/p>\n<p class=\"aw-1gybjub aw-1p7kakr kEtdKx cEmitX yle__article__paragraph\">Kunta- ja aluevaaleissa SDP nappasi merkitt\u00e4v\u00e4n vaalivoiton. Puolueen kannatus on eduskuntavaaleja koskevissa mittauksissa kivunnut Lindtmanin johdolla v\u00e4lill\u00e4 jopa yli er\u00e4\u00e4nlaisena haamurajana pidetyn 25 prosentin.<\/p>\n<p class=\"aw-1gybjub aw-1p7kakr kEtdKx cEmitX yle__article__paragraph\">Puolueen toimijat katsovat Lindtmanin onnistuneen teht\u00e4v\u00e4ss\u00e4\u00e4n hyvin: Asteikolla 1\u201310, arvosanojen keskiarvo on 8,5.<\/p>\n<p class=\"aw-1gybjub aw-1p7kakr kEtdKx cEmitX yle__article__paragraph\">Arviossaan alle kahdeksikkoon p\u00e4\u00e4tyi vain kourallinen vastaajia.<\/p>\n<p class=\"aw-1gybjub aw-1p7kakr kEtdKx cEmitX yle__article__paragraph\">Lindtman saa kiitosta selke\u00e4st\u00e4 ulosannista, vastuullisuudesta ja siit\u00e4, ettei sorru turhaan h\u00f6tkyilyyn.<\/p>\n<p class=\"aw-1gybjub aw-1p7kakr kEtdKx cEmitX yle__article__paragraph\">Puheenjohtajaa kuitenkin kritisoidaan liiasta varovaisuudesta, karisman puutteesta ja n\u00e4kym\u00e4tt\u00f6myydest\u00e4.<\/p>\n<p class=\"aw-1gybjub aw-1p7kakr kEtdKx cEmitX yle__article__paragraph\">Moni vastaaja kuitenkin katsoo kannatuslukujen kertovan kiistatonta viesti\u00e4 puheenjohtajan onnistumisesta.<\/p>\n<p><img decoding=\"async\" alt=\"Vaalivalvojaisv\u00e4ki reagoi hyv\u00e4\u00e4n tulokseen.\" src=\"https:\/\/www.europesays.com\/fi\/wp-content\/uploads\/2025\/12\/39-145096967fcdd8303bff.jpeg\" loading=\"lazy\" class=\"aw-1l9m598 hKVVvP\"\/><\/p>\n<p>Avaa kuvien katselu<\/p>\n<p>SDP oli alue- ja kuntavaalien kiistaton voittaja. Kuva puolueen vaalivalvojaisista Helsingiss\u00e4 13. huhtikuuta. Kuva: Silja Viitala \/ Yle<\/p>\n<p class=\"aw-1gybjub aw-1p7kakr kEtdKx cEmitX yle__article__paragraph\">Osa \u201dkunniasta\u201d annetaan my\u00f6s nykyiselle hallitukselle.<\/p>\n<p class=\"aw-1gybjub aw-1p7kakr kEtdKx cEmitX yle__article__paragraph\">\u2013 Nykyinen hallitus on niin perseest\u00e4, ett\u00e4 on helppoa olla oppositiojohtaja, yksi vastaaja muotoilee.<\/p>\n<p class=\"aw-1gybjub aw-1p7kakr kEtdKx cEmitX yle__article__paragraph\">Puoluejohdon ansioita v\u00e4h\u00e4ttelem\u00e4tt\u00e4 SDP on saanut vetoapua hallituksen ep\u00e4suosiosta.<\/p>\n<p class=\"aw-1gybjub aw-1p7kakr kEtdKx cEmitX yle__article__paragraph\">Hallituspuolueiden yhteenlaskettu kannatus mukailee mittauksissa jo poikkeuksellisen ep\u00e4suositun <strong class=\"aw-ak79eh KyCXm yle__article__strong\">Juha Sipil\u00e4n<\/strong> hallituksen kannatusta.<\/p>\n<p class=\"aw-1gybjub aw-1p7kakr kEtdKx cEmitX yle__article__paragraph\">Voi my\u00f6s ajatella, ett\u00e4 esimerkiksi keskustelu hyvinvointialueiden tiukoista s\u00e4\u00e4st\u00f6toimista on satanut erityisesti sote-kysymyksiss\u00e4 vahvan puolueen laariin \u2013 siit\u00e4kin huolimatta, ett\u00e4 sote-uudistus ja sen rahoitusmalli vietiin maaliin SDP:n vahtivuorolla.<\/p>\n<p><img decoding=\"async\" alt=\"Oppositiopuolueiden edustajat eduskunnan valtiosalissa median edess\u00e4.\" src=\"https:\/\/www.europesays.com\/fi\/wp-content\/uploads\/2025\/12\/39-15538146916fe6b3b0f6.jpeg\" loading=\"lazy\" class=\"aw-1l9m598 hKVVvP\"\/><\/p>\n<p>Avaa kuvien katselu<\/p>\n<p>Oppositiopuolueet vetosivat marraskuussa 2025 p\u00e4\u00e4ministeriin, jotta h\u00e4n perustaisi parlamentaarisen ty\u00f6ryhm\u00e4n ratkomaan hyvinvointialueiden talousongelmia. Kuva: Henrietta Hassinen \/ Yle<\/p>\n<p class=\"aw-1gybjub aw-1p7kakr kEtdKx cEmitX yle__article__paragraph\">Monissa vastauksissa nousee esiin talouspolitiikka.<\/p>\n<p class=\"aw-1gybjub aw-1p7kakr kEtdKx cEmitX yle__article__paragraph\">\u2013 Antti on vakuuttava ja asiapitoinen, selke\u00e4sanainen viestij\u00e4. Sisimm\u00e4lt\u00e4\u00e4n kuitenkin ehk\u00e4 aavistuksen oikealla, mik\u00e4 varmasti jakaa puoluev\u00e4ke\u00e4.<\/p>\n<p class=\"aw-1gybjub aw-1p7kakr kEtdKx cEmitX yle__article__paragraph\">Yksi vastaaja kuvaa puolueen talouslinjan muuttuneen Lindtmanin johdolla realistisemmaksi \u201dkymmenen vuoden harharetken j\u00e4lkeen\u201d.<\/p>\n<p class=\"aw-1gybjub aw-1p7kakr kEtdKx cEmitX yle__article__paragraph\">Toinen vastaaja pit\u00e4\u00e4 t\u00e4rke\u00e4n\u00e4, ett\u00e4 puolue ei v\u00e4it\u00e4 \u201dpalauttavansa Suomea vuoden 2023 kev\u00e4\u00e4seen\u201d eli lupaa <strong class=\"aw-ak79eh KyCXm yle__article__strong\">Petteri Orpon<\/strong> (kok.) hallituksen p\u00e4\u00e4t\u00f6sten perumista.<\/p>\n<p class=\"aw-1gybjub aw-1p7kakr kEtdKx cEmitX yle__article__paragraph\">Toisenlaisiakin n\u00e4kemyksi\u00e4 on.<\/p>\n<p class=\"aw-1gybjub aw-1p7kakr kEtdKx cEmitX yle__article__paragraph\">Er\u00e4\u00e4n vastaajan mukaan puheenjohtajalta on puuttunut selk\u00e4rankaa muun muassa hallituksen tekemien leikkausten ja ty\u00f6el\u00e4m\u00e4muutosten vastustamisessa.<\/p>\n<p class=\"aw-1gybjub aw-1p7kakr kEtdKx cEmitX yle__article__paragraph\">\u2013 Edes lakko-oikeutta Lindtman ei ole uskaltanut puolustaa ilman loputonta kiemurtelua, vastaaja kirjoittaa.<\/p>\n<p class=\"aw-1gybjub aw-1p7kakr kEtdKx cEmitX yle__article__paragraph\">Katso alla olevalta videolta, miten kaksi SDP:n vaikuttajaa kommentoi Lindtmanin onnistumista ja puoleen linjaa.<\/p>\n<p>Hollolalainen SDP:n puoluevaltuuston j\u00e4sen Kari Hyyti\u00e4 ja Savo-Karjalan piirihallituksen varapuheenjohtaja, kontiolahtelainen Juha Pakarinen ovat tyytyv\u00e4isi\u00e4 Antti Lindtmanin toimintaan puolueen johdossa. Hyyti\u00e4 kuitenkin kaipaa puheenjohtajalta s\u00e4rmikk\u00e4\u00e4mp\u00e4\u00e4 otetta.<\/p>\n<p>Viidennes katsoo puolueen liukuneen liikaa oikealle<\/p>\n<p class=\"aw-1gybjub aw-1p7kakr kEtdKx cEmitX yle__article__paragraph\">SDP:n sis\u00e4ll\u00e4 jakolinjat kulkevat puolueen vasemmistolaisempien ja enemm\u00e4n oikealle kallellaan olevien v\u00e4lill\u00e4.<\/p>\n<p class=\"aw-1gybjub aw-1p7kakr kEtdKx cEmitX yle__article__paragraph\">Vankka enemmist\u00f6 Ylen kyselyyn vastanneista kertoo kuitenkin olevansa tyytyv\u00e4inen puoluejohdon nykyiseen talouslinjaan.<\/p>\n<p class=\"aw-1gybjub aw-1p7kakr kEtdKx cEmitX yle__article__paragraph\">\u2013 Oppositiossa on eri vet\u00e4\u00e4 linjaa kuin hallituspuolueena. N\u00e4kisin mielell\u00e4ni, ett\u00e4 SDP perustelisi viel\u00e4 selke\u00e4mmin ulosp\u00e4in, miten sen suhde julkiseen velkaan eroaa hallituksen linjasta.<\/p>\n<p class=\"aw-1gybjub aw-1p7kakr kEtdKx cEmitX yle__article__paragraph\">Vain viidennes vastaajista sen sijaan katsoo puolueen siirtyneen viimeisen kahden vuoden aikana talouspolitiikassa liikaa oikealle.<\/p>\n<p class=\"aw-1gybjub aw-1p7kakr kEtdKx cEmitX yle__article__paragraph\">\u2013 Oikeistosiipi on heitt\u00e4nyt ja pelotellut muut pois, er\u00e4s heist\u00e4 kuvaa.<\/p>\n<p class=\"aw-1gybjub aw-1p7kakr kEtdKx cEmitX yle__article__paragraph\">Osa vastaajista katsoo puolueen talouslinjan muuttuneen vain v\u00e4h\u00e4n, jos ollenkaan.<\/p>\n<p class=\"aw-1gybjub aw-1p7kakr kEtdKx cEmitX yle__article__paragraph\">Ja jos se onkin muuttunut, muutos on parempaan, talouden realiteetit tunnustavaan suuntaan.<\/p>\n<p class=\"aw-1gybjub aw-1p7kakr kEtdKx cEmitX yle__article__paragraph\">\u2013 Maailma ymp\u00e4rill\u00e4 on muuttunut aiempaan n\u00e4hden: korkotaso noussut, v\u00e4h\u00e4inenkin talouden puskuri k\u00e4ytetty pandemian aikana ja ty\u00f6tt\u00f6myys noussut kest\u00e4m\u00e4tt\u00f6m\u00e4ll\u00e4 tavalla. Eih\u00e4n t\u00e4ss\u00e4 mik\u00e4\u00e4n vastuullinen puolue voi muuta kuin el\u00e4\u00e4 aikansa mukaisesti.<\/p>\n<p class=\"aw-1gybjub aw-1p7kakr kEtdKx cEmitX yle__article__paragraph\">\u2013 Vaikka olenkin itse vasemman laidan demari, koen ett\u00e4 vastuuta ei voi v\u00e4ist\u00e4\u00e4 ja aika ajoin on teht\u00e4v\u00e4 omaa etiikkaa vastaan sotivia p\u00e4\u00e4t\u00f6ksi\u00e4.<\/p>\n<p><img decoding=\"async\" alt=\"Joona R\u00e4s\u00e4nen haastattelutilanteessa eduskunnan k\u00e4yt\u00e4v\u00e4ll\u00e4.\" src=\"https:\/\/www.europesays.com\/fi\/wp-content\/uploads\/2025\/12\/39-1568552693bd71410fc7.jpeg\" loading=\"lazy\" class=\"aw-1l9m598 hKVVvP\"\/><\/p>\n<p>Avaa kuvien katselu<\/p>\n<p>Valitovarainvaliokunnan j\u00e4sen, kansanedustaja Joona R\u00e4s\u00e4nen on noussut puolueessa merkitt\u00e4v\u00e4n talousosaajan asemaan. Kaikkia kyselyyn vastanneita R\u00e4s\u00e4sen rooli ei miellyt\u00e4. Kuva: Henrietta Hassinen \/ Yle<\/p>\n<p class=\"aw-1gybjub aw-1p7kakr kEtdKx cEmitX yle__article__paragraph\">Puolueen vasempaa siipe\u00e4 edustava kolmas varapuheenjohtaja <strong class=\"aw-ak79eh KyCXm yle__article__strong\">Matias M\u00e4kynen<\/strong> j\u00e4tti eduskuntaryhm\u00e4ss\u00e4 p\u00e4\u00e4t\u00f6kseen <a class=\"aw-iao6s4 iHOxEa yle__article__link\" href=\"https:\/\/yle.fi\/a\/74-20188385\" role=\"link\" rel=\"nofollow noopener\" target=\"_blank\">eri\u00e4v\u00e4n mielipiteen <\/a>kansanedustaja <strong class=\"aw-ak79eh KyCXm yle__article__strong\">Krista Kiurun<\/strong> tukemana.<\/p>\n<p class=\"aw-1gybjub aw-1p7kakr kEtdKx cEmitX yle__article__paragraph\">Mukana olevat puolueet sitoutuivat taittamaan Suomen velkaantumista pitk\u00e4ksi ajaksi eteenp\u00e4in. Edess\u00e4 on siis tiukan talouskurin aikoja.<\/p>\n<p class=\"aw-1gybjub aw-1p7kakr kEtdKx cEmitX yle__article__paragraph\">Sovusta ulos j\u00e4i ainoastaan vasemmistoliitto.<\/p>\n<p class=\"aw-1gybjub aw-1p7kakr kEtdKx cEmitX yle__article__paragraph\">Enemmist\u00f6 vastaajista katsoo, ett\u00e4 SDP:n p\u00e4\u00e4t\u00f6s sitoutua sopuun kertoo vastuunkannosta. Vaikka moni n\u00e4kee jarrussa ongelmia, he seisovat p\u00e4\u00e4t\u00f6ksen takana.<\/p>\n<p class=\"aw-1gybjub aw-1p7kakr kEtdKx cEmitX yle__article__paragraph\">\u2013 Suomen taloustilanteen parantamiseksi tarvitaan ehdottomasti kaikkien puolueiden yhteisty\u00f6t\u00e4. Pois j\u00e4tt\u00e4ytyminen ei edist\u00e4 asiaa.<\/p>\n<p class=\"aw-1gybjub aw-1p7kakr kEtdKx cEmitX yle__article__paragraph\">\u2013 Hyv\u00e4\u00e4 t\u00e4ss\u00e4 on se, ett\u00e4 katteettomat lupaukset vaalien alla velkaantumisen lopettamisesta loppuu. Haastava paketti toki, er\u00e4s kirjoittaa.<\/p>\n<p class=\"aw-1gybjub aw-1p7kakr kEtdKx cEmitX yle__article__paragraph\">Joka viides vastaaja on sit\u00e4 mielt\u00e4, ett\u00e4 valittu linja oli v\u00e4\u00e4r\u00e4. Er\u00e4s vastaaja kuvaa puolueen ampuneen itse\u00e4\u00e4n p\u00e4\u00e4t\u00f6ksell\u00e4 nilkkaan.<\/p>\n<p>Hallituskumppaneiksi selv\u00e4t suosikit<\/p>\n<p class=\"aw-1gybjub aw-1p7kakr kEtdKx cEmitX yle__article__paragraph\">Kev\u00e4\u00e4n 2027 eduskuntavaalit h\u00e4\u00e4m\u00f6tt\u00e4v\u00e4t jo horisontissa, ja SDP on kannatusmittausten mukaan vahva ennakkosuosikki kisassa p\u00e4\u00e4ministeripuolueen paikasta.<\/p>\n<p class=\"aw-1gybjub aw-1p7kakr kEtdKx cEmitX yle__article__paragraph\">Vaalien l\u00e4hestyess\u00e4 kiihtyv\u00e4t my\u00f6s spekulaatiot seuraavasta mahdollisesta hallituspohjasta.<\/p>\n<p class=\"aw-1gybjub aw-1p7kakr kEtdKx cEmitX yle__article__paragraph\">Demareilla on kokemusta monenlaiseen yhteisty\u00f6h\u00f6n mukautumisesta.<\/p>\n<p class=\"aw-1gybjub aw-1p7kakr kEtdKx cEmitX yle__article__paragraph\">Pyysimme puoluev\u00e4ke\u00e4 nime\u00e4m\u00e4\u00e4n enint\u00e4\u00e4n kolme mieluisinta hallituskumppania.<\/p>\n<p class=\"aw-1gybjub aw-1p7kakr kEtdKx cEmitX yle__article__paragraph\">Tulos on selke\u00e4: Kaikista mieluisin hallituskumppani SDP:lle olisi vasemmistoliitto ja toiseksi mieluisin keskusta. Kolmannelle sijalle ylt\u00e4\u00e4 vihre\u00e4t.<\/p>\n<p class=\"aw-1gybjub aw-1p7kakr kEtdKx cEmitX yle__article__paragraph\">\u2013 Vihreist\u00e4 ja vasemmistoliitosta tarvitaan ainakin toinen mukaan hallitusvastuuseen. Vihre\u00e4t n\u00e4ytt\u00e4v\u00e4t realistisemmilta, yksi vastaaja pohtii.<\/p>\n<p class=\"aw-1gybjub aw-1p7kakr kEtdKx cEmitX yle__article__paragraph\">Keskustan johto on jo todennut, ett\u00e4 puolue ei en\u00e4\u00e4 suostu Marinin hallituksen kaltaiseen vihervasemmistolaiseen kokoonpanoon.<\/p>\n<p class=\"aw-1gybjub aw-1p7kakr kEtdKx cEmitX yle__article__paragraph\">Ei siit\u00e4k\u00e4\u00e4n huolimatta, ett\u00e4 Lindtmanin SDP on keskustalle mieluisampi hallituskumppani kuin Marinin SDP.<\/p>\n<p class=\"aw-1gybjub aw-1p7kakr kEtdKx cEmitX yle__article__paragraph\">Nykyisen p\u00e4\u00e4ministeripuolue kokoomuksen kolmen mieluisimman k\u00e4rkeen nime\u00e4\u00e4 joka nelj\u00e4s vastaaja.<\/p>\n<p>PS:n kanssa hallitukseen ei halua juuri kukaan<\/p>\n<p class=\"aw-1gybjub aw-1p7kakr kEtdKx cEmitX yle__article__paragraph\">Ent\u00e4 ne v\u00e4hemm\u00e4n toivotut vaihtoehdot?<\/p>\n<p class=\"aw-1gybjub aw-1p7kakr kEtdKx cEmitX yle__article__paragraph\">Ensimm\u00e4iselle sijalle nousee perussuomalaiset, jonka ei-toivotuimpien hallituskumppanien listalle on nostanut l\u00e4hes jokainen vastaaja.<\/p>\n<p class=\"aw-1gybjub aw-1p7kakr kEtdKx cEmitX yle__article__paragraph\">Toiseksi eniten mainintoja demarivaikuttajilta saa kristillisdemokraatit ja kolmannelle sijalle nousee kokoomus.<\/p>\n<p class=\"aw-1gybjub aw-1p7kakr kEtdKx cEmitX yle__article__paragraph\">\u2013 Perussuomalaisten kanssa arvopohja on liian vinossa. Seuraavan hallituksen on my\u00f6s lis\u00e4tt\u00e4v\u00e4 maahanmuuttoa ja siihen PS:n politiikan sitouttaminen tuskin onnistuisi.<\/p>\n<p class=\"aw-1gybjub aw-1p7kakr kEtdKx cEmitX yle__article__paragraph\">\u2013 KD ja Liike Nyt ovat turhan marginaalisia, ja KD:n osalta my\u00f6sk\u00e4\u00e4n arvopohja ei osu yksiin.<\/p>\n<p>Sinipunaa kaipaa vain kolmannes<\/p>\n<p class=\"aw-1gybjub aw-1p7kakr kEtdKx cEmitX yle__article__paragraph\">K\u00e4yt\u00e4v\u00e4puheissa vahvimpana veikkauksena on v\u00e4l\u00e4ytelty sinipunaa eli SDP:n ja kokoomuksen varaan rakentuvaa hallituspohjaa.<\/p>\n<p class=\"aw-1gybjub aw-1p7kakr kEtdKx cEmitX yle__article__paragraph\">Puolueiden l\u00e4hentymisest\u00e4 yhten\u00e4 merkkin\u00e4 on n\u00e4hty yhteisen s\u00e4velen l\u00f6ytyminen esimerkiksi kuntapolitiikassa.<\/p>\n<p class=\"aw-1gybjub aw-1p7kakr kEtdKx cEmitX yle__article__paragraph\">Valtakunnan politiikassa sinipuna ei kuitenkaan saa vahvaa kannatusta puolueen vaikuttajien joukossa.<\/p>\n<p class=\"aw-1gybjub aw-1p7kakr kEtdKx cEmitX yle__article__paragraph\">Kaksi kolmasosaa vastaajista ei toivo seuraavan hallituksen rakentuvan SDP:n ja kokoomuksen varaan.<\/p>\n<p class=\"aw-1gybjub aw-1p7kakr kEtdKx cEmitX yle__article__paragraph\">Kolmannes kuitenkin katsoo sinipunan olevan voittava hevonen.<\/p>\n<p class=\"aw-1gybjub aw-1p7kakr kEtdKx cEmitX yle__article__paragraph\">\u2013 Kuntapuolella sinipuna toimii parhaiten. J\u00e4rkev\u00e4 ja kohtuullinen linja on l\u00f6ydett\u00e4viss\u00e4 t\u00e4lt\u00e4 pohjalta valtakunnan politiikassakin.<\/p>\n<p class=\"aw-1gybjub aw-1p7kakr kEtdKx cEmitX yle__article__paragraph\">\u2013 T\u00e4ll\u00e4 hallituspohjalla saataisiin p\u00e4\u00e4hallituspuolueille tarpeeksi vahva pohja, jolle voidaan rakentaa toimiva enemmist\u00f6hallitus. Vaatii kuitenkin kokoomukselta n\u00f6yrtymist\u00e4 ja siirtymist\u00e4 pois oikeasta laidasta.<\/p>\n<p><img decoding=\"async\" alt=\"Lindtman ja Orpo.\" src=\"https:\/\/www.europesays.com\/fi\/wp-content\/uploads\/2025\/12\/39-144919967f818845bcba.jpeg\" loading=\"lazy\" class=\"aw-1l9m598 hKVVvP\"\/><\/p>\n<p>Avaa kuvien katselu<\/p>\n<p>SDP:n puheenjohtaja Antti Lindtman ja kokoomuksen puheenjohtaja Petteri Orpo kuvattiin huhtikuussa 2025 alue- ja kuntavaalien suuren vaalikeskustelun iltana Ylen tiloissa Helsingin Pasilassa. Kuva: Silja Viitala \/ Yle<\/p>\n<p class=\"aw-1gybjub aw-1p7kakr kEtdKx cEmitX yle__article__paragraph\">Sinipunan vastustajista moni katsoo kokoomuksen liikkuneen liian kauas oikealle, jotta yhteist\u00e4 maaper\u00e4\u00e4 SDP:n kanssa olisi mahdollista rakentaa.<\/p>\n<p class=\"aw-1gybjub aw-1p7kakr kEtdKx cEmitX yle__article__paragraph\">\u2013 Kokoomus on n\u00e4ytt\u00f6ns\u00e4 antanut, eik\u00e4 ikin\u00e4 tule ajamaan tavallisen palkansaajan saati huonosti toimeentulevien asiaa.<\/p>\n<p class=\"aw-1gybjub aw-1p7kakr kEtdKx cEmitX yle__article__paragraph\">\u2013 Toistaiseksi vastaan ei, mutta mik\u00e4li Petteri Orpon johtaman kokoomuksen mieleen muistuu j\u00e4lleen, mik\u00e4 on hyvinvointivaltio ja miten sen rakenteet toimii, voi mieleni muuttua.<\/p>\n<p class=\"aw-1gybjub aw-1p7kakr kEtdKx cEmitX yle__article__paragraph\">Hallitusohjelma ja vaalien tulos lopulta ratkaisee, millaiseen kokoonpanoon on edellytyksi\u00e4 l\u00e4hte\u00e4, moni vastaajista muistuttaa.<\/p>\n<p class=\"aw-1gybjub aw-1p7kakr kEtdKx cEmitX yle__article__paragraph\">Vaikka vaalit ovat viel\u00e4 k\u00e4ym\u00e4tt\u00e4, osa vastaajista katsoo, ett\u00e4 oli miten oli, sinipunaan l\u00e4ht\u00f6 ei kannata.<\/p>\n<p class=\"aw-1gybjub aw-1p7kakr kEtdKx cEmitX yle__article__paragraph\">\u2013 Demareille ei koskaan ole k\u00e4ynyt kokoomuksen kelkassa hyvin.<\/p>\n<p class=\"aw-1gybjub aw-1p7kakr kEtdKx cEmitX yle__article__paragraph\">Jutussa k\u00e4ytetyt sitaatit ovat avovastauksia Ylen SDP:n vaikuttajille tekem\u00e4st\u00e4 kyselyst\u00e4. Kysely toimitettiin noin 200 henkil\u00f6lle. Vastaajia oli 82.<\/p>\n<p class=\"aw-1gybjub aw-1p7kakr kEtdKx cEmitX yle__article__paragraph\">Vastauksia k\u00e4sitell\u00e4\u00e4n anonyymisti, koska kritiikin esitt\u00e4minen esimerkiksi puoluejohtoa kohtaan voisi aiheuttaa toimijoille ongelmia. Vastaajien henkil\u00f6llisyydet ovat toimituksen tiedossa.<\/p>\n","protected":false},"excerpt":{"rendered":"\u2013 Sanon t\u00e4m\u00e4n selv\u00e4sti: elinkeinoel\u00e4m\u00e4 pit\u00e4\u00e4 n\u00e4hd\u00e4 yhteisty\u00f6kumppanina ja yritysel\u00e4m\u00e4n tarpeita pit\u00e4\u00e4 kuunnella herk\u00e4ll\u00e4 korvalla. Lindtmanin edelt\u00e4j\u00e4\u00e4ns\u00e4 Sanna&hellip;\n","protected":false},"author":2,"featured_media":123997,"comment_status":"","ping_status":"","sticky":false,"template":"","format":"standard","meta":{"footnotes":""},"categories":[12],"tags":[8567,22,23,26,27,33,31,30,17,71,24,25,28,29,15,18,21,637,22147,885,1556,32,19,20,16],"class_list":{"0":"post-123996","1":"post","2":"type-post","3":"status-publish","4":"format-standard","5":"has-post-thumbnail","7":"category-suomi","8":"tag-antti-lindtman","9":"tag-breaking-news","10":"tag-breakingnews","11":"tag-featured-news","12":"tag-featurednews","13":"tag-fi","14":"tag-finland","15":"tag-finnish","16":"tag-headlines","17":"tag-kotimaa","18":"tag-latest-news","19":"tag-latestnews","20":"tag-main-news","21":"tag-mainnews","22":"tag-news","23":"tag-otsikot","24":"tag-paauutiset","25":"tag-politiikka","26":"tag-sosiaalidemokraattiset-puolueet","27":"tag-suomen-poliittiset-puolueet","28":"tag-suomen-sosialidemokraattinen-puolue","29":"tag-suomi","30":"tag-top-stories","31":"tag-topstories","32":"tag-uutiset"},"share_on_mastodon":{"url":"https:\/\/pubeurope.com\/@fi\/115768760443691814","error":""},"_links":{"self":[{"href":"https:\/\/www.europesays.com\/fi\/wp-json\/wp\/v2\/posts\/123996","targetHints":{"allow":["GET"]}}],"collection":[{"href":"https:\/\/www.europesays.com\/fi\/wp-json\/wp\/v2\/posts"}],"about":[{"href":"https:\/\/www.europesays.com\/fi\/wp-json\/wp\/v2\/types\/post"}],"author":[{"embeddable":true,"href":"https:\/\/www.europesays.com\/fi\/wp-json\/wp\/v2\/users\/2"}],"replies":[{"embeddable":true,"href":"https:\/\/www.europesays.com\/fi\/wp-json\/wp\/v2\/comments?post=123996"}],"version-history":[{"count":0,"href":"https:\/\/www.europesays.com\/fi\/wp-json\/wp\/v2\/posts\/123996\/revisions"}],"wp:featuredmedia":[{"embeddable":true,"href":"https:\/\/www.europesays.com\/fi\/wp-json\/wp\/v2\/media\/123997"}],"wp:attachment":[{"href":"https:\/\/www.europesays.com\/fi\/wp-json\/wp\/v2\/media?parent=123996"}],"wp:term":[{"taxonomy":"category","embeddable":true,"href":"https:\/\/www.europesays.com\/fi\/wp-json\/wp\/v2\/categories?post=123996"},{"taxonomy":"post_tag","embeddable":true,"href":"https:\/\/www.europesays.com\/fi\/wp-json\/wp\/v2\/tags?post=123996"}],"curies":[{"name":"wp","href":"https:\/\/api.w.org\/{rel}","templated":true}]}}