{"id":124005,"date":"2025-12-23T12:17:08","date_gmt":"2025-12-23T12:17:08","guid":{"rendered":"https:\/\/www.europesays.com\/fi\/124005\/"},"modified":"2025-12-23T12:17:08","modified_gmt":"2025-12-23T12:17:08","slug":"brittikuninkaallisten-joulu-sandringhamissa-charlesin-tiukka-aikataulu-ja-perinteesta-poikkeavat-vieraat-kuninkaan-jakamien-potkujen-jaljilta","status":"publish","type":"post","link":"https:\/\/www.europesays.com\/fi\/124005\/","title":{"rendered":"Brittikuninkaallisten joulu Sandringhamissa: Charlesin tiukka aikataulu ja perinteest\u00e4 poikkeavat vieraat kuninkaan jakamien potkujen j\u00e4ljilt\u00e4"},"content":{"rendered":"<p>            AOP\n        <\/p>\n<p class=\"subtitle \">T\u00e4m\u00e4 joulu on muodollisen perheen perinteist\u00e4 huolimatta my\u00f6s aiempia herkempi.<\/p>\n<p class=\"article-content article-content-width !bg-background\">Brittikuninkaallisten jouluja on vietetty jo toista sataa vuotta Windsorien hallitsijaperheen yksityisess\u00e4 Sandringhamin linnassa. T\u00e4n\u00e4 vuonna tunnelma voi olla kire\u00e4.<\/p>\n<p class=\"font-weight-bold m-font-weight-bold article-content article-content-width !bg-background\">Arkistovideo: n\u00e4in kruunu kulkee miehelt\u00e4 toiselle, jos edellinen kuningas kaatuu<\/p>\n<p class=\"article-content article-content-width !bg-background\">Kuninkaallinen perhe kokoontuu Sandringhamiin viett\u00e4m\u00e4\u00e4n joulujuhliaan poikkeavalla porukalla.\u00a0Kuningas  \u2013  kanssa yhteisty\u00f6ss\u00e4 \u2013 on tunnetusti ojentanut potkujalkaa veljens\u00e4  suuntaan.<\/p>\n<p class=\"article-content article-content-width !bg-background\">Ensimm\u00e4isin\u00e4 vieraina hallitsijan ja kuningatar  is\u00e4nn\u00f6imille perhejuhlille jouluaattona aamulla saapuu tietysti seuraava vallanperij\u00e4, kruununprinssi William. H\u00e4nen mukanaan tulevat prinsessa  ja lapset prinssi , 12, prinsessa , 10, ja prinssi , 7.<\/p>\n<p class=\"article-content article-content-width !bg-background\">T\u00e4m\u00e4 on luonnollista my\u00f6s siksi, ett\u00e4 kruununprinssi asuu ylellisess\u00e4 Anmer Housessa, kartanossa, joka sijaitsee per\u00e4ti kuuden minuutin ajomatkan p\u00e4\u00e4ss\u00e4 Sandringham Housesta.<\/p>\n<p>Vieraslista muuttuu<\/p>\n<p class=\"article-content article-content-width !bg-background\">Seuraavaksi saapuvat Charlesin veli prinssi  ja  lastensa lady  ja lord\u00a0 kanssa.<\/p>\n<p>        <a itemprop=\"url\" href=\"https:\/\/www.seiska.fi\/kuninkaalliset\/prinssi-edward-rikkoi-raikeasti-saantoja-kuvat-leviavat-netissa\/1853744\" rel=\"nofollow noopener\" target=\"_blank\"><\/p>\n<p>\nKuvat levi\u00e4v\u00e4t\n<\/p>\n<p class=\"section-date\">\n        <strong class=\"article-section\" data-section=\"kuninkaalliset\"><br \/>\n            kuninkaalliset<br \/>\n        <\/strong><br \/>\n        1.7. 11:01\n    <\/p>\n<p>Prinssi Edward rikkoi r\u00e4ike\u00e4sti s\u00e4\u00e4nt\u00f6j\u00e4 \u2013 kuvat levi\u00e4v\u00e4t netiss\u00e4\n    <\/p>\n<p itemprop=\"description\" class=\"subtitle \">\n    Edwardin yll\u00e4tt\u00e4m\u00e4 nainen on kertonut tilanteesta.\n<\/p>\n<p>        <\/a><\/p>\n<p class=\"article-content article-content-width !bg-background\">My\u00f6s Charlesin sisko, prinsessa  sek\u00e4  ja  kolmen lapsensa kanssa osallistuvat juhlintaan. Niin ik\u00e4\u00e4n prinsessat  ja  ovat paikalla.<\/p>\n<p class=\"article-content article-content-width !bg-background\">T\u00e4ss\u00e4 alkavat joulun 2025 poikkeukset. Beatricen ja Eugenien vanhemmat  ja h\u00e4nen ex-vaimonsa  eiv\u00e4t osallistu. He ovat joutuneet hylki\u00f6iksi yhteytens\u00e4 vuoksi edesmenneen seksuaalirikollisen  kanssa.<\/p>\n<p>        <a itemprop=\"url\" href=\"https:\/\/www.seiska.fi\/kuninkaalliset\/charlesin-piina-jatkuu\/2018045\" rel=\"nofollow noopener\" target=\"_blank\"><\/p>\n<p>\nKuningas Charles\n<\/p>\n<p class=\"section-date\">\n        <strong class=\"article-section\" data-section=\"kuninkaalliset\"><br \/>\n            kuninkaalliset<br \/>\n        <\/strong><br \/>\n        11.12. 09:57\n    <\/p>\n<p>Charlesin piina jatkuu\n    <\/p>\n<p itemprop=\"description\" class=\"subtitle \">\n    Koko hovin maineen Jeffrey Epstein -yhteyksill\u00e4\u00e4n vaarantanut kuninkaan veli on yh\u00e4 kruununperij\u00e4 ja paljon muutakin.\n<\/p>\n<p>        <\/a><\/p>\n<p class=\"article-content article-content-width !bg-background\">My\u00f6s Prinssi  ja  j\u00e4\u00e4v\u00e4t j\u00e4lleen pois juhlista. He viett\u00e4v\u00e4t joulun Kaliforniassa lastensa prinssi , 6, ja prinsessa , 4, kanssa. Pariskunta on muuttanut Kaliforniaan, eik\u00e4 ole ollut kiinnostunut Sandringhamin jouluista sen j\u00e4lkeen.<\/p>\n<p>Tiukka aikataulu<\/p>\n<p class=\"article-content article-content-width !bg-background\">Juhla alkaa jouluaattona aamulla, kun perheenj\u00e4senet saapuvat Sandringham Houseen.\u00a0<\/p>\n<p class=\"article-content article-content-width !bg-background\"><a href=\"https:\/\/www.hellomagazine.com\/royalty\/873686\/king-charles-strict-christmas-timetable-unspoken-rule-revealed\/\" target=\"_blank\" rel=\"nofollow noopener\">Kuninkaallisten joulu ei Hello!-lehden mukaan kuitenkaan ole tavallisen perheen rentoa juhlaa<\/a>, vaan tiukasti aikataulutettu tapahtuma, jossa vaihdetaan useita asuja kolmen p\u00e4iv\u00e4n aikana.<\/p>\n<p>                <img decoding=\"async\" src=\"https:\/\/www.europesays.com\/fi\/wp-content\/uploads\/2025\/12\/2029357.webp\" width=\"576\" height=\"336\" alt=\"v\u00e4lill\u00e4 \u00e4ksy, v\u00e4lill\u00e4 brittihuumorin yst\u00e4v\u00e4 Charles on ilmeisesti lopulta oikeasti joulun yst\u00e4v\u00e4. H\u00e4net kuvattiin viime vuonna innokkaasti auttamassa yksityistiluksillaan Highgrove housen kansalle avoimia tiloja.\" loading=\"lazy\" \/>            <\/p>\n<p>\n            v\u00e4lill\u00e4 \u00e4ksy, v\u00e4lill\u00e4 brittihuumorin yst\u00e4v\u00e4 Charles on ilmeisesti lopulta oikeasti joulun yst\u00e4v\u00e4. H\u00e4net kuvattiin viime vuonna innokkaasti auttamassa yksityistiluksillaan Highgrove housen kansalle avoimia tiloja.<br \/>\n            AOP\n        <\/p>\n<p class=\"article-content article-content-width !bg-background\">Vieraiden t\u00e4ytyy heti saavuttuaan vaihtaa muodollisin mahdollinen asu lounasta varten. Iltap\u00e4iv\u00e4ll\u00e4 useimmat l\u00e4htev\u00e4t k\u00e4velylle, joka on ainoa aikataulullisesti l\u00f6ys\u00e4 hetki.<\/p>\n<p class=\"article-content article-content-width !bg-background\">Silti tasan kello viideksi t\u00e4ytyy olla takaisin osallistumassa seuraavaan yhteiseen hetkeen. Ja sitten j\u00e4lleen ollaan muodollisella illallisella.<\/p>\n<p>        <a itemprop=\"url\" href=\"https:\/\/www.seiska.fi\/ulkomaat\/brittihovin-tavikset-prinssi-edwardin-perhe-teki-harvinaisen-edustuskeikan-kuva\/361456\" rel=\"nofollow noopener\" target=\"_blank\"><\/p>\n<p>\nKATSO KUVA\n<\/p>\n<p class=\"section-date\">\n        <strong class=\"article-section\" data-section=\"ulkomaat\"><br \/>\n            ulkomaat<br \/>\n        <\/strong><br \/>\n        4.10.2020 14:01\n    <\/p>\n<p>Brittihovin tavikset?! Prinssi Edwardin perhe teki harvinaisen edustuskeikan \u2013 kuva!\n    <\/p>\n<p>        <\/a><\/p>\n<p class=\"article-content article-content-width !bg-background\">Joulup\u00e4iv\u00e4n aamuna kuninkaallisfanit jonottavat p\u00e4\u00e4st\u00e4kseen n\u00e4kem\u00e4\u00e4n perheen matkalla St Mary Magdalene -kirkkoon ja sielt\u00e4 pois.<\/p>\n<p>Erityinen joulu Katelle ja Charlesille<\/p>\n<p class=\"article-content article-content-width !bg-background\">T\u00e4m\u00e4 on Catherinen ensimm\u00e4inen joulu sen j\u00e4lkeen, kun h\u00e4n ilmoitti vuoden alussa olevansa remissiossa sy\u00f6v\u00e4st\u00e4.<\/p>\n<p class=\"article-content article-content-width !bg-background\">My\u00f6s kuningas Charles on saanut hyvi\u00e4 uutisia terveydest\u00e4\u00e4n, kun h\u00e4nen sy\u00f6p\u00e4hoitonsa on alettu v\u00e4hent\u00e4m\u00e4\u00e4n.<\/p>\n<p>        <a itemprop=\"url\" href=\"https:\/\/www.seiska.fi\/kuninkaalliset\/charles-julkaisi-videon-syovastaan\/2020599\" rel=\"nofollow noopener\" target=\"_blank\"><\/p>\n<p>\nSy\u00f6p\u00e4sairas Charles\n<\/p>\n<p class=\"section-date\">\n        <strong class=\"article-section\" data-section=\"kuninkaalliset\"><br \/>\n            kuninkaalliset<br \/>\n        <\/strong><br \/>\n        12.12. 20:00\n    <\/p>\n<p>Charles julkaisi videon sy\u00f6v\u00e4st\u00e4\u00e4n\n    <\/p>\n<p itemprop=\"description\" class=\"subtitle \">\n    Kuningas turvautui brittihuumoriin heti diagnoosin saatuaan helmikuussa 2024.\n<\/p>\n<p>        <\/a><\/p>\n<p class=\"article-content article-content-width !bg-background\">\u2013 Hyv\u00e4t uutiset nostavat varmasti perheen ja kuninkaan mielialaa, ja kenties aikatauluunkin suhtaudutaan t\u00e4n\u00e4 vuonna rennommin. Perheell\u00e4\u00a0on hyv\u00e4 tilaisuus rentoutua kesken\u00e4\u00e4n, kuninkaallisasiantuntija ja kirjailija  kertoo Hellolle.<\/p>\n","protected":false},"excerpt":{"rendered":"AOP T\u00e4m\u00e4 joulu on muodollisen perheen perinteist\u00e4 huolimatta my\u00f6s aiempia herkempi. Brittikuninkaallisten jouluja on vietetty jo toista sataa&hellip;\n","protected":false},"author":2,"featured_media":124006,"comment_status":"","ping_status":"","sticky":false,"template":"","format":"standard","meta":{"footnotes":""},"categories":[130],"tags":[4257,137,33,31,30,6656,5856,22091,19964,22145,20271,4197,20691,21806,212,98,22148,22150,11269,6468,22151,32,1469,22149,109],"class_list":{"0":"post-124005","1":"post","2":"type-post","3":"status-publish","4":"format-standard","5":"has-post-thumbnail","7":"category-viihde","8":"tag-englannin-kuninkaallinen-perhe","9":"tag-entertainment","10":"tag-fi","11":"tag-finland","12":"tag-finnish","13":"tag-hovi","14":"tag-joulu","15":"tag-jouluaatto","16":"tag-joulunvietto","17":"tag-joulupaiva","18":"tag-jouluperinne","19":"tag-kuningas-charles","20":"tag-kuningashuone","21":"tag-kuningasperhe","22":"tag-lifestyle","23":"tag-perhe","24":"tag-perhedraama","25":"tag-perheenjasen","26":"tag-perhesuhteet","27":"tag-prinssi-andrew","28":"tag-sandringham","29":"tag-suomi","30":"tag-syopa","31":"tag-tapaninpaiva","32":"tag-viihde"},"share_on_mastodon":{"url":"https:\/\/pubeurope.com\/@fi\/115768842203910057","error":""},"_links":{"self":[{"href":"https:\/\/www.europesays.com\/fi\/wp-json\/wp\/v2\/posts\/124005","targetHints":{"allow":["GET"]}}],"collection":[{"href":"https:\/\/www.europesays.com\/fi\/wp-json\/wp\/v2\/posts"}],"about":[{"href":"https:\/\/www.europesays.com\/fi\/wp-json\/wp\/v2\/types\/post"}],"author":[{"embeddable":true,"href":"https:\/\/www.europesays.com\/fi\/wp-json\/wp\/v2\/users\/2"}],"replies":[{"embeddable":true,"href":"https:\/\/www.europesays.com\/fi\/wp-json\/wp\/v2\/comments?post=124005"}],"version-history":[{"count":0,"href":"https:\/\/www.europesays.com\/fi\/wp-json\/wp\/v2\/posts\/124005\/revisions"}],"wp:featuredmedia":[{"embeddable":true,"href":"https:\/\/www.europesays.com\/fi\/wp-json\/wp\/v2\/media\/124006"}],"wp:attachment":[{"href":"https:\/\/www.europesays.com\/fi\/wp-json\/wp\/v2\/media?parent=124005"}],"wp:term":[{"taxonomy":"category","embeddable":true,"href":"https:\/\/www.europesays.com\/fi\/wp-json\/wp\/v2\/categories?post=124005"},{"taxonomy":"post_tag","embeddable":true,"href":"https:\/\/www.europesays.com\/fi\/wp-json\/wp\/v2\/tags?post=124005"}],"curies":[{"name":"wp","href":"https:\/\/api.w.org\/{rel}","templated":true}]}}