{"id":124020,"date":"2025-12-23T12:47:07","date_gmt":"2025-12-23T12:47:07","guid":{"rendered":"https:\/\/www.europesays.com\/fi\/124020\/"},"modified":"2025-12-23T12:47:07","modified_gmt":"2025-12-23T12:47:07","slug":"taloudessa-kaanteen-merkkeja-ostovoima-kasvaa-ja-luottamus-vahvistuu","status":"publish","type":"post","link":"https:\/\/www.europesays.com\/fi\/124020\/","title":{"rendered":"Taloudessa k\u00e4\u00e4nteen merkkej\u00e4: Ostovoima kasvaa ja luottamus vahvistuu"},"content":{"rendered":"<p class=\"ai-optimize-9 ai-optimize-introduction\">Ensi vuodelta on vihdoin lupa odottaa vahvempaa talouden ja ty\u00f6llisyyden kasvua, toteaa kolumnissaan ty\u00f6- ja elinkeinoministeri\u00f6n alivaltiosihteeri <strong>Elina Pylkk\u00e4nen<\/strong>.<\/p>\n<p class=\"ai-optimize-10\">\u2013 Viime vuonna t\u00e4h\u00e4n samaan aikaan ennakoitiin jo, ett\u00e4 ty\u00f6llisyys l\u00e4htee v\u00e4h\u00e4n kerrassaan kasvuun ja ty\u00f6tt\u00f6myys v\u00e4henee. Odotukset olivat korkealla, mutta realistiset. Optimismi perustui Suomen omiin l\u00e4ht\u00f6kohtiin. Suurimmat riskit liittyiv\u00e4t sodan kehityskulkuun sek\u00e4 geo- ja kauppapolitiikkaan \u2013 maamme ulkopuolelta nouseviin haasteisiin, Pylkk\u00e4nen <a href=\"https:\/\/tem.fi\/-\/tyomarkkinoiden-vilkastuminen-antoi-odottaa-2025-ehkei-enaa-2026\" target=\"_blank\" rel=\"noopener nofollow\">kirjoittaa<\/a>.<\/p>\n<p class=\"ai-optimize-11\">\u2013 Joudumme nyt toistamaan saman odotuksen ensi vuodelle talouden ja ty\u00f6markkinoiden elpymiselle. Kulunut vuosi tuotti odotuksille pettymyksen, mutta syyt eiv\u00e4t ole oman kansantaloutemme kasvuedellytyksiss\u00e4 yksist\u00e4\u00e4n, h\u00e4n jatkaa.<\/p>\n<p class=\"ai-optimize-12\">Pylkk\u00e4sen mukaan edellytykset talouskasvulle ovat kohdillaan.<\/p>\n<p class=\"ai-optimize-13\">\u2013 Inflaatio hidastui merkitt\u00e4v\u00e4sti ja Euroopan keskuspankki laski useaan otteeseen ohjauskorkoa, joka on asettunut alle puoleen vuoden takaisesta tasosta, eli kahteen prosenttiin. Kotitalouksien reaalinen ostovoima toipuu, sill\u00e4 keskim\u00e4\u00e4r\u00e4inen ansiotason nousu on ylitt\u00e4nyt yleisen hintatason nousun. Asuntomarkkinoilla havaitaan vilkastumista, vaikka kuluttajat ovat edelleen varovaisia ja s\u00e4\u00e4st\u00f6ss\u00e4 on varoja enemm\u00e4n kuin aikaisemmin, Pylkk\u00e4nen listaa my\u00f6nteisi\u00e4 merkkej\u00e4.<\/p>\n<p class=\"ai-optimize-14\">H\u00e4n kertoo my\u00f6s, ett\u00e4 yritysten tuotanto-odotukset ovat kohentuneet jonkin verran. My\u00f6s luottamus on vahvistunut trendinomaisesti kuluvana vuonna, vaikka toimialojen v\u00e4lill\u00e4 onkin merkitt\u00e4v\u00e4\u00e4 vaihtelua.<\/p>\n<p class=\"ai-optimize-15\">Talouden k\u00e4\u00e4nne n\u00e4kyy aikanaan my\u00f6s ty\u00f6markkinoilla.<\/p>\n<p class=\"ai-optimize-16\">\u2013 My\u00f6nteisi\u00e4 merkkej\u00e4 on jo havaittavissa. Ty\u00f6voiman kysynt\u00e4 elpyy sit\u00e4 mukaa, kun tuotanto kasvaa. Ty\u00f6voiman tarjonta ei aiheuta v\u00e4h\u00e4\u00e4n aikaan pullonkaulaa kasvulle. Tarjolla olevan ty\u00f6voiman m\u00e4\u00e4r\u00e4 on kasvanut viime vuosina, eik\u00e4 suinkaan vain irtisanomisten vuoksi, vaan ty\u00f6urien pitenemisen ja maahanmuuton vuoksi, Pylkk\u00e4nen kirjoittaa.<\/p>\n<p class=\"ai-optimize-17\">Kriisit kuitenkin heijastuvat Suomeen.<\/p>\n<p class=\"ai-optimize-18\">\u2013 Maailmantaloutta ja -kauppaa ovat ravistelleet USA:n asettamat tullit. Onneksi t\u00e4ss\u00e4 ennusteet ainakin osin meniv\u00e4t pieleen, sill\u00e4 vaikutusta Euroopan talouteen yliarvioitiin. Ensinn\u00e4kin tullitasot olivat lopulta neuvottelujen j\u00e4lkeen efektiivisesti pienemm\u00e4t kuin aluksi pel\u00e4ttiin. Toiseksi suurten yritysten sopeutumiskyky uuteen tariffiymp\u00e4rist\u00f6\u00f6n olikin huomattavasti ketter\u00e4mp\u00e4\u00e4 kuin etuk\u00e4teisarviot ennustivat. Siltikin korotetut tullitariffit heikent\u00e4v\u00e4t Suomen tavaravienti\u00e4 suoraan ja v\u00e4lillisesti, Pylkk\u00e4nen kirjoittaa.<\/p>\n<p class=\"ai-optimize-19\">\u2013 USA:n j\u00e4\u00e4nmurtajatilaukset kompensoivat heikennyksi\u00e4 ja elvytt\u00e4v\u00e4t kauppasuhteita, h\u00e4n kuitenkin toteaa.<\/p>\n<p class=\"ai-optimize-20\">Toinen suuri hidaste Suomen talouskasvulle on Pylkk\u00e4sen mukaan Ukrainassa k\u00e4yt\u00e4v\u00e4 sota, jonka seurauksena Ven\u00e4j\u00e4\u00e4n on kohdistettu talouspakotteita ja matkustusrajoituksia.<\/p>\n<p>Poimintoja videosis\u00e4ll\u00f6ist\u00e4mme<\/p>\n<p class=\"ai-optimize-21\">\u2013 Vaikka it\u00e4naapurimme taloudellinen merkitys on ollut viime vuosina pienenem\u00e4\u00e4n p\u00e4in, ovat ven\u00e4l\u00e4iset turistit olleet It\u00e4-Suomessa t\u00e4rke\u00e4 tulol\u00e4hde, joka on lopahtanut.<\/p>\n<p class=\"ai-optimize-22\">Pylkk\u00e4nen kertoo, ett\u00e4 EU-maiden puolustuskyvyn vahvistaminen ja mittavat infrastruktuuri-investoinnit hy\u00f6dytt\u00e4v\u00e4t Suomen vienti\u00e4 laajasti.<\/p>\n<p class=\"ai-optimize-23\">\u2013 Suomalaisten yritysten vahvuusalueet ovat juuri turvallisuus- ja puolustusteollisuus, energia- ja ilmastoteknologiat, dataintensiiviset alat sek\u00e4 tieto- ja viestint\u00e4teknologiat. N\u00e4ihin teollisuudenaloihin sis\u00e4ltyy paljon my\u00f6s palveluvienti\u00e4.<\/p>\n","protected":false},"excerpt":{"rendered":"Ensi vuodelta on vihdoin lupa odottaa vahvempaa talouden ja ty\u00f6llisyyden kasvua, toteaa kolumnissaan ty\u00f6- ja elinkeinoministeri\u00f6n alivaltiosihteeri Elina&hellip;\n","protected":false},"author":2,"featured_media":124021,"comment_status":"","ping_status":"","sticky":false,"template":"","format":"standard","meta":{"footnotes":""},"categories":[76],"tags":[79,77,33,31,30,32,78,862],"class_list":{"0":"post-124020","1":"post","2":"type-post","3":"status-publish","4":"format-standard","5":"has-post-thumbnail","7":"category-talous","8":"tag-business","9":"tag-economy","10":"tag-fi","11":"tag-finland","12":"tag-finnish","13":"tag-suomi","14":"tag-talous","15":"tag-tyollisyys"},"share_on_mastodon":{"url":"https:\/\/pubeurope.com\/@fi\/115768960376462493","error":""},"_links":{"self":[{"href":"https:\/\/www.europesays.com\/fi\/wp-json\/wp\/v2\/posts\/124020","targetHints":{"allow":["GET"]}}],"collection":[{"href":"https:\/\/www.europesays.com\/fi\/wp-json\/wp\/v2\/posts"}],"about":[{"href":"https:\/\/www.europesays.com\/fi\/wp-json\/wp\/v2\/types\/post"}],"author":[{"embeddable":true,"href":"https:\/\/www.europesays.com\/fi\/wp-json\/wp\/v2\/users\/2"}],"replies":[{"embeddable":true,"href":"https:\/\/www.europesays.com\/fi\/wp-json\/wp\/v2\/comments?post=124020"}],"version-history":[{"count":0,"href":"https:\/\/www.europesays.com\/fi\/wp-json\/wp\/v2\/posts\/124020\/revisions"}],"wp:featuredmedia":[{"embeddable":true,"href":"https:\/\/www.europesays.com\/fi\/wp-json\/wp\/v2\/media\/124021"}],"wp:attachment":[{"href":"https:\/\/www.europesays.com\/fi\/wp-json\/wp\/v2\/media?parent=124020"}],"wp:term":[{"taxonomy":"category","embeddable":true,"href":"https:\/\/www.europesays.com\/fi\/wp-json\/wp\/v2\/categories?post=124020"},{"taxonomy":"post_tag","embeddable":true,"href":"https:\/\/www.europesays.com\/fi\/wp-json\/wp\/v2\/tags?post=124020"}],"curies":[{"name":"wp","href":"https:\/\/api.w.org\/{rel}","templated":true}]}}