{"id":124027,"date":"2025-12-23T13:03:10","date_gmt":"2025-12-23T13:03:10","guid":{"rendered":"https:\/\/www.europesays.com\/fi\/124027\/"},"modified":"2025-12-23T13:03:10","modified_gmt":"2025-12-23T13:03:10","slug":"tallainen-on-dannyn-83-ja-helmi-loukasmaen-24-joulu-yhdessa-takana-vastoinkaymisten-vuosi","status":"publish","type":"post","link":"https:\/\/www.europesays.com\/fi\/124027\/","title":{"rendered":"T\u00e4llainen on Dannyn, 83, ja Helmi Loukasm\u00e4en, 24, joulu yhdess\u00e4 \u2013 Takana vastoink\u00e4ymisten vuosi"},"content":{"rendered":"<p>Laulaja Danny ja Helmi Loukasm\u00e4ki viett\u00e4v\u00e4t rauhallisen joulun l\u00e4heistens\u00e4 kanssa. Raumalle asettuneella kaksikolla on takanaan koettelemusten vuosi, joka on kysynyt sisukasta asennetta.<\/p>\n<p class=\"paragraph\">Joulu on viihteen konkarille <strong>Dannylle<\/strong>, 83, ja laulaja <strong>Helmi Loukasm\u00e4elle<\/strong>, 24, pys\u00e4htymisen aikaa. Joulun vietto alkaa, kun kaksikko palaa muutama p\u00e4iv\u00e4 ennen aattoa Kanariansaarten l\u00e4mm\u00f6st\u00e4 nahkat ruskettuneina.<\/p>\n<p class=\"paragraph\">\u2013 Haluamme rauhallista yhdess\u00e4oloa l\u00e4heistemme kanssa, Helmi Loukasm\u00e4ki kertoo.<\/p>\n<p class=\"paragraph\">\u2013 Ja ett\u00e4 perinteet jatkuvat, Danny s\u00e4est\u00e4\u00e4.<\/p>\n<p class=\"paragraph\">Helmi toivoo joululta eniten sit\u00e4, ett\u00e4 valkea lumi peitt\u00e4isi maan. N\u00e4in saattaa ollakin Etel\u00e4-Pohjanmaalla Ilmajoella, jonne Helmi suuntaa nauttimaan perheens\u00e4 joulup\u00f6yd\u00e4n antimista ja yhdess\u00e4olosta. Danny vierailee ensin oman j\u00e4lkikasvunsa luona, ja sitten joulun vietto jatkuu yhdess\u00e4.<\/p>\n<p><img decoding=\"async\" class=\"image image-show image-preview\" src=\"https:\/\/www.europesays.com\/fi\/wp-content\/uploads\/2025\/12\/3eb644ff4f8c99929835bbc78ee04a802ecc3d9a1a114c0a0199d09c7430a76d.jpg\" alt=\"\"\/><img decoding=\"async\" class=\"image image-show\" src=\"https:\/\/www.europesays.com\/fi\/wp-content\/uploads\/2025\/12\/1766494990_450_3eb644ff4f8c99929835bbc78ee04a802ecc3d9a1a114c0a0199d09c7430a76d.jpg\" alt=\"\"\/><\/p>\n<p>Dannylla ja Helmi Loukasm\u00e4ell\u00e4 on edess\u00e4\u00e4n viides joulu yhdess\u00e4. Pete Anikari<\/p>\n<p class=\"paragraph\">Dannyn joulusuosikit ovat kinkku, lohi ja m\u00e4dit lisukkeineen. H\u00e4n kertoo j\u00e4\u00e4neens\u00e4 koukkuun kananmuniin ja silleihin, joita on saatava joka joulu. Helmi taas ei kinkkuun koske.<\/p>\n<p class=\"paragraph\">\u2013 Laatikot, lohi ja m\u00e4ti ovat minun suosikkejani. Yleens\u00e4 olemme leiponeet perheen kesken esimerkiksi saaristolaisleip\u00e4\u00e4 joulup\u00f6yt\u00e4\u00e4n.<\/p>\n<p class=\"paragraph\">Lahjojen suhteen Helmi on Dannya innokkaampi, ja vaaleaverikk\u00f6 shoppailee etel\u00e4n l\u00e4mm\u00f6st\u00e4 matkalaukun t\u00e4yteen joululahjoja l\u00e4heisilleen.<\/p>\n<p>Helmi Loukasm\u00e4ki ei ole joulukinkun yst\u00e4v\u00e4. Pete Anikari<\/p>\n<p>Erilaiset perinteet<\/p>\n<p class=\"paragraph\">T\u00e4m\u00e4 on kaksikolle viides yhdess\u00e4 vietetty joulun aika. Danny sanoo verranneensa hieman vahingossakin heid\u00e4n erilaisia perhekulttuureitaan.<\/p>\n<p class=\"paragraph\">Viihteen legenda kuvailee olevansa eroperheest\u00e4, ja h\u00e4nen lapsuudessaan Rauman Vanha-Lahden kartanoa em\u00e4nn\u00f6inyt iso\u00e4iti kokosi sukua yhteen. Perhejouluja oli my\u00f6s avioliitossa <strong>Liisa Lipsasen<\/strong> kanssa lasten ollessa pieni\u00e4.<\/p>\n<p class=\"paragraph\">Nyt Danny sanoo lastensa olevan eri puolilla maailmaa, ja heit\u00e4 n\u00e4kee harvemmin.<\/p>\n<p class=\"paragraph\">\u2013 Helmin perhejoulut ovat tiiviimpi\u00e4, ja kun et\u00e4isyys ei ole siell\u00e4 kuin pari kilometri\u00e4, niin ihmiset vierailevat toistensa luona, h\u00e4n sanoo.<\/p>\n<p class=\"paragraph\">\u2013 Pienell\u00e4 paikkakunnalla my\u00f6s haudoilla k\u00e4yminen kuuluu voimakkaasti ymp\u00e4rivuotiseen el\u00e4m\u00e4\u00e4n, ja se l\u00e4mmitt\u00e4\u00e4 ison kaupungin pojan mielt\u00e4, h\u00e4n sanoo.<\/p>\n<p class=\"paragraph\">H\u00e4nkin pyrkii k\u00e4ym\u00e4\u00e4n joka joulu seitsem\u00e4n l\u00e4heisens\u00e4 haudalla muun muassa Helsingiss\u00e4 Hietaniemen hautausmaalla. Dannylle oman j\u00e4lkikasvun tapaaminen joulun aikaan on t\u00e4rke\u00e4\u00e4. H\u00e4n odottaa kovasti my\u00f6s helmikuuta, jolloin juhlitaan oman tytt\u00e4ren merkkip\u00e4iv\u00e4\u00e4 perhepiiriss\u00e4.<\/p>\n<p class=\"paragraph\">Helmi p\u00e4ivittelee, miten h\u00e4nen kotiseuturakkautensa on kuluneen vuoden mittaan vain kasvanut. Raumalta Ilmajoelle on my\u00f6s lyhyempi ajomatka.<\/p>\n<p class=\"paragraph\">\u2013 Koko ajan tekisi mieli l\u00e4hte\u00e4 Etel\u00e4-Pohjanmaalle, h\u00e4n naurahtaa.<\/p>\n<p class=\"paragraph\">Kaksikko viihtyy rivitalokolmiossaan, joka sijaitsee l\u00e4hell\u00e4 Rauman keskustaa kivenheiton p\u00e4\u00e4ss\u00e4 luontopolusta. Heill\u00e4 on omaa pihaa ja hyv\u00e4 autotalli.<\/p>\n<p class=\"paragraph\">\u2013 Ihmiset ovat miellytt\u00e4vi\u00e4, kannustavia ja auttavaisia, Helmi suitsuttaa raumalaisia.<\/p>\n<p>Rankka vuosi<\/p>\n<p class=\"paragraph\">Kulunutta vuotta ovat kuitenkin v\u00e4ritt\u00e4neet erilaiset vastoink\u00e4ymiset.<\/p>\n<p class=\"paragraph\">\u2013 Henkil\u00f6kohtaisessa el\u00e4m\u00e4ss\u00e4ni on ollut paljon sellaisia asioita, ett\u00e4 odotan kyll\u00e4 ensi vuodesta parempaa, Helmi tokaisee.<\/p>\n<p class=\"paragraph\">H\u00e4n ei halua eritell\u00e4 tarkkaan, mist\u00e4 on kyse. Se tiedet\u00e4\u00e4n, ett\u00e4 Danny on toipunut kuluneen vuoden aikana uutenavuotena tehdyst\u00e4 polven tekonivelleikkauksesta ja k\u00e4veleminen on ollut haastavaa.<\/p>\n<p class=\"paragraph\">\u2013 T\u00e4ytyy todeta, ett\u00e4 tieto jalkani toimimattomuudesta on edennyt hienosti, Danny murjaisee.<\/p>\n<p class=\"paragraph\">\u2013 Aika paljon ihmiset kyselev\u00e4t, ett\u00e4 miten se jalka toimii. Kun tulin lentokoneella maailmalta, ihan ventovieraat ihmiset auttoivat, jos minulla oli joku vaikea rappunen edess\u00e4.<\/p>\n<p class=\"paragraph\">Danny toteaa veike\u00e4sti joutuneensa edellisell\u00e4 Fuengirolan-lomalla my\u00f6s salakuvauksen uhriksi py\u00f6r\u00e4tuolissa. Samalla h\u00e4n sanoo Helminkin oppineen yhteisten vuosien aikana, ettei julkisuudesta voi poimia vain rusinoita pullasta.<\/p>\n<p class=\"paragraph\">\u2013 Helmi ei ole heitt\u00e4nyt hukkaan t\u00e4t\u00e4 aikaa, jonka h\u00e4n on k\u00e4ytt\u00e4nyt minuun, h\u00e4n sanoo.<\/p>\n<p class=\"paragraph\">\u2013 T\u00e4st\u00e4 ammatista ei p\u00e4\u00e4se vapaalle kun ty\u00f6t on hoidettu, vaan ihmiset kuvaavat ja tuijottavat aina. Sit\u00e4 se on, hyv\u00e4ss\u00e4 ja pahassa, Helmi vahvistaa.<\/p>\n<p>\u2013 Helmi ei ole heitt\u00e4nyt t\u00e4t\u00e4 kanssani viett\u00e4m\u00e4\u00e4 aikaa hukkaan, sanoo Danny ja kehuu yst\u00e4v\u00e4tt\u00e4rens\u00e4 kerrytt\u00e4m\u00e4\u00e4 musiikkialan ammattitaitoa. Pete Anikari<\/p>\n<p>Pient\u00e4 v\u00e4\u00e4nt\u00f6\u00e4<\/p>\n<p class=\"paragraph\">Viihteen konkari on menett\u00e4nyt vuoden aikana kolmetoista yst\u00e4v\u00e4- ja tuttavapiiriins\u00e4 kuulunutta ihmist\u00e4, mik\u00e4 on tuonut vuoteen synk\u00e4n s\u00e4vyn.<\/p>\n<p class=\"paragraph\">\u2013 Goldies-b\u00e4ndin basisti, maailman mukavin mies, <strong>Matti Saari<\/strong> oli heist\u00e4 viimeisin, joka l\u00e4hti. T\u00e4ytyy vain hyv\u00e4ksy\u00e4, ett\u00e4 yl\u00e4kerran is\u00e4nt\u00e4 kutsuu ihmisi\u00e4 luokseen. Se pist\u00e4\u00e4 ajattelemaan, h\u00e4n my\u00f6nt\u00e4\u00e4.<\/p>\n<p class=\"paragraph\">T\u00e4st\u00e4 p\u00e4\u00e4st\u00e4\u00e4nkin kaksikon kahnauksen aiheeseen.<\/p>\n<p class=\"paragraph\">\u2013 Helmi ei oikein tykk\u00e4\u00e4 siit\u00e4, kun olen sill\u00e4 lailla realisti, ett\u00e4 muistutan, ett\u00e4 minulla on 83 vuotta mittarissa. Raaka totuus on, ett\u00e4 osa meist\u00e4 joutuu aina l\u00e4htem\u00e4\u00e4n vuosittain, ja kyll\u00e4 sen asian v\u00e4lill\u00e4 palauttaa mieleens\u00e4. Olen kiitollinen, ett\u00e4 olen t\u00e4\u00e4ll\u00e4 viel\u00e4 leikkauksen j\u00e4lkeen, Danny luennoi.<\/p>\n<p class=\"paragraph\">Viereisest\u00e4 penkist\u00e4 kuuluu tuhahdus.<\/p>\n<p class=\"paragraph\">\u2013 Viitsiik\u00f6 tuollaisen miettimiseen k\u00e4ytt\u00e4\u00e4 aikaa? Eik\u00f6 voisi nauttia siit\u00e4 hetkest\u00e4, mik\u00e4 on, eik\u00e4 mietti\u00e4 kuolemaa liikaa, Helmi vastaa.<\/p>\n<p class=\"paragraph\">H\u00e4nest\u00e4 kuolemaa ei pit\u00e4isi murehtia ennakkoon.<\/p>\n<p class=\"paragraph\">\u2013 En min\u00e4 asiaa murehdi, mutta mielest\u00e4ni on realismia todeta, ett\u00e4 olen sinua vanhempi, Danny heitt\u00e4\u00e4.<\/p>\n<p>Helmi Loukasm\u00e4ki on ottanut uusia kappaleita esiintyj\u00e4n repertuaariinsa. Pete Anikari<\/p>\n<p>V\u00e4lit riitapukariin<\/p>\n<p class=\"paragraph\">Vuoden kohokohtaa ei tarvitse kauaa odotella. Kumpikin on innoissaan marraskuisesta loppuunmyydyst\u00e4 keikasta Ilmajoella. Esiintyminen j\u00e4nnitti Helmi\u00e4, koska vanhan sanonnan mukaan \u201dkukaan ei ole profeetta omalla maallaan\u201d.<\/p>\n<p class=\"paragraph\">\u2013 Siell\u00e4 olivat paikkakunnan tuttavat, sukulaiset ja monet yst\u00e4v\u00e4t katsomassa, Danny kehaisee.<\/p>\n<p class=\"paragraph\">\u2013 Ihmiset tykk\u00e4siv\u00e4t shows\u2019ta kuin hullu puurosta. Helmi oli hereill\u00e4 viel\u00e4 viiden aikaan aamullakin ja oli onnellinen, koska kaikki meni hyvin.<\/p>\n<p class=\"paragraph\">Uudenvuoden ja uusien alkujen l\u00e4hestyess\u00e4 on kysytt\u00e4v\u00e4 my\u00f6s v\u00e4leist\u00e4 Dannyn riitapukariin, <strong>Frederikiin<\/strong>.<\/p>\n<p class=\"paragraph\">\u2013 V\u00e4limme ovat parantuneet, koska emme ole olleet tekemisiss\u00e4 toistemme kanssa. Et\u00e4isyys parantaa merkitt\u00e4v\u00e4sti suhteita, Danny virnist\u00e4\u00e4.<\/p>\n<p>Dannyn ja Helmin vuoden kohokohta koettiin Ilmajoella, jossa Helmi p\u00e4\u00e4si esiintym\u00e4\u00e4n kotikuntansa estradille. Pete Anikari<\/p>\n<p class=\"paragraph\">Helmin meikki ja hiukset: Ilkka Ruotsalainen.<\/p>\n","protected":false},"excerpt":{"rendered":"Laulaja Danny ja Helmi Loukasm\u00e4ki viett\u00e4v\u00e4t rauhallisen joulun l\u00e4heistens\u00e4 kanssa. Raumalle asettuneella kaksikolla on takanaan koettelemusten vuosi, joka&hellip;\n","protected":false},"author":2,"featured_media":124028,"comment_status":"","ping_status":"","sticky":false,"template":"","format":"standard","meta":{"footnotes":""},"categories":[136],"tags":[35,138,407,137,33,31,30,408,47,141,98,742,32,109],"class_list":{"0":"post-124027","1":"post","2":"type-post","3":"status-publish","4":"format-standard","5":"has-post-thumbnail","7":"category-julkkikset","8":"tag-24h","9":"tag-audio","10":"tag-celebrities","11":"tag-entertainment","12":"tag-fi","13":"tag-finland","14":"tag-finnish","15":"tag-julkkikset","16":"tag-musiikki","17":"tag-muusikot-bandit","18":"tag-perhe","19":"tag-suomalainen-musiikki","20":"tag-suomi","21":"tag-viihde"},"share_on_mastodon":{"url":"https:\/\/pubeurope.com\/@fi\/115769023503472976","error":""},"_links":{"self":[{"href":"https:\/\/www.europesays.com\/fi\/wp-json\/wp\/v2\/posts\/124027","targetHints":{"allow":["GET"]}}],"collection":[{"href":"https:\/\/www.europesays.com\/fi\/wp-json\/wp\/v2\/posts"}],"about":[{"href":"https:\/\/www.europesays.com\/fi\/wp-json\/wp\/v2\/types\/post"}],"author":[{"embeddable":true,"href":"https:\/\/www.europesays.com\/fi\/wp-json\/wp\/v2\/users\/2"}],"replies":[{"embeddable":true,"href":"https:\/\/www.europesays.com\/fi\/wp-json\/wp\/v2\/comments?post=124027"}],"version-history":[{"count":0,"href":"https:\/\/www.europesays.com\/fi\/wp-json\/wp\/v2\/posts\/124027\/revisions"}],"wp:featuredmedia":[{"embeddable":true,"href":"https:\/\/www.europesays.com\/fi\/wp-json\/wp\/v2\/media\/124028"}],"wp:attachment":[{"href":"https:\/\/www.europesays.com\/fi\/wp-json\/wp\/v2\/media?parent=124027"}],"wp:term":[{"taxonomy":"category","embeddable":true,"href":"https:\/\/www.europesays.com\/fi\/wp-json\/wp\/v2\/categories?post=124027"},{"taxonomy":"post_tag","embeddable":true,"href":"https:\/\/www.europesays.com\/fi\/wp-json\/wp\/v2\/tags?post=124027"}],"curies":[{"name":"wp","href":"https:\/\/api.w.org\/{rel}","templated":true}]}}