{"id":124029,"date":"2025-12-23T13:04:08","date_gmt":"2025-12-23T13:04:08","guid":{"rendered":"https:\/\/www.europesays.com\/fi\/124029\/"},"modified":"2025-12-23T13:04:08","modified_gmt":"2025-12-23T13:04:08","slug":"louvren-apollo-gallerian-ikkunoihin-asennettiin-kalterit-yle","status":"publish","type":"post","link":"https:\/\/www.europesays.com\/fi\/124029\/","title":{"rendered":"Louvren Apollo-gallerian ikkunoihin asennettiin kalterit &#8211; Yle"},"content":{"rendered":"<ol>\n<li><a href=\"https:\/\/news.google.com\/rss\/articles\/CBMiVkFVX3lxTE9jenowX3Z5WndHM3NrdTV4MURmN25QYzk2YU5IYjNTdm1HUklRZktjb25iRlFQRGF4ZHVBSWg1VV9LSjNLX0IyT0JYU25lY1NOeTBfc2R3?oc=5\" target=\"_blank\" rel=\"nofollow noopener\">Louvren Apollo-gallerian ikkunoihin asennettiin kalterit<\/a>&nbsp;&nbsp;Yle<\/li>\n<li><a href=\"https:\/\/news.google.com\/rss\/articles\/CBMiVkFVX3lxTE05MFlxR0l2T0lfZVU3VTBpd0ZVRVh1MTF6Smp2bV9NLVRHc3VkeHRqb2tsR0ZWbWtDS1ZDbWlYUmpPS012ZUlqTUp3bmQxMldBcjZqTU9n?oc=5\" target=\"_blank\" rel=\"nofollow noopener\">Kanaaliin repesi valtava kraatteri Englannissa \u2013 video n\u00e4ytt\u00e4\u00e4 hurjan tuhon<\/a>&nbsp;&nbsp;Yle<\/li>\n<li><a href=\"https:\/\/news.google.com\/rss\/articles\/CBMifEFVX3lxTE1menFnQW9fSHJVdEZHUHljTXdXUkdWLV9wYnJTUUVFdkc1QTAzMnM4MmtGLW1sMm53S3l2andYTnV5c282SmJOYzVzaVI1emk4cmJhdmpFOWdlUFROOG5vX0RvMllBWjV2X2FKUkc3VEc5VmMzUVhaRUUwc3Y?oc=5\" target=\"_blank\" rel=\"nofollow noopener\">Trumpin hallinto j\u00e4i kiinni t\u00f6rkytempusta \u2013 \u201dKuinka kehtaatte\u201d<\/a>&nbsp;&nbsp;Iltalehti<\/li>\n<li><a href=\"https:\/\/news.google.com\/rss\/articles\/CBMiXEFVX3lxTE9Vd01mWVpKa1dRRkRrYlF3RWhoU3pDQWhhSHBvNGdsU1M2U191SHVVMWptM3FwSGV1bW1PVVVLamdPVFVDbzhNRzBMYzlTQk80NTV4R1ZwcXdpTExQ?oc=5\" target=\"_blank\" rel=\"nofollow noopener\">Yhdysvallat | Pam Bondia yritet\u00e4\u00e4n painostaa julkaisemaan Epstein-paperit harvinaisella pakkokeinolla<\/a>&nbsp;&nbsp;HS.fi<\/li>\n<li><a href=\"https:\/\/news.google.com\/rss\/articles\/CBMibkFVX3lxTE5PaEVSaUpHZC1pdy02c3JtSjRSZjh3aG5QS2lnUWxRaXNJR2RhMjZoem5JR0VGTm9tWWk0cG9hV2d2YldWcE4yOGJNbWtmM2kzdmhUaWc2a0o1N2xNMjE2cUNkYlpONVd2NzRvVWhB?oc=5\" target=\"_blank\" rel=\"nofollow noopener\">Yhdysvallat | Poistettu Trump-kuva palautettiin Epstein-aineistoon<\/a>&nbsp;&nbsp;Satakunnan Kansa<\/li>\n<\/ol>\n","protected":false},"excerpt":{"rendered":"Louvren Apollo-gallerian ikkunoihin asennettiin kalterit&nbsp;&nbsp;Yle Kanaaliin repesi valtava kraatteri Englannissa \u2013 video n\u00e4ytt\u00e4\u00e4 hurjan tuhon&nbsp;&nbsp;Yle Trumpin hallinto j\u00e4i&hellip;\n","protected":false},"author":2,"featured_media":124030,"comment_status":"","ping_status":"","sticky":false,"template":"","format":"standard","meta":{"footnotes":""},"categories":[135],"tags":[389,387,388,390,137,33,31,30,22155,15136,966,4680,1422,581,32,394,393,391,392,109],"class_list":{"0":"post-124029","1":"post","2":"type-post","3":"status-publish","4":"format-standard","5":"has-post-thumbnail","7":"category-taiteet-ja-suunnittelu","8":"tag-arts","9":"tag-arts-and-design","10":"tag-artsanddesign","11":"tag-design","12":"tag-entertainment","13":"tag-fi","14":"tag-finland","15":"tag-finnish","16":"tag-kameravalvonta","17":"tag-louvre","18":"tag-museot","19":"tag-omaisuusrikokset","20":"tag-ranska","21":"tag-rikokset","22":"tag-suomi","23":"tag-suunnittelu","24":"tag-taiteet","25":"tag-taiteet-ja-suunnittelu","26":"tag-taiteetsuunnittelu","27":"tag-viihde"},"share_on_mastodon":{"url":"https:\/\/pubeurope.com\/@fi\/115769026938803967","error":""},"_links":{"self":[{"href":"https:\/\/www.europesays.com\/fi\/wp-json\/wp\/v2\/posts\/124029","targetHints":{"allow":["GET"]}}],"collection":[{"href":"https:\/\/www.europesays.com\/fi\/wp-json\/wp\/v2\/posts"}],"about":[{"href":"https:\/\/www.europesays.com\/fi\/wp-json\/wp\/v2\/types\/post"}],"author":[{"embeddable":true,"href":"https:\/\/www.europesays.com\/fi\/wp-json\/wp\/v2\/users\/2"}],"replies":[{"embeddable":true,"href":"https:\/\/www.europesays.com\/fi\/wp-json\/wp\/v2\/comments?post=124029"}],"version-history":[{"count":0,"href":"https:\/\/www.europesays.com\/fi\/wp-json\/wp\/v2\/posts\/124029\/revisions"}],"wp:featuredmedia":[{"embeddable":true,"href":"https:\/\/www.europesays.com\/fi\/wp-json\/wp\/v2\/media\/124030"}],"wp:attachment":[{"href":"https:\/\/www.europesays.com\/fi\/wp-json\/wp\/v2\/media?parent=124029"}],"wp:term":[{"taxonomy":"category","embeddable":true,"href":"https:\/\/www.europesays.com\/fi\/wp-json\/wp\/v2\/categories?post=124029"},{"taxonomy":"post_tag","embeddable":true,"href":"https:\/\/www.europesays.com\/fi\/wp-json\/wp\/v2\/tags?post=124029"}],"curies":[{"name":"wp","href":"https:\/\/api.w.org\/{rel}","templated":true}]}}