{"id":124031,"date":"2025-12-23T13:07:07","date_gmt":"2025-12-23T13:07:07","guid":{"rendered":"https:\/\/www.europesays.com\/fi\/124031\/"},"modified":"2025-12-23T13:07:07","modified_gmt":"2025-12-23T13:07:07","slug":"john-smith-rock-festival-kasvatti-kattaustaan-kovilla-kotimaisilla-ja-yhdella-ruotsalaisvahvistuksella","status":"publish","type":"post","link":"https:\/\/www.europesays.com\/fi\/124031\/","title":{"rendered":"John Smith Rock Festival kasvatti kattaustaan kovilla kotimaisilla ja yhdell\u00e4 ruotsalaisvahvistuksella"},"content":{"rendered":"<p>John Smith Rock Festival on julkistanut viisi uutta esiintyj\u00e4kiinnityst\u00e4, joista nelj\u00e4 edustaa kotimaata ja yksi tulee l\u00e4nsinaapurin puolelta. Rivej\u00e4 vahvistavat Amorphis, For My Pain, Steve \u2019n\u2019 Seagulls, kes\u00e4n ainoan festarikeikkansa tekev\u00e4 Mors Principium Est sek\u00e4 Ruotsin hard rock -suuruus Eclipse.<\/p>\n<p>Tapahtumaan on aiemmin vahvistettu muun muassa Floor Jansen, The Gathering, Carcass, Decapitated, Tiamat, Beast in Black, H.E.A.T. ja Herra Ylpp\u00f6. Lopullinen kattaus julkistetaan my\u00f6hemmin talvella.<\/p>\n<p>John Smith j\u00e4rjestet\u00e4\u00e4n Laukaan Peurungassa 16.\u201318.7.<\/p>\n<p>Lue my\u00f6s: <a href=\"https:\/\/www.soundi.fi\/uutiskirje\/\" title=\"Tilaa Soundin uutiskirje\" class=\"underline-custom !font-montserrat !font-bold !underline-offset-4 !decoration-4 !decoration-red-600 !text-md\" rel=\"nofollow noopener\" target=\"_blank\">Tilaa Soundin uutiskirje ja tied\u00e4t mist\u00e4 kahvitauolla puhutaan! Nappaa ajankohtaiset musiikin uutiset ja puheenaiheet suoraan s\u00e4hk\u00f6postiin t\u00e4st\u00e4.<\/a><\/p>\n","protected":false},"excerpt":{"rendered":"John Smith Rock Festival on julkistanut viisi uutta esiintyj\u00e4kiinnityst\u00e4, joista nelj\u00e4 edustaa kotimaata ja yksi tulee l\u00e4nsinaapurin puolelta.&hellip;\n","protected":false},"author":2,"featured_media":48870,"comment_status":"","ping_status":"","sticky":false,"template":"","format":"standard","meta":{"footnotes":""},"categories":[132],"tags":[137,970,33,31,30,10633,195,47,32,109],"class_list":{"0":"post-124031","1":"post","2":"type-post","3":"status-publish","4":"format-standard","5":"has-post-thumbnail","7":"category-musiikki","8":"tag-entertainment","9":"tag-festivaalit","10":"tag-fi","11":"tag-finland","12":"tag-finnish","13":"tag-john-smith","14":"tag-music","15":"tag-musiikki","16":"tag-suomi","17":"tag-viihde"},"share_on_mastodon":{"url":"https:\/\/pubeurope.com\/@fi\/115769038785639215","error":""},"_links":{"self":[{"href":"https:\/\/www.europesays.com\/fi\/wp-json\/wp\/v2\/posts\/124031","targetHints":{"allow":["GET"]}}],"collection":[{"href":"https:\/\/www.europesays.com\/fi\/wp-json\/wp\/v2\/posts"}],"about":[{"href":"https:\/\/www.europesays.com\/fi\/wp-json\/wp\/v2\/types\/post"}],"author":[{"embeddable":true,"href":"https:\/\/www.europesays.com\/fi\/wp-json\/wp\/v2\/users\/2"}],"replies":[{"embeddable":true,"href":"https:\/\/www.europesays.com\/fi\/wp-json\/wp\/v2\/comments?post=124031"}],"version-history":[{"count":0,"href":"https:\/\/www.europesays.com\/fi\/wp-json\/wp\/v2\/posts\/124031\/revisions"}],"wp:featuredmedia":[{"embeddable":true,"href":"https:\/\/www.europesays.com\/fi\/wp-json\/wp\/v2\/media\/48870"}],"wp:attachment":[{"href":"https:\/\/www.europesays.com\/fi\/wp-json\/wp\/v2\/media?parent=124031"}],"wp:term":[{"taxonomy":"category","embeddable":true,"href":"https:\/\/www.europesays.com\/fi\/wp-json\/wp\/v2\/categories?post=124031"},{"taxonomy":"post_tag","embeddable":true,"href":"https:\/\/www.europesays.com\/fi\/wp-json\/wp\/v2\/tags?post=124031"}],"curies":[{"name":"wp","href":"https:\/\/api.w.org\/{rel}","templated":true}]}}