{"id":124046,"date":"2025-12-23T13:30:09","date_gmt":"2025-12-23T13:30:09","guid":{"rendered":"https:\/\/www.europesays.com\/fi\/124046\/"},"modified":"2025-12-23T13:30:09","modified_gmt":"2025-12-23T13:30:09","slug":"3200-kilon-jaaveistos-kuvauskohteena-ja-silmanilona-rovaniemen-keskustan-kavelykadulla-taman-poron-reen-kyytiin-saa-kiiveta-milloin-vain","status":"publish","type":"post","link":"https:\/\/www.europesays.com\/fi\/124046\/","title":{"rendered":"3200 kilon j\u00e4\u00e4veistos kuvauskohteena ja silm\u00e4nilona Rovaniemen keskustan k\u00e4velykadulla \u2013\u202ft\u00e4m\u00e4n poron reen kyytiin saa kiivet\u00e4 milloin vain"},"content":{"rendered":"<p>\n      Rovaniemen kaupungin keskustaan \u00a0Lordin aukion l\u00e4heisyyteen on valmistunut suuri, boin 3200 kiloa painava j\u00e4\u00e4veistos, Ice Runner.\n    <\/p>\n<p>\n      J\u00e4\u00e4st\u00e4 veistetyn pororeen kyytiin saavat kaikki halukkaat istua kuvattavaksi maksutta. Jo ensimm\u00e4isen viikon aikana reess\u00e4 on poseerattu satoihin kuviin.\n    <\/p>\n<p class=\"article__paragraph\">\n      J\u00e4\u00e4veistoksen hankkijana on Rovaniemen kaupunki, joka halusi el\u00e4v\u00f6itt\u00e4\u00e4 k\u00e4velykatua.\n    <\/p>\n<p class=\"article__paragraph\">\n      \u2013Koska olemme lumen ja j\u00e4\u00e4n kaupunki oli j\u00e4\u00e4poro rekineen varsin selke\u00e4 valinta, kertoo Rovaniemen kaupungin kunnossapitop\u00e4\u00e4llikk\u00f6 Marko Rautio.\n    <\/p>\n<p class=\"article__paragraph\">\n      Rautio otti yhteytt\u00e4 Snowin oy:n taiteilija Antti-Jussi Yliharjuun, joka l\u00e4hti toteuttamaan teosta yhdess\u00e4 Veikko Laakson kanssa.\n    <\/p>\n<p class=\"article__paragraph\">\n      J\u00e4re\u00e4t j\u00e4\u00e4t teokseen taiteilijat ovat nostaneet Mets\u00e4ruusun lammesta.\n    <\/p>\n<p class=\"article__paragraph\">\n      \u2013 Koska jo tekovaiheessa tiesimme, ett\u00e4 pororeki tulee olemaan kovalla k\u00e4yt\u00f6ll\u00e4, ohuita osia emme voineet \u00a0k\u00e4ytt\u00e4\u00e4, Yliharju kertoo.\n    <\/p>\n<p class=\"article__paragraph\">\n      Yritys on tehnyt lumiteoksia my\u00f6s Rovaniemen linja-autoasemalle, miss\u00e4 matkailijat ja paikalliset voivat istahtaa lumiteemaiseen valtaistuimeen.\n    <\/p>\n","protected":false},"excerpt":{"rendered":"Rovaniemen kaupungin keskustaan \u00a0Lordin aukion l\u00e4heisyyteen on valmistunut suuri, boin 3200 kiloa painava j\u00e4\u00e4veistos, Ice Runner. J\u00e4\u00e4st\u00e4 veistetyn&hellip;\n","protected":false},"author":2,"featured_media":124047,"comment_status":"","ping_status":"","sticky":false,"template":"","format":"standard","meta":{"footnotes":""},"categories":[135],"tags":[389,387,388,390,137,33,31,30,32,394,393,391,392,109],"class_list":{"0":"post-124046","1":"post","2":"type-post","3":"status-publish","4":"format-standard","5":"has-post-thumbnail","7":"category-taiteet-ja-suunnittelu","8":"tag-arts","9":"tag-arts-and-design","10":"tag-artsanddesign","11":"tag-design","12":"tag-entertainment","13":"tag-fi","14":"tag-finland","15":"tag-finnish","16":"tag-suomi","17":"tag-suunnittelu","18":"tag-taiteet","19":"tag-taiteet-ja-suunnittelu","20":"tag-taiteetsuunnittelu","21":"tag-viihde"},"share_on_mastodon":{"url":"https:\/\/pubeurope.com\/@fi\/115769129241158539","error":""},"_links":{"self":[{"href":"https:\/\/www.europesays.com\/fi\/wp-json\/wp\/v2\/posts\/124046","targetHints":{"allow":["GET"]}}],"collection":[{"href":"https:\/\/www.europesays.com\/fi\/wp-json\/wp\/v2\/posts"}],"about":[{"href":"https:\/\/www.europesays.com\/fi\/wp-json\/wp\/v2\/types\/post"}],"author":[{"embeddable":true,"href":"https:\/\/www.europesays.com\/fi\/wp-json\/wp\/v2\/users\/2"}],"replies":[{"embeddable":true,"href":"https:\/\/www.europesays.com\/fi\/wp-json\/wp\/v2\/comments?post=124046"}],"version-history":[{"count":0,"href":"https:\/\/www.europesays.com\/fi\/wp-json\/wp\/v2\/posts\/124046\/revisions"}],"wp:featuredmedia":[{"embeddable":true,"href":"https:\/\/www.europesays.com\/fi\/wp-json\/wp\/v2\/media\/124047"}],"wp:attachment":[{"href":"https:\/\/www.europesays.com\/fi\/wp-json\/wp\/v2\/media?parent=124046"}],"wp:term":[{"taxonomy":"category","embeddable":true,"href":"https:\/\/www.europesays.com\/fi\/wp-json\/wp\/v2\/categories?post=124046"},{"taxonomy":"post_tag","embeddable":true,"href":"https:\/\/www.europesays.com\/fi\/wp-json\/wp\/v2\/tags?post=124046"}],"curies":[{"name":"wp","href":"https:\/\/api.w.org\/{rel}","templated":true}]}}