{"id":124054,"date":"2025-12-23T13:41:11","date_gmt":"2025-12-23T13:41:11","guid":{"rendered":"https:\/\/www.europesays.com\/fi\/124054\/"},"modified":"2025-12-23T13:41:11","modified_gmt":"2025-12-23T13:41:11","slug":"tesla-riita-paisuu-ruotsissa-yksi-kunta-sallii-nyt-teslalta-toiminnan-jonka-muut-ovat-kieltaneet","status":"publish","type":"post","link":"https:\/\/www.europesays.com\/fi\/124054\/","title":{"rendered":"Tesla-riita paisuu Ruotsissa \u2013 Yksi kunta sallii nyt Teslalta toiminnan, jonka muut ovat kielt\u00e4neet"},"content":{"rendered":"<p>Ruotsalainen Nackan kunta on antanut hyv\u00e4ksynt\u00e4ns\u00e4 Teslan itseajavien s\u00e4hk\u00f6autojen testaukselle. Kokeilu voi alkaa jo joulukuussa, vaikka poliittinen oppositio vastusti hanketta yhti\u00f6n ty\u00f6markkinatilanteen vuoksi.<\/p>\n<p><img decoding=\"async\" class=\"image image-show image-preview\" src=\"https:\/\/www.europesays.com\/fi\/wp-content\/uploads\/2025\/12\/e65ef6b15ef3fad77b51bfb1facaeef8e2d4bc29c47066acc9ec29a9a30cee50.png\" alt=\"\"\/><img decoding=\"async\" class=\"image image-show\" src=\"https:\/\/www.europesays.com\/fi\/wp-content\/uploads\/2025\/12\/1766497271_177_e65ef6b15ef3fad77b51bfb1facaeef8e2d4bc29c47066acc9ec29a9a30cee50.png\" alt=\"\"\/><\/p>\n<p>Nackan kunta on sallimassa ainoana kuntana Ruotsissa itsest\u00e4\u00e4n ajavat Teslat. <\/p>\n<p class=\"paragraph\">Tukholman l\u00e4\u00e4niss\u00e4 sijaitseva Nacka on n\u00e4ytt\u00e4nyt vihre\u00e4\u00e4 valoa Teslan robottiautotesteille. P\u00e4\u00e4t\u00f6ksen my\u00f6t\u00e4 itseajavia Tesloja voi ilmesty\u00e4 kunnan liikenteeseen jo joulukuussa. Turvallisuussyist\u00e4 autoissa on mukana kuljettaja, joka on valmiina puuttumaan ajoon tarvittaessa.<\/p>\n<p class=\"paragraph\">P\u00e4\u00e4t\u00f6s poikkeaa monien muiden ruotsalaiskaupunkien linjasta. Esimerkiksi Tukholma, Karlstad ja Uppsala ovat aiemmin kielt\u00e4ytyneet vastaavista kokeiluista.<\/p>\n<p>Kiistaa ty\u00f6markkinakonfliktista<\/p>\n<p class=\"paragraph\">Nackassa valtaa pit\u00e4v\u00e4 allianssi puolsi kokeilua, kun taas oppositio vastusti sit\u00e4. Kiistan ytimess\u00e4 on Teslan ja ruotsalaisen ammattiyhdistysliikkeen v\u00e4linen pitkittynyt ty\u00f6taistelu.<\/p>\n<p class=\"paragraph\">\u2013 On sopimatonta tehd\u00e4 yhteisty\u00f6t\u00e4 Teslan kanssa k\u00e4ynniss\u00e4 olevan ty\u00f6markkinakonfliktin aikana, sanoo oppositiojohtaja <strong>Johanna Kvist<\/strong> (sos.) paikallislehti Nacka-V\u00e4rmd\u00f6 Postenille.<\/p>\n<p class=\"paragraph\">Sosiaalidemokraatit, vasemmistopuolue ja ymp\u00e4rist\u00f6puolue yrittiv\u00e4t est\u00e4\u00e4 testit vedoten lakkoon.<\/p>\n<p>Kunnanhallituksen puheenjohtaja: &#8221;Ei ole yhteisty\u00f6t\u00e4&#8221;<\/p>\n<p class=\"paragraph\">Nackan kunnanhallituksen puheenjohtaja <strong>Mats Gerdau<\/strong> arvostelee opposition toimintaa jyrk\u00e4sti ja pit\u00e4\u00e4 sit\u00e4 vallan v\u00e4\u00e4rink\u00e4yt\u00f6n rajamailla. Gerdaun mukaan kunta ei varsinaisesti tee yhteisty\u00f6t\u00e4 autovalmistajan kanssa.<\/p>\n<p class=\"paragraph\">\u2013 Kunta ei tee yhteisty\u00f6t\u00e4 Teslan kanssa, vaan antaa ainoastaan lausunnon Ruotsin kuljetushallitukselle (Transportstyrelsen), joka my\u00f6nt\u00e4\u00e4 luvat. Kunnan ei pid\u00e4 sekaantua ty\u00f6markkinakonfliktiin, jonka osapuoli se ei ole, mutta juuri t\u00e4t\u00e4 Sosiaalidemokraatit haluavat kunnan tekev\u00e4n, Gerdau toteaa Nacka-V\u00e4rmd\u00f6 Postenille.<\/p>\n<p>Tukholma sanoi Elon Muskille \u201dnej\u201d<\/p>\n<p class=\"paragraph\">Tesla yritti aiemmin aloittaa itsest\u00e4\u00e4n ajavien autojen testauksen Tukholmassa. Kaupunki kuitenkin kielsi kokeilun, sill\u00e4 sen katsottiin aiheuttavan riskej\u00e4 infrastruktuurille ja sivullisille. T\u00e4m\u00e4n j\u00e4lkeen Tesla suuntasi katseensa muihin kuntiin, kuten Karlstadiin, mutta kohtasi vastustusta my\u00f6s siell\u00e4.<\/p>\n<p class=\"paragraph\">L\u00e4hde: <a href=\"https:\/\/carup.se\/klart-tesla-far-testa-sjalvkorning-i-svensk-kommun\/\" rel=\"noopener nofollow\" target=\"_blank\">Carup<\/a><\/p>\n","protected":false},"excerpt":{"rendered":"Ruotsalainen Nackan kunta on antanut hyv\u00e4ksynt\u00e4ns\u00e4 Teslan itseajavien s\u00e4hk\u00f6autojen testaukselle. Kokeilu voi alkaa jo joulukuussa, vaikka poliittinen oppositio&hellip;\n","protected":false},"author":2,"featured_media":124055,"comment_status":"","ping_status":"","sticky":false,"template":"","format":"standard","meta":{"footnotes":""},"categories":[14],"tags":[35,648,22,23,26,27,33,31,30,17,24,25,121,28,29,82,15,18,21,2985,32,128,19,20,56,16,59,60,61],"class_list":{"0":"post-124054","1":"post","2":"type-post","3":"status-publish","4":"format-standard","5":"has-post-thumbnail","7":"category-ulkomaat","8":"tag-24h","9":"tag-autot","10":"tag-breaking-news","11":"tag-breakingnews","12":"tag-featured-news","13":"tag-featurednews","14":"tag-fi","15":"tag-finland","16":"tag-finnish","17":"tag-headlines","18":"tag-latest-news","19":"tag-latestnews","20":"tag-liikenne-ja-kuljetus","21":"tag-main-news","22":"tag-mainnews","23":"tag-moottoriajoneuvot","24":"tag-news","25":"tag-otsikot","26":"tag-paauutiset","27":"tag-sahkoajoneuvo","28":"tag-suomi","29":"tag-tieliikenne","30":"tag-top-stories","31":"tag-topstories","32":"tag-ulkomaat","33":"tag-uutiset","34":"tag-world","35":"tag-world-news","36":"tag-worldnews"},"share_on_mastodon":{"url":"https:\/\/pubeurope.com\/@fi\/115769172726466930","error":""},"_links":{"self":[{"href":"https:\/\/www.europesays.com\/fi\/wp-json\/wp\/v2\/posts\/124054","targetHints":{"allow":["GET"]}}],"collection":[{"href":"https:\/\/www.europesays.com\/fi\/wp-json\/wp\/v2\/posts"}],"about":[{"href":"https:\/\/www.europesays.com\/fi\/wp-json\/wp\/v2\/types\/post"}],"author":[{"embeddable":true,"href":"https:\/\/www.europesays.com\/fi\/wp-json\/wp\/v2\/users\/2"}],"replies":[{"embeddable":true,"href":"https:\/\/www.europesays.com\/fi\/wp-json\/wp\/v2\/comments?post=124054"}],"version-history":[{"count":0,"href":"https:\/\/www.europesays.com\/fi\/wp-json\/wp\/v2\/posts\/124054\/revisions"}],"wp:featuredmedia":[{"embeddable":true,"href":"https:\/\/www.europesays.com\/fi\/wp-json\/wp\/v2\/media\/124055"}],"wp:attachment":[{"href":"https:\/\/www.europesays.com\/fi\/wp-json\/wp\/v2\/media?parent=124054"}],"wp:term":[{"taxonomy":"category","embeddable":true,"href":"https:\/\/www.europesays.com\/fi\/wp-json\/wp\/v2\/categories?post=124054"},{"taxonomy":"post_tag","embeddable":true,"href":"https:\/\/www.europesays.com\/fi\/wp-json\/wp\/v2\/tags?post=124054"}],"curies":[{"name":"wp","href":"https:\/\/api.w.org\/{rel}","templated":true}]}}