{"id":124056,"date":"2025-12-23T13:42:08","date_gmt":"2025-12-23T13:42:08","guid":{"rendered":"https:\/\/www.europesays.com\/fi\/124056\/"},"modified":"2025-12-23T13:42:08","modified_gmt":"2025-12-23T13:42:08","slug":"lopeta-opintosi-tyottomaksi-jaaneelle-heidi-ruoholalle-sanottiin","status":"publish","type":"post","link":"https:\/\/www.europesays.com\/fi\/124056\/","title":{"rendered":"Lopeta opintosi, ty\u00f6tt\u00f6m\u00e4ksi j\u00e4\u00e4neelle Heidi Ruoholalle sanottiin"},"content":{"rendered":"<p>Byrokratia|Heidi Ruohola sisuuntui saamastaan ilmoituksestaan niin, ett\u00e4 ryhtyi reklamoimaan. Se kannatti.<\/p>\n<p class=\"article-body mb-nof-24 px-nof-16\">J\u00e4it ty\u00f6tt\u00f6m\u00e4ksi, joten sinun on pakko p\u00e4\u00e4tt\u00e4\u00e4 opinnot. Ty\u00f6tt\u00f6myystukea et muuten voi saada.<\/p>\n<p class=\"article-body mb-nof-24 px-nof-16\">Mit\u00e4 ihmett\u00e4, ajatteli ulvilalainen <a class=\"article-personlink\" href=\"https:\/\/www.hs.fi\/haku\/?query=Heidi%20Ruohola\" rel=\"nofollow noopener\" target=\"_blank\">Heidi Ruohola<\/a> kuunnellessaan ty\u00f6voimaviranomaista.<\/p>\n<p class=\"article-body mb-nof-24 px-nof-16\">\u201dEnsin iski ep\u00e4usko. Ik\u00e4\u00e4n kuin ei olisi ollut tarpeeksi, ett\u00e4 ty\u00f6t loppuvat, ja sitten viel\u00e4 t\u00e4n\u00e4\u201d, Ruohola kertaa.<\/p>\n","protected":false},"excerpt":{"rendered":"Byrokratia|Heidi Ruohola sisuuntui saamastaan ilmoituksestaan niin, ett\u00e4 ryhtyi reklamoimaan. Se kannatti. J\u00e4it ty\u00f6tt\u00f6m\u00e4ksi, joten sinun on pakko p\u00e4\u00e4tt\u00e4\u00e4&hellip;\n","protected":false},"author":2,"featured_media":124057,"comment_status":"","ping_status":"","sticky":false,"template":"","format":"standard","meta":{"footnotes":""},"categories":[12],"tags":[22,23,26,27,33,31,30,17,46,24,25,28,29,15,18,21,32,19,20,16],"class_list":{"0":"post-124056","1":"post","2":"type-post","3":"status-publish","4":"format-standard","5":"has-post-thumbnail","7":"category-suomi","8":"tag-breaking-news","9":"tag-breakingnews","10":"tag-featured-news","11":"tag-featurednews","12":"tag-fi","13":"tag-finland","14":"tag-finnish","15":"tag-headlines","16":"tag-helsingin-sanomat","17":"tag-latest-news","18":"tag-latestnews","19":"tag-main-news","20":"tag-mainnews","21":"tag-news","22":"tag-otsikot","23":"tag-paauutiset","24":"tag-suomi","25":"tag-top-stories","26":"tag-topstories","27":"tag-uutiset"},"share_on_mastodon":{"url":"https:\/\/pubeurope.com\/@fi\/115769176604018092","error":""},"_links":{"self":[{"href":"https:\/\/www.europesays.com\/fi\/wp-json\/wp\/v2\/posts\/124056","targetHints":{"allow":["GET"]}}],"collection":[{"href":"https:\/\/www.europesays.com\/fi\/wp-json\/wp\/v2\/posts"}],"about":[{"href":"https:\/\/www.europesays.com\/fi\/wp-json\/wp\/v2\/types\/post"}],"author":[{"embeddable":true,"href":"https:\/\/www.europesays.com\/fi\/wp-json\/wp\/v2\/users\/2"}],"replies":[{"embeddable":true,"href":"https:\/\/www.europesays.com\/fi\/wp-json\/wp\/v2\/comments?post=124056"}],"version-history":[{"count":0,"href":"https:\/\/www.europesays.com\/fi\/wp-json\/wp\/v2\/posts\/124056\/revisions"}],"wp:featuredmedia":[{"embeddable":true,"href":"https:\/\/www.europesays.com\/fi\/wp-json\/wp\/v2\/media\/124057"}],"wp:attachment":[{"href":"https:\/\/www.europesays.com\/fi\/wp-json\/wp\/v2\/media?parent=124056"}],"wp:term":[{"taxonomy":"category","embeddable":true,"href":"https:\/\/www.europesays.com\/fi\/wp-json\/wp\/v2\/categories?post=124056"},{"taxonomy":"post_tag","embeddable":true,"href":"https:\/\/www.europesays.com\/fi\/wp-json\/wp\/v2\/tags?post=124056"}],"curies":[{"name":"wp","href":"https:\/\/api.w.org\/{rel}","templated":true}]}}