{"id":124060,"date":"2025-12-23T13:55:09","date_gmt":"2025-12-23T13:55:09","guid":{"rendered":"https:\/\/www.europesays.com\/fi\/124060\/"},"modified":"2025-12-23T13:55:09","modified_gmt":"2025-12-23T13:55:09","slug":"ansku-bergstrom-loytaa-uuden-rakkauden-ja-elaman-tasapainon","status":"publish","type":"post","link":"https:\/\/www.europesays.com\/fi\/124060\/","title":{"rendered":"Ansku Bergstr\u00f6m l\u00f6yt\u00e4\u00e4 uuden rakkauden ja el\u00e4m\u00e4n tasapainon"},"content":{"rendered":"<p>            Timo Korhonen\n        <\/p>\n<p class=\"subtitle \">Anskun uusi rakas on juuri sit\u00e4, mit\u00e4 h\u00e4n el\u00e4m\u00e4lt\u00e4\u00e4n tarvitsee.<\/p>\n<p class=\"font-weight-normal m-font-weight-normal article-content article-content-width !bg-background\">Tanssija , 40, on vastik\u00e4\u00e4n l\u00f6yt\u00e4nyt rinnalleen uuden rakkauden.<\/p>\n<p class=\"font-weight-bold m-font-weight-bold article-content article-content-width !bg-background\">Katso my\u00f6s! Ansku Bergstr\u00f6mill\u00e4 ja Elina Gustafssonilla on yhteinen m\u00f6kki:<\/p>\n<p class=\"article-content article-content-width !bg-background\">Ennen Ansku tunnettiin eteenp\u00e4in kiit\u00e4v\u00e4n\u00e4 uraohjuksena, mutta uuden rakkauden rinnalla h\u00e4n on oppinut pys\u00e4htym\u00e4\u00e4n ja el\u00e4m\u00e4\u00e4n hetkess\u00e4.<\/p>\n<p>Lempi leiskuu!<\/p>\n<p class=\"article-content article-content-width !bg-background\">Viime kes\u00e4n\u00e4 Ansku jakoi <a href=\"https:\/\/www.instagram.com\/anskubergstrom\/?hl=fi\" target=\"_blank\" rel=\"nofollow noopener\">Instagram-tilill\u00e4\u00e4n<\/a> h\u00e4nen seuraajiaan l\u00e4ik\u00e4hdytt\u00e4neen uutisen: h\u00e4n on l\u00f6yt\u00e4nyt rinnalleen uuden rakkauden. Alku vuodesta 2025 eronnut Ansku on antanut uuden lemmen leiskua sit\u00e4 lainkaan piilottelematta. Kaksikon lempe\u00e4 n\u00e4htiin muun muassa elokuisilla\u00a0Vantaa Vibin\u2019 -festareilla, jossa he tanssivat ja suutelivat n\u00e4ytt\u00e4v\u00e4sti festarikansan keskell\u00e4.<\/p>\n<p>                <img decoding=\"async\" src=\"https:\/\/www.europesays.com\/fi\/wp-content\/uploads\/2025\/12\/2030486.webp\" width=\"576\" height=\"581\" alt=\"Ansku ja h\u00e4nen kultansa antavat rakkauden n\u00e4ky\u00e4.\" loading=\"lazy\" \/>            <\/p>\n<p>\n            Ansku ja h\u00e4nen kultansa antavat rakkauden n\u00e4ky\u00e4.<br \/>\n            Lukijan kuva\n        <\/p>\n<p>        <a itemprop=\"url\" href=\"https:\/\/www.seiska.fi\/kotimaa\/lapset-ovat-nahneet-isaansa-kerran-15-vuodessa-noora-karma-hammastelee-ei-olisi-tullut-mieleenkaan-etta-alfonso-katoaa-lahes-taysin\/583404\" rel=\"nofollow noopener\" target=\"_blank\"><\/p>\n<p class=\"section-date\">\n        <strong class=\"article-section\" data-section=\"kotimaa\"><br \/>\n            kotimaa<br \/>\n        <\/strong><br \/>\n        20.2.2018 08:39\n    <\/p>\n<p>Lapset ovat n\u00e4hneet is\u00e4\u00e4ns\u00e4 kerran 1,5 vuodessa \u2013 Noora Karma h\u00e4mm\u00e4stelee: \u201dEi olisi tullut mieleenk\u00e4\u00e4n, ett\u00e4 Alfonso katoaa l\u00e4hes t\u00e4ysin!\u201d\n    <\/p>\n<p>        <\/a><\/p>\n<p class=\"article-content article-content-width !bg-background\">Ansku kertoo <a href=\"https:\/\/www.eeva.fi\/jutut\/tanssija-ansku-bergstrom-olen-oppinut-kunnioittamaan-rajojani\" target=\"_blank\" rel=\"nofollow noopener\">Eeva-lehden <\/a>maanantaina (22.12.) julkaisemassa haastattelussa l\u00f6yt\u00e4neens\u00e4 uudesta kullastaan itselleen todellisen turvasataman.<\/p>\n<p class=\"no_italic m-no_italic article-content article-content-width !bg-background\">\u2013 Olemme tosi onnellisia t\u00e4ll\u00e4 hetkell\u00e4. Koen, ett\u00e4 minulla on ihana parisuhde. H\u00e4n saa minut nauramaan. Minulla on todella rakastettu ja turvallinen olo, h\u00e4n kuvailee.<\/p>\n<p>T\u00e4ydellinen juuri nyt<\/p>\n<p class=\"no_italic m-no_italic article-content article-content-width !bg-background\">Aiemmin uraorientoituneesti el\u00e4nyt Ansku kokee viimeaikoina havahtuneensa siihen, ettei halua en\u00e4\u00e4 el\u00e4\u00e4 pelk\u00e4lle ty\u00f6lle. Sen sijaan Ansku on alkanut raivata el\u00e4m\u00e4\u00e4ns\u00e4 lis\u00e4\u00e4 aikaa perheens\u00e4 ja rakkaidensa kanssa.<\/p>\n<p class=\"no_italic m-no_italic article-content article-content-width !bg-background\">\u2013\u00a0Vaikka rakastan ammattiani, en halua my\u00f6hemmin joutua toteamaan, ett\u00e4 olen k\u00e4ytt\u00e4nyt kaiken aikani ty\u00f6ntekoon, h\u00e4n selvent\u00e4\u00e4.<\/p>\n<p class=\"no_italic m-no_italic article-content article-content-width !bg-background\">Ansku kertoo h\u00e4nen ja kumppaninsa jakavan hyvin samankaltaiset arvomaailmat.<\/p>\n<p class=\"no_italic m-no_italic article-content article-content-width !bg-background\">\u2013 L\u00e4heisten rakastaminen, perheen ja l\u00e4heisten kunnioittaminen. Yhdess\u00e4 oleminen, tekeminen ja hetkess\u00e4 el\u00e4minen, h\u00e4n listasi.<\/p>\n<p class=\"no_italic m-no_italic article-content article-content-width !bg-background\">Anskun mukaan h\u00e4nen uusi kultansa on kaikki, mit\u00e4 h\u00e4n el\u00e4m\u00e4lt\u00e4 t\u00e4ll\u00e4 hetkell\u00e4 tarvitsee.<\/p>\n<p>        <a itemprop=\"url\" href=\"https:\/\/www.seiska.fi\/vain-seiskassa\/miten-kay-ansku-bergstromin-ja-elina-gustafssonin-eromokille\/1604707\" rel=\"nofollow noopener\" target=\"_blank\"><\/p>\n<p>\nPaljastava yksityiskohta\n<\/p>\n<p class=\"section-date\">\n        <strong class=\"article-section\" data-section=\"vain seiskassa\"><br \/>\n            vain seiskassa<br \/>\n        <\/strong><br \/>\n        9.2. 07:00\n    <\/p>\n<p>Miten k\u00e4y Ansku Bergstr\u00f6min ja Elina Gustafssonin erom\u00f6kille?\n    <\/p>\n<p itemprop=\"description\" class=\"subtitle \">\n    M\u00f6kin pihasta l\u00f6ytyi paljastava yksityiskohta.\n<\/p>\n<p>        <\/a><\/p>\n<p>Erosi alkuvuonna<\/p>\n<p class=\"font-weight-normal m-font-weight-normal article-content article-content-width !bg-background\">Ansku ja h\u00e4nen ex-kumppaninsa, nyrkkeilij\u00e4 , 33, ilmoittivat tammikuussa 2025 heid\u00e4n yli 3 vuotta kest\u00e4neen suhteensa p\u00e4\u00e4ttyneen.\u00a0<\/p>\n<p>                <img decoding=\"async\" src=\"https:\/\/www.europesays.com\/fi\/wp-content\/uploads\/2025\/12\/2030500.webp\" width=\"576\" height=\"720\" alt=\"Ansku ja 'Ellu' tapasivat toisensa Tanssii t\u00e4htien kanssa -ohjelman kautta. Ansku toimi tuolloin Elinan t\u00e4htivalmentajana.\" loading=\"lazy\" \/>            <\/p>\n<p>\n            Ansku ja &#8221;Ellu&#8221; tapasivat toisensa Tanssii t\u00e4htien kanssa -ohjelman kautta. Ansku toimi tuolloin Elinan t\u00e4htivalmentajana.<br \/>\n            Kai Joronen\n        <\/p>\n<p class=\"no_italic m-no_italic article-content article-content-width !bg-background\">Kaksikko l\u00f6ysi toisensa vuonna 2021 p\u00e4\u00e4dytty\u00e4\u00e4n tanssipariksi Tanssii t\u00e4htien kanssa -ohjelmassa. Suhde eteni saman katon alle vuonna 2022, ja yhteinen Maggie-koira asteli taloon vuonna 2024. Tammikuussa 2025 kaksikko ilmoitti kuitenkin suhteen tulleen tiens\u00e4 p\u00e4\u00e4t\u00f6kseen. Syyksi erolle Elina kertoi tuolloin <a href=\"https:\/\/www.instagram.com\/ellugee\/\" target=\"_blank\" rel=\"nofollow noopener\">Instagram-tilill\u00e4\u00e4n<\/a> erilleen kasvamisen. Kuvioon ei h\u00e4nen mukaasa liittynyt kolmansia osapuolia. Eron j\u00e4lkeen kaksikko on jatkanut yhteydenpitoa ainakin Maggie-koiran yhteishuoltajina.<\/p>\n<p><script async src=\"\/\/www.instagram.com\/embed.js\"><\/script><\/p>\n","protected":false},"excerpt":{"rendered":"Timo Korhonen Anskun uusi rakas on juuri sit\u00e4, mit\u00e4 h\u00e4n el\u00e4m\u00e4lt\u00e4\u00e4n tarvitsee. Tanssija , 40, on vastik\u00e4\u00e4n l\u00f6yt\u00e4nyt&hellip;\n","protected":false},"author":2,"featured_media":124061,"comment_status":"","ping_status":"","sticky":false,"template":"","format":"standard","meta":{"footnotes":""},"categories":[136],"tags":[22159,407,1874,137,33,31,30,408,212,1496,1311,32,903,109],"class_list":{"0":"post-124060","1":"post","2":"type-post","3":"status-publish","4":"format-standard","5":"has-post-thumbnail","7":"category-julkkikset","8":"tag-anna-liisa-bergstrom","9":"tag-celebrities","10":"tag-elina-gustafsson","11":"tag-entertainment","12":"tag-fi","13":"tag-finland","14":"tag-finnish","15":"tag-julkkikset","16":"tag-lifestyle","17":"tag-parisuhde","18":"tag-rakkaus","19":"tag-suomi","20":"tag-tanssii-tahtien-kanssa","21":"tag-viihde"},"share_on_mastodon":{"url":"https:\/\/pubeurope.com\/@fi\/115769227843062887","error":""},"_links":{"self":[{"href":"https:\/\/www.europesays.com\/fi\/wp-json\/wp\/v2\/posts\/124060","targetHints":{"allow":["GET"]}}],"collection":[{"href":"https:\/\/www.europesays.com\/fi\/wp-json\/wp\/v2\/posts"}],"about":[{"href":"https:\/\/www.europesays.com\/fi\/wp-json\/wp\/v2\/types\/post"}],"author":[{"embeddable":true,"href":"https:\/\/www.europesays.com\/fi\/wp-json\/wp\/v2\/users\/2"}],"replies":[{"embeddable":true,"href":"https:\/\/www.europesays.com\/fi\/wp-json\/wp\/v2\/comments?post=124060"}],"version-history":[{"count":0,"href":"https:\/\/www.europesays.com\/fi\/wp-json\/wp\/v2\/posts\/124060\/revisions"}],"wp:featuredmedia":[{"embeddable":true,"href":"https:\/\/www.europesays.com\/fi\/wp-json\/wp\/v2\/media\/124061"}],"wp:attachment":[{"href":"https:\/\/www.europesays.com\/fi\/wp-json\/wp\/v2\/media?parent=124060"}],"wp:term":[{"taxonomy":"category","embeddable":true,"href":"https:\/\/www.europesays.com\/fi\/wp-json\/wp\/v2\/categories?post=124060"},{"taxonomy":"post_tag","embeddable":true,"href":"https:\/\/www.europesays.com\/fi\/wp-json\/wp\/v2\/tags?post=124060"}],"curies":[{"name":"wp","href":"https:\/\/api.w.org\/{rel}","templated":true}]}}