{"id":124062,"date":"2025-12-23T13:56:11","date_gmt":"2025-12-23T13:56:11","guid":{"rendered":"https:\/\/www.europesays.com\/fi\/124062\/"},"modified":"2025-12-23T13:56:11","modified_gmt":"2025-12-23T13:56:11","slug":"lukasenka-lahjoitti-putinille-maalauksen-jossa-on-maisema-valamosta","status":"publish","type":"post","link":"https:\/\/www.europesays.com\/fi\/124062\/","title":{"rendered":"Luka\u0161enka lahjoitti Putinille maalauksen, jossa on maisema Valamosta"},"content":{"rendered":"<p>Ven\u00e4j\u00e4|Valko-Ven\u00e4j\u00e4n presidentti Aljaksandr Luka\u0161enka antoi Ven\u00e4j\u00e4n presidentille Vladimir Putinille syntym\u00e4p\u00e4iv\u00e4lahjan. Maalauksessa on Valamon saari.<\/p>\n<p>22.12. 13:55<\/p>\n<p>Lue tiivistelm\u00e4<\/p>\n<p class=\"article-body mb-nof-24 px-nof-16 sndp-summary-bullet-point-font\">Valko-Ven\u00e4j\u00e4n presidentti Aljaksandr Luka\u0161enka lahjoitti Ven\u00e4j\u00e4n presidentille Vladimir Putinille maalauksen, jossa on n\u00e4kymi\u00e4 Valamon luostarista.<\/p>\n<p class=\"article-body mb-nof-24 px-nof-16 sndp-summary-bullet-point-font\">Luka\u0161enka luovutti lahjan sunnuntaina Pietarissa.<\/p>\n<p class=\"article-body mb-nof-24 px-nof-16 sndp-summary-bullet-point-font\">Valamon luostari sijaitsee Laatokan j\u00e4rven pohjoisosassa ja kuului Suomelle toisen maailmansodan alkuun saakka, kunnes se luovutettiin Neuvostoliitolle.<\/p>\n<p class=\"article-body mb-nof-24 px-nof-16\">Ven\u00e4j\u00e4n presidentti <a class=\"article-personlink\" href=\"https:\/\/www.hs.fi\/haku\/?query=Vladimir%20Putin\" rel=\"nofollow noopener\" target=\"_blank\">Vladimir Putin<\/a> sai lahjaksi Valko-Ven\u00e4j\u00e4n presidentti <a class=\"article-personlink\" href=\"https:\/\/www.hs.fi\/haku\/?query=Aljaksandr%20Luka%C5%A1enkalta\" rel=\"nofollow noopener\" target=\"_blank\">Aljaksandr Luka\u0161enkalta<\/a> maalauksen, jossa on n\u00e4kymi\u00e4 Valamon luostarista ja sen l\u00e4hisaarista. Luka\u0161enka luovutti lahjan Putinille sunnuntaina Pietarissa.<\/p>\n<p class=\"article-body mb-nof-24 px-nof-16\">Asiasta <a class=\"underline underline-offset-[0.12em] [text-decoration-thickness:var(--generic-link-underline-thickness)] [text-decoration-color:var(--generic-link-underline-color)] [text-decoration-skip-ink:var(--generic-link-underline-skip-ink)] break-words\" href=\"https:\/\/t.me\/pul_1\/19609\" rel=\"nofollow\">kertoi <\/a>ensimm\u00e4isen\u00e4 valkoven\u00e4l\u00e4inen Telegram-kanava Pul Pervogo, jota pit\u00e4v\u00e4t Luka\u0161enkan l\u00e4hipiirin toimittajat.<\/p>\n<p class=\"article-body mb-nof-24 px-nof-16\">Maalauksen teki tilauksesta valkoven\u00e4l\u00e4inen taiteilija <a class=\"article-personlink\" href=\"https:\/\/www.hs.fi\/haku\/?query=Vladimir%20Maslennikov\" rel=\"nofollow noopener\" target=\"_blank\">Vladimir Maslennikov<\/a>, joka erikoistuu maisemamaalauksiin. Maalauksen tarkkaa nime\u00e4 ei kerrota.<\/p>\n<p class=\"article-body mb-nof-24 px-nof-16\">Luka\u0161enka k\u00e4ytt\u00e4\u00e4 s\u00e4\u00e4nn\u00f6llisesti Maslennikovin palveluita lahjaksi tarkoitettuihin tilaust\u00f6ihin. Esimerkiksi vuonna 2022 h\u00e4n lahjoitti Ven\u00e4j\u00e4n patriarkka <a class=\"article-personlink\" href=\"https:\/\/www.hs.fi\/haku\/?query=Kirillille\" rel=\"nofollow noopener\" target=\"_blank\">Kirillille <\/a>Maslennikovin maalauksen nimelt\u00e4 Valkoven\u00e4l\u00e4iset maisemat.<\/p>\n<p class=\"article-body mb-nof-24 px-nof-16\">Valko-Ven\u00e4j\u00e4n presidentin kanslia tiedotti jo lokakuussa, ett\u00e4 Luka\u0161enka aikoo lahjoittaa Putinin syntym\u00e4p\u00e4iv\u00e4n kunniaksi juuri Valamon n\u00e4kymi\u00e4 esitt\u00e4v\u00e4n maalauksen. Putin t\u00e4ytti 7. lokakuuta 73 vuotta, ja Luka\u0161enka lupasi silloin luovuttaa lahjan henkil\u00f6kohtaisessa tapaamisessa.<\/p>\n<p class=\"article-body mb-nof-24 px-nof-16\">Vladimir Putin viett\u00e4\u00e4 usein vapaa-aikaansa Valamossa. H\u00e4n on kutsunut sit\u00e4 \u201ct\u00e4rke\u00e4ksi paikaksi Ven\u00e4j\u00e4n kulttuurille, historialle ja uskonnolle\u201d.<\/p>\n<p class=\"article-body mb-nof-24 px-nof-16\">H\u00e4n on vieraillut Valamossa useita kertoja my\u00f6s Aleksandr Luka\u0161enkan kanssa. Heid\u00e4n viimeisin yhteinen vierailunsa saarella oli elokuun alussa.<\/p>\n<p class=\"article-body mb-nof-24 px-nof-16\">Valamon luostari sijaitsee Valamon saarella Laatokan j\u00e4rven pohjoisosassa. Se on ortodoksiluostari, joka kuului Suomelle toisen maailmansodan alkuun saakka.<\/p>\n<p class=\"article-body mb-nof-24 px-nof-16\">Vuonna 1940 luostari evakuoitiin, ja Laatokan Karjala luovutettiin Neuvostoliitolle Moskovan rauhansopimuksen seurauksena talvisodan j\u00e4lkeen.<\/p>\n","protected":false},"excerpt":{"rendered":"Ven\u00e4j\u00e4|Valko-Ven\u00e4j\u00e4n presidentti Aljaksandr Luka\u0161enka antoi Ven\u00e4j\u00e4n presidentille Vladimir Putinille syntym\u00e4p\u00e4iv\u00e4lahjan. Maalauksessa on Valamon saari. 22.12. 13:55 Lue tiivistelm\u00e4&hellip;\n","protected":false},"author":2,"featured_media":124063,"comment_status":"","ping_status":"","sticky":false,"template":"","format":"standard","meta":{"footnotes":""},"categories":[135],"tags":[389,387,388,390,137,33,31,30,46,32,394,393,391,392,109],"class_list":{"0":"post-124062","1":"post","2":"type-post","3":"status-publish","4":"format-standard","5":"has-post-thumbnail","7":"category-taiteet-ja-suunnittelu","8":"tag-arts","9":"tag-arts-and-design","10":"tag-artsanddesign","11":"tag-design","12":"tag-entertainment","13":"tag-fi","14":"tag-finland","15":"tag-finnish","16":"tag-helsingin-sanomat","17":"tag-suomi","18":"tag-suunnittelu","19":"tag-taiteet","20":"tag-taiteet-ja-suunnittelu","21":"tag-taiteetsuunnittelu","22":"tag-viihde"},"share_on_mastodon":{"url":"https:\/\/pubeurope.com\/@fi\/115769231502878524","error":""},"_links":{"self":[{"href":"https:\/\/www.europesays.com\/fi\/wp-json\/wp\/v2\/posts\/124062","targetHints":{"allow":["GET"]}}],"collection":[{"href":"https:\/\/www.europesays.com\/fi\/wp-json\/wp\/v2\/posts"}],"about":[{"href":"https:\/\/www.europesays.com\/fi\/wp-json\/wp\/v2\/types\/post"}],"author":[{"embeddable":true,"href":"https:\/\/www.europesays.com\/fi\/wp-json\/wp\/v2\/users\/2"}],"replies":[{"embeddable":true,"href":"https:\/\/www.europesays.com\/fi\/wp-json\/wp\/v2\/comments?post=124062"}],"version-history":[{"count":0,"href":"https:\/\/www.europesays.com\/fi\/wp-json\/wp\/v2\/posts\/124062\/revisions"}],"wp:featuredmedia":[{"embeddable":true,"href":"https:\/\/www.europesays.com\/fi\/wp-json\/wp\/v2\/media\/124063"}],"wp:attachment":[{"href":"https:\/\/www.europesays.com\/fi\/wp-json\/wp\/v2\/media?parent=124062"}],"wp:term":[{"taxonomy":"category","embeddable":true,"href":"https:\/\/www.europesays.com\/fi\/wp-json\/wp\/v2\/categories?post=124062"},{"taxonomy":"post_tag","embeddable":true,"href":"https:\/\/www.europesays.com\/fi\/wp-json\/wp\/v2\/tags?post=124062"}],"curies":[{"name":"wp","href":"https:\/\/api.w.org\/{rel}","templated":true}]}}