{"id":124070,"date":"2025-12-23T14:07:08","date_gmt":"2025-12-23T14:07:08","guid":{"rendered":"https:\/\/www.europesays.com\/fi\/124070\/"},"modified":"2025-12-23T14:07:08","modified_gmt":"2025-12-23T14:07:08","slug":"greta-thunberg-pidatettiin-lontoossa-aktivistiryhmaa-tukevassa-mielenosoituksessa-uutissuomalainen","status":"publish","type":"post","link":"https:\/\/www.europesays.com\/fi\/124070\/","title":{"rendered":"Greta Thunberg pid\u00e4tettiin Lontoossa aktivistiryhm\u00e4\u00e4 tukevassa mielenosoituksessa | Uutissuomalainen"},"content":{"rendered":"<p>Ruotsalainen aktivisti Greta Thunberg pid\u00e4tettiin tiistaina Lontoossa mielenosoituksessa, jossa tuettiin sy\u00f6m\u00e4lakossa olevia Palestine Action -ryhm\u00e4n j\u00e4seni\u00e4. Asiasta kertoo Prisoners for Palestine -ryhm\u00e4.<\/p>\n<p>Ryhm\u00e4n mukaan Thunberg pid\u00e4tettiin terrorismilain nojalla. H\u00e4n piteli kyltti\u00e4, jossa h\u00e4n kertoi tukevansa Britanniassa kielletty\u00e4 Palestine Action -ryhm\u00e4\u00e4 ja vastustavansa kansanmurhaa.<\/p>\n<p>Palestine Action on palestiinalaisia tukeva ryhm\u00e4, joka on Britanniassa luokiteltu terroristij\u00e4rjest\u00f6ksi. Ryhm\u00e4n toimintaan osallistuminen ja sen julkinen tukeminen on kielletty.<\/p>\n<p>Linjaus tehtiin sen j\u00e4lkeen, kun aktivistit murtautuivat brittil\u00e4iseen lentotukikohtaan ja maalasivat spraymaalilla kahta ilmatankkauskonetta. Linjausta on arvosteltu sananvapauden vastaiseksi.<\/p>\n<p><a href=\"https:\/\/news.sky.com\/story\/greta-thunberg-arrested-at-a-protest-supporting-palestine-action-hunger-strikers-13486842\" rel=\"nofollow noopener\" target=\"_blank\">Sky Newsin<\/a> mukaan useat Palestine Actionin j\u00e4senet ovat tutkintavankeudessa ja olleet useita viikkoja sy\u00f6m\u00e4lakossa.<\/p>\n<p>Lokakuussa l\u00e4hes 500 mielenosoittajaa pid\u00e4tettiin Lontoossa Palestine Actionia tukevassa mielenosoituksessa.<\/p>\n","protected":false},"excerpt":{"rendered":"Ruotsalainen aktivisti Greta Thunberg pid\u00e4tettiin tiistaina Lontoossa mielenosoituksessa, jossa tuettiin sy\u00f6m\u00e4lakossa olevia Palestine Action -ryhm\u00e4n j\u00e4seni\u00e4. Asiasta kertoo&hellip;\n","protected":false},"author":2,"featured_media":124071,"comment_status":"","ping_status":"","sticky":false,"template":"","format":"standard","meta":{"footnotes":""},"categories":[14],"tags":[22,23,26,27,33,31,30,17,2453,24,25,3142,28,29,15,18,21,637,32,19,20,56,16,59,60,61],"class_list":{"0":"post-124070","1":"post","2":"type-post","3":"status-publish","4":"format-standard","5":"has-post-thumbnail","7":"category-ulkomaat","8":"tag-breaking-news","9":"tag-breakingnews","10":"tag-featured-news","11":"tag-featurednews","12":"tag-fi","13":"tag-finland","14":"tag-finnish","15":"tag-headlines","16":"tag-kansalaisaktivismi-ja-jarjestot","17":"tag-latest-news","18":"tag-latestnews","19":"tag-lontoo","20":"tag-main-news","21":"tag-mainnews","22":"tag-news","23":"tag-otsikot","24":"tag-paauutiset","25":"tag-politiikka","26":"tag-suomi","27":"tag-top-stories","28":"tag-topstories","29":"tag-ulkomaat","30":"tag-uutiset","31":"tag-world","32":"tag-world-news","33":"tag-worldnews"},"share_on_mastodon":{"url":"https:\/\/pubeurope.com\/@fi\/115769274786616093","error":""},"_links":{"self":[{"href":"https:\/\/www.europesays.com\/fi\/wp-json\/wp\/v2\/posts\/124070","targetHints":{"allow":["GET"]}}],"collection":[{"href":"https:\/\/www.europesays.com\/fi\/wp-json\/wp\/v2\/posts"}],"about":[{"href":"https:\/\/www.europesays.com\/fi\/wp-json\/wp\/v2\/types\/post"}],"author":[{"embeddable":true,"href":"https:\/\/www.europesays.com\/fi\/wp-json\/wp\/v2\/users\/2"}],"replies":[{"embeddable":true,"href":"https:\/\/www.europesays.com\/fi\/wp-json\/wp\/v2\/comments?post=124070"}],"version-history":[{"count":0,"href":"https:\/\/www.europesays.com\/fi\/wp-json\/wp\/v2\/posts\/124070\/revisions"}],"wp:featuredmedia":[{"embeddable":true,"href":"https:\/\/www.europesays.com\/fi\/wp-json\/wp\/v2\/media\/124071"}],"wp:attachment":[{"href":"https:\/\/www.europesays.com\/fi\/wp-json\/wp\/v2\/media?parent=124070"}],"wp:term":[{"taxonomy":"category","embeddable":true,"href":"https:\/\/www.europesays.com\/fi\/wp-json\/wp\/v2\/categories?post=124070"},{"taxonomy":"post_tag","embeddable":true,"href":"https:\/\/www.europesays.com\/fi\/wp-json\/wp\/v2\/tags?post=124070"}],"curies":[{"name":"wp","href":"https:\/\/api.w.org\/{rel}","templated":true}]}}