{"id":124093,"date":"2025-12-23T14:52:08","date_gmt":"2025-12-23T14:52:08","guid":{"rendered":"https:\/\/www.europesays.com\/fi\/124093\/"},"modified":"2025-12-23T14:52:08","modified_gmt":"2025-12-23T14:52:08","slug":"elokuva-arvio-supermarsusta-alkaa-olla-puhti-poissa-hs-fi","status":"publish","type":"post","link":"https:\/\/www.europesays.com\/fi\/124093\/","title":{"rendered":"Elokuva-arvio | Supermarsusta alkaa olla puhti poissa &#8211; HS.fi"},"content":{"rendered":"<ol>\n<li><a href=\"https:\/\/news.google.com\/rss\/articles\/CBMiWkFVX3lxTE5kVWZpQ041TExMVnFBX0hZcGppZFlXZkliMWhMdGc5eVdGTFkyT1ZlS2hGMzJHUkpsbFdyWE9tM0RlVzNPeURrNkxEbHYtT0FuLXF6RUVBWHJOUQ?oc=5\" target=\"_blank\" rel=\"nofollow noopener\">Elokuva-arvio | Supermarsusta alkaa olla puhti poissa<\/a>&nbsp;&nbsp;HS.fi<\/li>\n<li><a href=\"https:\/\/news.google.com\/rss\/articles\/CBMiiAFBVV95cUxQaDhpX1Ixd2Q3a0VoelhPcHYwOExzcFVHQ1dCYTJNUEhVUXg4aUM5bFFJNHRjQmZOU28xQmZCaUdyR09DV0p6X1c1UWVITlByWVh3TERqOExwSW5MTkdMY3BONjRnellVcHJpeThtWmpYMFdOYUxvY25WV040aTFQSGZMZkJobFpY?oc=5\" target=\"_blank\" rel=\"nofollow noopener\">Essi Hell\u00e9n palaa valkokankaalle vuosien tauon j\u00e4lkeen \u2013 12-vuotias tyt\u00e4r sai p\u00e4\u00e4roolin samasta elokuvasta<\/a>&nbsp;&nbsp;Kaleva<\/li>\n<li><a href=\"https:\/\/news.google.com\/rss\/articles\/CBMiS0FVX3lxTE9pbWNKbHpZeWRRcE1sMzN6S1pySWJ1RFBYcUF1V1BySUVlU0Jmc2lpa2FWc19hN09nelE2emdFRFpGbnB1RURKS0ZRRQ?oc=5\" target=\"_blank\" rel=\"nofollow noopener\">Elokuva-arvostelu | Supermarsu ja lapset pelastavat l\u00e4himets\u00e4n kieron liikemiehen jyr\u00e4n alta<\/a>&nbsp;&nbsp;ts.fi<\/li>\n<li><a href=\"https:\/\/news.google.com\/rss\/articles\/CBMid0FVX3lxTE5VMTBxbXIzNS1EajRqX1R1SEtnUjJHRS1aelhDRmhuM2tucFpDQjBMVEV1VlYxVjhvendfY09YTEY5OUV4dDdNbUdhUlN0bnJrOUxSbnkweHVBOW1TZ1F1QUJMQ3lQQm5ubmllTHJwNnBLTEczTzlZ?oc=5\" target=\"_blank\" rel=\"nofollow noopener\">Supermarsu ja suuri huijaus \u2022 Arvostelu<\/a>&nbsp;&nbsp;film-o-holic.com<\/li>\n<li><a href=\"https:\/\/news.google.com\/rss\/articles\/CBMi0wFBVV95cUxQZHhXa2R4LUh0ZXllaWU1TGFNY1RRdzNJLVFPa2ZQMU1Pa3l3MVJjMW1kbEFveEVQeVRsRXlHR0t0Ti1ycWF1XzNRMXN2VEN4ZmEyelhZR3FXQTBJdHpBd1pmdDFlbFR4RUluOThERFJ5cE9kN095X1IzeEpndjl2dFRwN3VrQXF1LWtCYzdqdkNsZ3djSnUzWUpIVjY3OW4tREFxWGtzM3FCblB0UFFZc3lEbWRnZENneThwWTRZbGZIenowelNjb2t5Y1Q1aE1CNkxB?oc=5\" target=\"_blank\" rel=\"nofollow noopener\">Elokuva, jossa lapsia ei aliarvioida \u2013 Paula Norosen kirjoista tuttu Supermarsu lent\u00e4\u00e4 kolmannen kerran valkokankaalle<\/a>&nbsp;&nbsp;Kainuun Sanomat<\/li>\n<\/ol>\n","protected":false},"excerpt":{"rendered":"Elokuva-arvio | Supermarsusta alkaa olla puhti poissa&nbsp;&nbsp;HS.fi Essi Hell\u00e9n palaa valkokankaalle vuosien tauon j\u00e4lkeen \u2013 12-vuotias tyt\u00e4r sai&hellip;\n","protected":false},"author":2,"featured_media":124094,"comment_status":"","ping_status":"","sticky":false,"template":"","format":"standard","meta":{"footnotes":""},"categories":[131],"tags":[155,137,33,173,31,30,46,172,32,109],"class_list":{"0":"post-124093","1":"post","2":"type-post","3":"status-publish","4":"format-standard","5":"has-post-thumbnail","7":"category-elokuvat","8":"tag-elokuvat","9":"tag-entertainment","10":"tag-fi","11":"tag-film","12":"tag-finland","13":"tag-finnish","14":"tag-helsingin-sanomat","15":"tag-movies","16":"tag-suomi","17":"tag-viihde"},"share_on_mastodon":{"url":"https:\/\/pubeurope.com\/@fi\/115769451674281952","error":""},"_links":{"self":[{"href":"https:\/\/www.europesays.com\/fi\/wp-json\/wp\/v2\/posts\/124093","targetHints":{"allow":["GET"]}}],"collection":[{"href":"https:\/\/www.europesays.com\/fi\/wp-json\/wp\/v2\/posts"}],"about":[{"href":"https:\/\/www.europesays.com\/fi\/wp-json\/wp\/v2\/types\/post"}],"author":[{"embeddable":true,"href":"https:\/\/www.europesays.com\/fi\/wp-json\/wp\/v2\/users\/2"}],"replies":[{"embeddable":true,"href":"https:\/\/www.europesays.com\/fi\/wp-json\/wp\/v2\/comments?post=124093"}],"version-history":[{"count":0,"href":"https:\/\/www.europesays.com\/fi\/wp-json\/wp\/v2\/posts\/124093\/revisions"}],"wp:featuredmedia":[{"embeddable":true,"href":"https:\/\/www.europesays.com\/fi\/wp-json\/wp\/v2\/media\/124094"}],"wp:attachment":[{"href":"https:\/\/www.europesays.com\/fi\/wp-json\/wp\/v2\/media?parent=124093"}],"wp:term":[{"taxonomy":"category","embeddable":true,"href":"https:\/\/www.europesays.com\/fi\/wp-json\/wp\/v2\/categories?post=124093"},{"taxonomy":"post_tag","embeddable":true,"href":"https:\/\/www.europesays.com\/fi\/wp-json\/wp\/v2\/tags?post=124093"}],"curies":[{"name":"wp","href":"https:\/\/api.w.org\/{rel}","templated":true}]}}