{"id":124107,"date":"2025-12-23T15:13:09","date_gmt":"2025-12-23T15:13:09","guid":{"rendered":"https:\/\/www.europesays.com\/fi\/124107\/"},"modified":"2025-12-23T15:13:09","modified_gmt":"2025-12-23T15:13:09","slug":"tapahtuubessin-ja-danny-rakkaan-tilanne-puhuttaa-nainko-kay-joulun","status":"publish","type":"post","link":"https:\/\/www.europesays.com\/fi\/124107\/","title":{"rendered":"Tapahtuu?Bessin ja Danny-rakkaan tilanne puhuttaa, n\u00e4ink\u00f6 k\u00e4y joulun?"},"content":{"rendered":"<p>            Seiskan arkisto\n        <\/p>\n<p class=\"subtitle \">Seiska sai kuulla hiljattain harvinaisia kuulumisia pariskunnalta.<\/p>\n<p class=\"article-content article-content-width !bg-background\">Muusikko  eli oikealta nimelt\u00e4\u00e4n , 32, on kuvailtu kotimaisen dancepopin kuningattareksi.<\/p>\n<p class=\"article-content article-content-width !bg-background\">H\u00e4nen rinnallaan on totuttu n\u00e4kem\u00e4\u00e4n todellinen tanskalaisviikinki, varttuneempi herrasmies .<\/p>\n<p class=\"article-content article-content-width !bg-background\">Bess ja Danny tapasivat toisensa vuonna 2020. Kihloja vaihdettiin vain pari vuotta my\u00f6hemmin, 2022.<\/p>\n<p>        <a itemprop=\"url\" href=\"https:\/\/www.seiska.fi\/kotimaa\/nyt-tarahti-bessilta-vuoden-viettelevin-esitys\/2012236\" rel=\"nofollow noopener\" target=\"_blank\"><\/p>\n<p>\nBess loksautti leuat\n<\/p>\n<p class=\"section-date\">\n        <strong class=\"article-section\" data-section=\"kotimaa\"><br \/>\n            kotimaa<br \/>\n        <\/strong><br \/>\n        5.12. 17:00\n    <\/p>\n<p>Nyt t\u00e4r\u00e4hti! Bessilt\u00e4 vuoden viettelevin esitys?\n    <\/p>\n<p itemprop=\"description\" class=\"subtitle \">\n    Suosikkiartisti riemastui Seiskan reportterin havainnosta.\n<\/p>\n<p>        <\/a><\/p>\n<p class=\"article-content article-content-width !bg-background\">Hiljattain Bess kuitenkin vaikeni tyystin Danny-rakkaastaan, vaikka Seiskan reportteri yritti k\u00e4\u00e4nt\u00e4\u00e4 ja v\u00e4\u00e4nt\u00e4\u00e4 pariskunnan kuulumisia.<\/p>\n<p>                <img decoding=\"async\" src=\"https:\/\/www.europesays.com\/fi\/wp-content\/uploads\/2025\/12\/2029903.webp\" width=\"576\" height=\"720\" alt=\"Danny Baertelsen ja Bess ovat n\u00e4ytt\u00e4v\u00e4 pari.\" loading=\"lazy\" \/>            <\/p>\n<p>\n            Danny Baertelsen ja Bess ovat n\u00e4ytt\u00e4v\u00e4 pari.<br \/>\n            Timo Korhonen\n        <\/p>\n<p>Yll\u00e4tt\u00e4v\u00e4\u00e4 kiertely\u00e4<\/p>\n<p class=\"article-content article-content-width !bg-background\">Kyseess\u00e4 oli muutaman viikon takainen Kummien JouluMielelle -konsertti sek\u00e4 sit\u00e4 edelt\u00e4nyt pressitilaisuus, johon Bess p\u00f6l\u00e4hti ilman Dannya.<\/p>\n<p class=\"article-content article-content-width !bg-background\">Yll\u00e4tt\u00e4en Bess vaikeni t\u00e4ysin, kun puhe k\u00e4\u00e4ntyi h\u00e4nen tanskalaisrakkaaseensa.<\/p>\n<p>        <a itemprop=\"url\" href=\"https:\/\/www.seiska.fi\/vain-seiskassa\/bess-vaikenee-dannysta-erikoista-kiertelya\/2011223\" rel=\"nofollow noopener\" target=\"_blank\"><\/p>\n<p>\nBess\n<\/p>\n<p class=\"section-date\">\n        <strong class=\"article-section\" data-section=\"vain seiskassa\"><br \/>\n            vain seiskassa<br \/>\n        <\/strong><br \/>\n        7.12. 08:00\n    <\/p>\n<p>Bess vaikenee Dannysta \u2013 erikoista kiertely\u00e4\n    <\/p>\n<p itemprop=\"description\" class=\"subtitle \">\n    Bess ei mainitse edes kihlattunsa nime\u00e4.\n<\/p>\n<p>        <\/a><\/p>\n<p class=\"article-content article-content-width !bg-background\">\u2013 Siis joulu tulee, onko se kolmen viikon p\u00e4\u00e4st\u00e4? Bess vastasi Danny-kysymykseen.<\/p>\n<p class=\"article-content article-content-width !bg-background\">H\u00e4n my\u00f6s v\u00e4ltteli viimeiseen asti edes Dannyn nimen mainitsemista. Sen j\u00e4lkeen pariskunnan tilanne on puhuttanut.<\/p>\n<p>N\u00e4ink\u00f6 siin\u00e4 k\u00e4y?<\/p>\n<p class=\"article-content article-content-width !bg-background\">Vastoin muuta tietoa on syyt\u00e4 olettaa, ett\u00e4 Bessin ja Dannyn alkuper\u00e4iset joulusuunnitelmat pit\u00e4v\u00e4t yh\u00e4 kutinsa.<\/p>\n<p class=\"article-content article-content-width !bg-background\">Pariskunta n\u00e4ytt\u00e4ytyi onnellisena marraskuun lopulla TTK-finaalissa, jossa Seiskan reportteri sai kaksikolta yhteishaastattelun.<\/p>\n<p class=\"article-content article-content-width !bg-background\">\u2013 L\u00e4hdemme Tanskaan joulunviettoon. Viet\u00e4mme siell\u00e4 aikaamme perheeni luona, Danny paljasti tuolloin Seiskalle.<\/p>\n<p>Hauska lahjaperinne<\/p>\n<p class=\"article-content article-content-width !bg-background\">My\u00f6s Bess oli juttutuulella ja paljasti Seiskalle pariskunnan hauskan joululahjaperinteen.<\/p>\n<p class=\"article-content article-content-width !bg-background\">Suosikkiartistin mukaan he eiv\u00e4t osta Dannyn kanssa toisilleen lahjoja, vaan panostavat perhepiirin lahja-arvontaan.<\/p>\n<p>        <a itemprop=\"url\" href=\"https:\/\/www.seiska.fi\/terveys\/bess-huolestui-terveydestaan\/2019177\" rel=\"nofollow noopener\" target=\"_blank\"><\/p>\n<p>\nN\u00e4in h\u00e4n voi nyt\n<\/p>\n<p class=\"section-date\">\n        <strong class=\"article-section\" data-section=\"terveys\"><br \/>\n            terveys<br \/>\n        <\/strong><br \/>\n        14.12. 11:00\n    <\/p>\n<p>Bess huolestui terveydest\u00e4\u00e4n\n    <\/p>\n<p itemprop=\"description\" class=\"subtitle \">\n    Laulajan v\u00e4symys sai h\u00e4net hakeutumaan tutkimuksiin.\n<\/p>\n<p>        <\/a><\/p>\n<p class=\"article-content article-content-width !bg-background\">\u2013 Ostamme sellaisia k\u00e4tevi\u00e4 ja yleishy\u00f6dyllisi\u00e4 lahjoja, jotka sitten arvotaan kaikkien kesken: tiskir\u00e4tti\u00e4, vitamiineja ja kaikkea sellaista.<\/p>\n<p class=\"article-content article-content-width !bg-background\">\u2013 Siihen liittyy my\u00f6s se, ett\u00e4 jos n\u00e4kee jonkin kivann\u00e4k\u00f6isen paketin, niin sen saa ik\u00e4\u00e4n kuin varastaa itselleen, hyv\u00e4ntuulinen Bess selitti.<\/p>\n<p>                <img decoding=\"async\" src=\"https:\/\/www.europesays.com\/fi\/wp-content\/uploads\/2025\/12\/2029934.webp\" width=\"576\" height=\"639\" alt=\"Bess antoi Seiskalle hiljattain haastattelun TTK-finaalissa. Rinnalla puoliso Danny B\u00e6rtelsen.\" loading=\"lazy\" \/>            <\/p>\n<p>\n            Bess antoi Seiskalle hiljattain haastattelun TTK-finaalissa. Rinnalla puoliso Danny B\u00e6rtelsen.<br \/>\n            Eetu Ampuja\n        <\/p>\n","protected":false},"excerpt":{"rendered":"Seiskan arkisto Seiska sai kuulla hiljattain harvinaisia kuulumisia pariskunnalta. Muusikko eli oikealta nimelt\u00e4\u00e4n , 32, on kuvailtu kotimaisen&hellip;\n","protected":false},"author":2,"featured_media":124108,"comment_status":"","ping_status":"","sticky":false,"template":"","format":"standard","meta":{"footnotes":""},"categories":[136],"tags":[3717,20367,407,20365,137,33,31,30,5856,19964,408,13361,12314,651,32,1014,109],"class_list":{"0":"post-124107","1":"post","2":"type-post","3":"status-publish","4":"format-standard","5":"has-post-thumbnail","7":"category-julkkikset","8":"tag-bess","9":"tag-bess-launimo","10":"tag-celebrities","11":"tag-danny-baertelsen","12":"tag-entertainment","13":"tag-fi","14":"tag-finland","15":"tag-finnish","16":"tag-joulu","17":"tag-joulunvietto","18":"tag-julkkikset","19":"tag-kihlapari","20":"tag-pariskunta","21":"tag-suhteet","22":"tag-suomi","23":"tag-tanska","24":"tag-viihde"},"share_on_mastodon":{"url":"https:\/\/pubeurope.com\/@fi\/115769534785387562","error":""},"_links":{"self":[{"href":"https:\/\/www.europesays.com\/fi\/wp-json\/wp\/v2\/posts\/124107","targetHints":{"allow":["GET"]}}],"collection":[{"href":"https:\/\/www.europesays.com\/fi\/wp-json\/wp\/v2\/posts"}],"about":[{"href":"https:\/\/www.europesays.com\/fi\/wp-json\/wp\/v2\/types\/post"}],"author":[{"embeddable":true,"href":"https:\/\/www.europesays.com\/fi\/wp-json\/wp\/v2\/users\/2"}],"replies":[{"embeddable":true,"href":"https:\/\/www.europesays.com\/fi\/wp-json\/wp\/v2\/comments?post=124107"}],"version-history":[{"count":0,"href":"https:\/\/www.europesays.com\/fi\/wp-json\/wp\/v2\/posts\/124107\/revisions"}],"wp:featuredmedia":[{"embeddable":true,"href":"https:\/\/www.europesays.com\/fi\/wp-json\/wp\/v2\/media\/124108"}],"wp:attachment":[{"href":"https:\/\/www.europesays.com\/fi\/wp-json\/wp\/v2\/media?parent=124107"}],"wp:term":[{"taxonomy":"category","embeddable":true,"href":"https:\/\/www.europesays.com\/fi\/wp-json\/wp\/v2\/categories?post=124107"},{"taxonomy":"post_tag","embeddable":true,"href":"https:\/\/www.europesays.com\/fi\/wp-json\/wp\/v2\/tags?post=124107"}],"curies":[{"name":"wp","href":"https:\/\/api.w.org\/{rel}","templated":true}]}}