{"id":124201,"date":"2025-12-23T17:54:13","date_gmt":"2025-12-23T17:54:13","guid":{"rendered":"https:\/\/www.europesays.com\/fi\/124201\/"},"modified":"2025-12-23T17:54:13","modified_gmt":"2025-12-23T17:54:13","slug":"arvostelu-jack-blackin-kaarmekomedia-anaconda-on-juuri-sopivaa-sekoilua-joululomalle","status":"publish","type":"post","link":"https:\/\/www.europesays.com\/fi\/124201\/","title":{"rendered":"Arvostelu | Jack Blackin k\u00e4\u00e4rmekomedia Anaconda on juuri sopivaa sekoilua joululomalle"},"content":{"rendered":"<p>Kuva: \u00a9 2025 CTMG, Inc.<\/p>\n<p>Jack Black ja Paul Rudd t\u00e4hditt\u00e4v\u00e4t uutta Anaconda-elokuvaa, jolla on suora kytk\u00f6s vuoden 1997 k\u00e4\u00e4rmej\u00e4nn\u00e4riin. Nyt tiedossa on vaan enemm\u00e4n komediaa.<\/p>\n<p><img fetchpriority=\"high\" decoding=\"async\" width=\"717\" height=\"1024\" alt=\"Anaconda (2025) juliste\" class=\"wp-image-915056 size-full awpo-lazy\"  data- src=\"https:\/\/www.europesays.com\/fi\/wp-content\/uploads\/2025\/12\/anaconda-poster-717x1024.jpg\"\/><\/p>\n<p class=\"has-small-font-size\"><strong>ANACONDA<\/strong><br \/>Ensi-ilta: 25.12.2026<br \/>Alkuper\u00e4isnimi: Anaconda<br \/>Ohjaus: Tom Gormican<br \/>K\u00e4sikirjoitus: Tom Gormican &amp; Kevin Etten <br \/>P\u00e4\u00e4osissa: Paul Rudd, Jack Black, Thandiwe Newton, Steve Zahn &amp; Daniela Melchior<br \/>Pituus: 100 minuuttia<br \/>Ik\u00e4raja: K12<\/p>\n<p class=\"has-drop-cap\">J<strong>ennifer Lopez, Ice Cube<\/strong> ja <strong>Jon Voight<\/strong> n\u00e4ytteliv\u00e4t vuonna 1996 <strong>Luis Llosan<\/strong> ohjaamassa toimintaj\u00e4nn\u00e4riss\u00e4, miss\u00e4 Amazonasin viidakkoon matkaava kuvausryhm\u00e4 joutuu vastakkain valtavan ja verenhimoisen k\u00e4\u00e4rmeen kanssa. Uusi <a href=\"https:\/\/muropaketti.com\/avainsana\/anaconda\/\" rel=\"nofollow noopener\" target=\"_blank\">Anaconda<\/a> tekee omanlaistaan kunniaa tuolle k\u00e4\u00e4rmekauhuilulle.<\/p>\n<p><strong>Tom Gormicanin<\/strong> ohjaama ja yhdess\u00e4 <strong>Kevin Ettenin<\/strong> kanssa k\u00e4sikirjoittama Anaconda on alkuper\u00e4ist\u00e4 kulttielokuvaa huomattavasti komediallisempi, mutta pohjimmiltaan se kumpuaa samoista l\u00e4ht\u00f6kohdista: viidakkoon matkanneet ihmiset kohtaavat hirvi\u00f6k\u00e4\u00e4rmeen, joka on t\u00e4ll\u00e4 kertaa entist\u00e4kin suurempi ja verenhimoisempi.<\/p>\n<p>P\u00e4\u00e4osissa n\u00e4yttelev\u00e4t <strong>Paul Rudd<\/strong> ja <strong>Jack Black<\/strong>, jonka kerrotaan korvanneen rooliin alun perin suunnitellun, jo Gormicanin ja Ettenin edellisess\u00e4kin elokuvassa (The Unbearable Weight of Massive Talent) n\u00e4ytelleen <strong>Nicolas Cagen<\/strong>. Blackin my\u00f6t\u00e4 elokuvan huumorista on muodostunut kevyemp\u00e4\u00e4 ja suurieleisemp\u00e4\u00e4. Cagen versiossa se olisi varmasti ollut pid\u00e4ttyv\u00e4isemp\u00e4\u00e4 ja sijainnut enemm\u00e4n rivien v\u00e4liss\u00e4. Cage olisi voinut olla mielenkiintoinen tapaus, mutta onhan herttainen Black nyt aina Black.<\/p>\n<p>Viihdytt\u00e4v\u00e4\u00e4 h\u00f6mpp\u00e4\u00e4. Se kuvaa uutta Anacondaa t\u00e4ydellisesti. Elokuva ei pet\u00e4 vaan se on sataprosenttisesti sit\u00e4, mit\u00e4 silt\u00e4 trailerin perusteella voi odottaa: humoristinen ja vauhdikas viidakkoseikkailu, hieman meta, kytk\u00f6ksiss\u00e4 alkuper\u00e4iseen \u2013 ja onhan siin\u00e4 my\u00f6s se iso k\u00e4\u00e4rme. Vuoden pimeimp\u00e4\u00e4n aikaan varsin mainiota aivot narikkaan -h\u00e4r\u00f6ily\u00e4.<\/p>\n<p><a href=\"https:\/\/www.europesays.com\/fi\/wp-content\/uploads\/2025\/12\/anaconda-paul-rudd-jack-black.jpg\"><img loading=\"lazy\" decoding=\"async\" width=\"1400\" height=\"933\" alt=\"Anaconda\" class=\"wp-image-894075 awpo-lazy\"  data- src=\"https:\/\/www.europesays.com\/fi\/wp-content\/uploads\/2025\/12\/anaconda-paul-rudd-jack-black.jpg\"\/><\/a>Kuva: \u00a9 2025 CTMG, Inc.<\/p>\n<p>Paul Rudd ja Jack Black j\u00e4ttik\u00e4\u00e4rmeen j\u00e4ljill\u00e4<\/p>\n<p>Anacondassa Griff (Paul Rudd) on urallaan heikosti menestyv\u00e4 n\u00e4yttelij\u00e4, joka saa j\u00e4lleen kenk\u00e4\u00e4 yhdest\u00e4 projektista. Ep\u00e4onnistumisten my\u00f6t\u00e4 keski-i\u00e4n kriisi\u00e4 poteva mies on saanut p\u00e4\u00e4h\u00e4ns\u00e4, ett\u00e4 el\u00e4m\u00e4 on t\u00e4ss\u00e4 ja nyt.<\/p>\n<p>Niinp\u00e4 h\u00e4n p\u00e4\u00e4tt\u00e4\u00e4 ehdottaa lapsuudenyst\u00e4villeen yhteist\u00e4 projektia: h\u00e4n haluaa tehd\u00e4 uuden version heid\u00e4n nuoruutensa lempparileffastaan eli Anacondasta.<\/p>\n<p>Griff palaa kotiseudulleen tapaamaan parasta yst\u00e4v\u00e4\u00e4ns\u00e4 Dougia (Jack Black), jonka unelma Hollywoodista on kutistunut h\u00e4\u00e4videoiden suunnitteluun. Yhdess\u00e4 <strong>Thandiwe Newtonin<\/strong> esitt\u00e4m\u00e4n Clairen ja <strong>Steve Zahnin<\/strong> Kennyn kanssa he katsovat kauan kadoksissa olleen, nuorena tekem\u00e4ns\u00e4 elokuvan, ja p\u00e4\u00e4tt\u00e4v\u00e4t ottaa lainaa ja suunnata kameran kanssa viidakkoon.<\/p>\n<p>Paikallinen k\u00e4\u00e4rmeenkouluttaja Santiago (<strong>Selton Mello<\/strong>) tarjoaa heille elokuvaa varten k\u00e4\u00e4rmeen ja venett\u00e4 Amazon-joelle l\u00e4htee ohjaamaan <strong>Daniela Melchiorin<\/strong> esitt\u00e4m\u00e4 Ana. Homma alkaa kuitenkin menn\u00e4 pieleen heti alkumetreill\u00e4, kun he saavat per\u00e4\u00e4ns\u00e4 joukon h\u00e4m\u00e4r\u00e4miehi\u00e4 ja k\u00e4\u00e4rmekin kuolee. Ja t\u00e4st\u00e4 kaaos sen kun vain kasvaa.<\/p>\n<p><a href=\"https:\/\/www.europesays.com\/fi\/wp-content\/uploads\/2025\/12\/anaconda-paul-rudd.jpg\"><img loading=\"lazy\" decoding=\"async\" width=\"1600\" height=\"1066\" alt=\"Anaconda (2025)\" class=\"wp-image-915055 awpo-lazy\"  data- src=\"https:\/\/www.europesays.com\/fi\/wp-content\/uploads\/2025\/12\/anaconda-paul-rudd.jpg\"\/><\/a>Kuva: \u00a9 2025 CTMG, Inc.<\/p>\n<p>Harmitonta h\u00f6mpp\u00e4\u00e4 fiksusti<\/p>\n<p>Anaconda on harmittoman kevytt\u00e4, mutta suhteellisen fiksulla tavalla k\u00e4sikirjoitettua h\u00f6mpp\u00e4\u00e4, jolle ei voi olla vihainen. Se kutittelee viihdytyshermoja hieman samaan tapaan kuin uudet Jumanji-elokuvat tai vaikkapa <strong>Ben Stillerin<\/strong> Tropic Thunder (2008). Se on visuaalisesti n\u00e4ytt\u00e4v\u00e4, miellytt\u00e4vien n\u00e4yttelij\u00f6iden t\u00e4hditt\u00e4m\u00e4 toimintakomedia, jossa on my\u00f6s ihan oivaltavia vitsej\u00e4 ja k\u00e4\u00e4nteit\u00e4.<\/p>\n<p>Uusi Anaconda on juuri sit\u00e4 samaa nykyelokuvien joukkoa, joka ei ole varsinainen remake eik\u00e4 jatko-osakaan, vaan jotain silt\u00e4 v\u00e4lilt\u00e4. Se on kunnianosoitus jollekin aiemmin tehdylle, sijoitettuna sujuvasti samaan maailmaan ja alkuper\u00e4ist\u00e4 my\u00f6s kommentoiva. Ensimm\u00e4inen Anaconda oli elokuva, jossa tehd\u00e4\u00e4n elokuvaa \u2013 uusi Anaconda on elokuva jossa tehd\u00e4\u00e4n remakea tuosta elokuvasta.<\/p>\n<p>Anaconda on kevyt toimintakomedia, mutta ei ihan pelkk\u00e4\u00e4 h\u00e4r\u00f6ily\u00e4. K\u00e4sikirjoitus sivuaa keski-i\u00e4n kriisi\u00e4, el\u00e4m\u00e4n saavutuksia ja kaikkea sit\u00e4, mit\u00e4 ei ehk\u00e4 olekaan saanut toteutettua. Se my\u00f6s kommentoi hauskasti elokuva-alaa ja sen toimintatapoja. Pohjimmiltaan sen keski\u00f6ss\u00e4 on kuitenkin yst\u00e4vyys ja rakkaus elokuvaan, jotka kumpuavat samasta l\u00e4hteest\u00e4 kuin vaikkapa tv-sarja Dawson\u2019s Creek \u2013 jonka tunnusmusiikkia k\u00e4ytet\u00e4\u00e4n elokuvassa ahkerasti.<\/p>\n<p><a href=\"https:\/\/muropaketti.com\/wp-content\/uploads\/2025\/12\/anaconda-2025-paul-rudd-jack-black.jpg\" rel=\"nofollow noopener\" target=\"_blank\"><img loading=\"lazy\" decoding=\"async\" width=\"1024\" height=\"683\" alt=\"Anaconda (2025) \/ Paul Rudd, Jack Black\" class=\"wp-image-915299 awpo-lazy\"  data- src=\"https:\/\/www.europesays.com\/fi\/wp-content\/uploads\/2025\/12\/anaconda-2025-paul-rudd-jack-black-1024x683.jpg\"\/><\/a>Kuva: \u00a9 2025 CTMG, Inc.<\/p>\n<p>Iso k\u00e4\u00e4rme, pienet kauhut<\/p>\n<p>Onhan Anacondassa tietenkin my\u00f6s itse k\u00e4\u00e4rme. Ep\u00e4uskottavan hirvi\u00f6m\u00e4inen, muka-yll\u00e4tt\u00e4viss\u00e4 tilanteissa putkahtava k\u00e4\u00e4rme, joka ei k\u00e4ytt\u00e4ydy lainkaan luonnollisella tavalla, koska sellainenhan sen nyt kuuluu t\u00e4m\u00e4ntyyppisess\u00e4 elokuvassa olla. T\u00e4m\u00e4 tietenkin et\u00e4\u00e4nnytt\u00e4\u00e4 sen pienenkin kauhuelementin, mit\u00e4 elokuvassa voisi olla, mutta luonnonsuojelun n\u00e4k\u00f6kulmasta on varmaankin hyv\u00e4, ett\u00e4 viha aitoja k\u00e4\u00e4rmeit\u00e4 kohtaan pysyy ehk\u00e4p\u00e4 n\u00e4in paremmin aisoissa.<\/p>\n<p>Uudessa Anacondassa el\u00e4inkauhu on siis hyvin mietoa, onhan elokuvan ik\u00e4rajakin nuorisolle suunnattu K12. T\u00e4m\u00e4 elokuva on silkkaa (toiminta)komediaa.<\/p>\n<p>Rudd ja Black vet\u00e4v\u00e4t juuri heid\u00e4n tyyppisilleen n\u00e4yttelij\u00f6ille kirjoitetuissa rooleissaan osansa tyylikk\u00e4\u00e4sti ammattilaisten ottein. My\u00f6s Zahn on sivuroolissaan mainio, mutta Newton j\u00e4tet\u00e4\u00e4n t\u00e4ysin statistiksi. Mello puolestaan kanavoi roolissaan tehokkaasti alkuper\u00e4isen elokuvan Jon Voightia, mutta tekee k\u00e4\u00e4rme\u00e4ij\u00e4st\u00e4\u00e4n silti ihan omanlaisensa hahmon.<\/p>\n<p><a href=\"https:\/\/muropaketti.com\/wp-content\/uploads\/2025\/11\/jack-black-anaconda.jpg\" rel=\"nofollow noopener\" target=\"_blank\"><img loading=\"lazy\" decoding=\"async\" width=\"1024\" height=\"682\" alt=\"Jack Black \/ ANACONDA\" class=\"wp-image-910331 awpo-lazy\"  data- src=\"https:\/\/www.europesays.com\/fi\/wp-content\/uploads\/2025\/12\/jack-black-anaconda-1024x682.jpg\"\/><\/a>Kuva: \u00a9 2025 CTMG, Inc.<\/p>\n<p>Anaconda on juuri sopivan p\u00f6lj\u00e4\u00e4 viihdett\u00e4 Suomen pime\u00e4\u00e4n ja ankeaan vuodenaikaan. Se h\u00e4r\u00f6ilee, mutta kantaa loppuun saakka, saa h\u00f6r\u00e4htelem\u00e4\u00e4n l\u00e4hes \u00e4\u00e4neen, ja kumartaa syv\u00e4\u00e4n huomattavasti vakavammalle edelt\u00e4j\u00e4lleen.<\/p>\n<p>Suoraan sanottuna: <\/p>\n<p>Eih\u00e4n Anacondassa paljoakaan j\u00e4rke\u00e4 ole, mutta mieluummin t\u00e4m\u00e4n katsoo kuin ylipitk\u00e4n, pomp\u00f6\u00f6sin <a href=\"https:\/\/muropaketti.com\/elokuvat\/elokuva-arvostelut\/arvostelu-kolmas-avatar-elokuva-on-sieluton-tekniikkademo-johon-kyllastyy-jo-kauan-ennen-lopputaistelua\/\" target=\"_blank\" rel=\"noreferrer noopener nofollow\">Avatar: Fire and Ashin<\/a>.<\/p>\n<p><a href=\"https:\/\/www.europesays.com\/fi\/wp-content\/uploads\/2025\/08\/elokuva-arvostelu-tahdet-3.png\"><img loading=\"lazy\" decoding=\"async\" width=\"180\" height=\"33\" alt=\"Arvosana: 3\/5\" class=\"wp-image-373471 awpo-lazy\" src=\"https:\/\/www.europesays.com\/fi\/wp-content\/uploads\/2025\/08\/elokuva-arvostelu-tahdet-3.png\"\/><\/a><\/p>\n","protected":false},"excerpt":{"rendered":"Kuva: \u00a9 2025 CTMG, Inc. Jack Black ja Paul Rudd t\u00e4hditt\u00e4v\u00e4t uutta Anaconda-elokuvaa, jolla on suora kytk\u00f6s vuoden&hellip;\n","protected":false},"author":2,"featured_media":120750,"comment_status":"","ping_status":"","sticky":false,"template":"","format":"standard","meta":{"footnotes":""},"categories":[131],"tags":[12413,155,137,33,173,31,30,12414,172,4790,32,22171,19506,109],"class_list":{"0":"post-124201","1":"post","2":"type-post","3":"status-publish","4":"format-standard","5":"has-post-thumbnail","7":"category-elokuvat","8":"tag-anaconda","9":"tag-elokuvat","10":"tag-entertainment","11":"tag-fi","12":"tag-film","13":"tag-finland","14":"tag-finnish","15":"tag-jack-black","16":"tag-movies","17":"tag-paul-rudd","18":"tag-suomi","19":"tag-thandiwe-newton","20":"tag-tom-gormican","21":"tag-viihde"},"share_on_mastodon":{"url":"https:\/\/pubeurope.com\/@fi\/115770167642264041","error":""},"_links":{"self":[{"href":"https:\/\/www.europesays.com\/fi\/wp-json\/wp\/v2\/posts\/124201","targetHints":{"allow":["GET"]}}],"collection":[{"href":"https:\/\/www.europesays.com\/fi\/wp-json\/wp\/v2\/posts"}],"about":[{"href":"https:\/\/www.europesays.com\/fi\/wp-json\/wp\/v2\/types\/post"}],"author":[{"embeddable":true,"href":"https:\/\/www.europesays.com\/fi\/wp-json\/wp\/v2\/users\/2"}],"replies":[{"embeddable":true,"href":"https:\/\/www.europesays.com\/fi\/wp-json\/wp\/v2\/comments?post=124201"}],"version-history":[{"count":0,"href":"https:\/\/www.europesays.com\/fi\/wp-json\/wp\/v2\/posts\/124201\/revisions"}],"wp:featuredmedia":[{"embeddable":true,"href":"https:\/\/www.europesays.com\/fi\/wp-json\/wp\/v2\/media\/120750"}],"wp:attachment":[{"href":"https:\/\/www.europesays.com\/fi\/wp-json\/wp\/v2\/media?parent=124201"}],"wp:term":[{"taxonomy":"category","embeddable":true,"href":"https:\/\/www.europesays.com\/fi\/wp-json\/wp\/v2\/categories?post=124201"},{"taxonomy":"post_tag","embeddable":true,"href":"https:\/\/www.europesays.com\/fi\/wp-json\/wp\/v2\/tags?post=124201"}],"curies":[{"name":"wp","href":"https:\/\/api.w.org\/{rel}","templated":true}]}}