{"id":124210,"date":"2025-12-23T18:02:10","date_gmt":"2025-12-23T18:02:10","guid":{"rendered":"https:\/\/www.europesays.com\/fi\/124210\/"},"modified":"2025-12-23T18:02:10","modified_gmt":"2025-12-23T18:02:10","slug":"tino-brunfeldt-on-viettanyt-lahes-kaikki-joulut-vankilassa-pistaa-paan-sellaiseen-kuntoon-etta-on-helpompi-olla-pohjois-savo","status":"publish","type":"post","link":"https:\/\/www.europesays.com\/fi\/124210\/","title":{"rendered":"Tino Brunfeldt on viett\u00e4nyt l\u00e4hes kaikki joulut vankilassa: \u201dPist\u00e4\u00e4 p\u00e4\u00e4n sellaiseen kuntoon, ett\u00e4 on helpompi olla\u201d | Pohjois-Savo"},"content":{"rendered":"<p class=\"aw-1gybjub aw-5vja16 kEtdKx kmuxyA yle__article__paragraph\">Ero perheest\u00e4 ja l\u00e4heisist\u00e4 korostuu jouluna vankilassa. Osa viett\u00e4\u00e4 vankilassa ensimm\u00e4ist\u00e4 kertaa joulua, osalle se on tullut jo varsin tutuksi.<\/p>\n<p><img decoding=\"async\" alt=\"Vanki Tino Brunfeldt soittaa kitaraa selliss\u00e4 Kuopion vankilassa.\" src=\"https:\/\/www.europesays.com\/fi\/wp-content\/uploads\/2025\/12\/39-15720286944085ad9045.jpeg\" class=\"aw-1l9m598 hKVVvP\"\/><\/p>\n<p>Avaa kuvien katselu<\/p>\n<p>Tino Brunfeldt kuluttaa aikaansa vankilassa opettelemalla soittamaan kitaraa. Kuva: Sami Takkinen \/ Yle<\/p>\n<p class=\"aw-1gybjub aw-1p7kakr kEtdKx cEmitX yle__article__paragraph\">Kuopion vankilan joulujuhlassa soi tuttu laulu: \u201dN\u00e4in syd\u00e4meeni joulun teen, ja mieleen hiljaiseen, taas Jeesus-lapsi syntyy uudelleen.\u201d<\/p>\n<p class=\"aw-1gybjub aw-1p7kakr kEtdKx cEmitX yle__article__paragraph\">Yksi vankilan kirkkosaliin kokoontuneista on <strong class=\"aw-ak79eh KyCXm yle__article__strong\">Tino Brunfeldt<\/strong>, 32, jolle vankilan joulu on tullut jo v\u00e4h\u00e4n liiankin tutuksi.<\/p>\n<p class=\"aw-1gybjub aw-1p7kakr kEtdKx cEmitX yle__article__paragraph\">\u2013 Lienee viisi joulua, joita en ole ollut vankilassa sen j\u00e4lkeen, kun tulin t\u00e4ysi-ik\u00e4iseksi.<\/p>\n<p class=\"aw-1gybjub aw-1p7kakr kEtdKx cEmitX yle__article__paragraph\">H\u00e4nen mukaansa tilannetta helpottaa, jos ajattelee, ett\u00e4 kyseess\u00e4 on vain yksi p\u00e4iv\u00e4, jonka j\u00e4lkeen joulu on jo ohi.<\/p>\n<p class=\"aw-1gybjub aw-1p7kakr kEtdKx cEmitX yle__article__paragraph\">\u2013 Pist\u00e4\u00e4 p\u00e4\u00e4n sellaiseen kuntoon, ett\u00e4 on helpompi olla. Ei mieti siviili\u00e4 ja l\u00e4himm\u00e4isi\u00e4.<\/p>\n<p class=\"aw-1gybjub aw-1p7kakr kEtdKx cEmitX yle__article__paragraph\">Joulujuhlassa Brunfeldt laulaa kuitenkin joululauluja ja lukee jouluevankeliumin.<\/p>\n<p class=\"aw-1gybjub aw-1p7kakr kEtdKx cEmitX yle__article__paragraph\">\u2013 Se on sellainen joulurauhan tervehdys. Ollaan kaikki n\u00e4tisti ja otetaan toisemme huomioon.<\/p>\n<p><img decoding=\"async\" alt=\"Tutkintavankina Kuopion vankilassa oleva Tino Brunfeldt lukee jouluevankeliumia. Vieress\u00e4 seisoo vankilapastori Markku Virta.\" src=\"https:\/\/www.europesays.com\/fi\/wp-content\/uploads\/2025\/12\/39-157365969494844efa1a.jpeg\" loading=\"lazy\" class=\"aw-1l9m598 hKVVvP\"\/><\/p>\n<p>Avaa kuvien katselu<\/p>\n<p>Tino Brunfeldt luki jouluevankeliumin vankilan joulujuhlassa. Vierell\u00e4 vankilapastori Markku Virta. Kuva: Antti-Petteri Karhunen \/ Yle<\/p>\n<p class=\"aw-1gybjub aw-1p7kakr kEtdKx cEmitX yle__article__paragraph\">Kuopion vankilan rikosseuraamusesimies <strong class=\"aw-ak79eh KyCXm yle__article__strong\">Teemu M\u00e4\u00e4tt\u00e4<\/strong> sanoo, ett\u00e4 my\u00f6s vankilassa voidaan puhua jonkinlaisesta joulumielest\u00e4. Sen voi h\u00e4nen mukaansa aistia sit\u00e4 enemm\u00e4n, mit\u00e4 l\u00e4hemm\u00e4ksi jouluaatto tulee.<\/p>\n<p class=\"aw-1gybjub aw-1p7kakr kEtdKx cEmitX yle__article__paragraph\">\u2013 Vangit miettiv\u00e4t, ett\u00e4 heid\u00e4n pit\u00e4isi olla ehk\u00e4 jossain muualla kuin laitoksessa. Silloin hekin rauhoittuvat.<\/p>\n<p class=\"aw-1gybjub aw-1p7kakr kEtdKx cEmitX yle__article__paragraph\">Brunfeldt kertoo, ett\u00e4 vankien keskuudessa on er\u00e4\u00e4nlainen sanaton sopimus joulurauhasta.<\/p>\n<p class=\"aw-1gybjub aw-1p7kakr kEtdKx cEmitX yle__article__paragraph\">\u2013 Jouluna ei l\u00e4hdet\u00e4 riitelem\u00e4\u00e4n ja kinastelemaan h\u00f6lm\u00f6ist\u00e4 asioista. Silloin pit\u00e4\u00e4 olla rauha kaikissa asioissa niin siviilin kuin vankilan puolella.<\/p>\n<p><img decoding=\"async\" alt=\"Vanginvartija Teemu M\u00e4\u00e4tt\u00e4 Kuopion vankilassa.\" src=\"https:\/\/www.europesays.com\/fi\/wp-content\/uploads\/2025\/12\/39-157202469440858211bb.jpeg\" loading=\"lazy\" class=\"aw-1l9m598 hKVVvP\"\/><\/p>\n<p>Avaa kuvien katselu<\/p>\n<p>Rikosseuraamusesimies Teemu M\u00e4\u00e4t\u00e4n mukaan joulu n\u00e4kyy ja tuntuu my\u00f6s vankilassa. Kuva: Sami Takkinen \/ YleKinkkua ja kakkua<\/p>\n<p class=\"aw-1gybjub aw-1p7kakr kEtdKx cEmitX yle__article__paragraph\">M\u00e4\u00e4tt\u00e4 kertoo, ett\u00e4 sellien ovia pyrit\u00e4\u00e4n pit\u00e4m\u00e4\u00e4n jouluaattona auki normaalia enemm\u00e4n. Vaikka vangit voivat liikkua silloin enemm\u00e4n osastolla, moni vanki vet\u00e4ytyy h\u00e4nen mukaansa silti omaan selliins\u00e4.<\/p>\n<p class=\"aw-1gybjub aw-1p7kakr kEtdKx cEmitX yle__article__paragraph\">\u2013 Vaikka el\u00e4m\u00e4ss\u00e4 on tullut ehk\u00e4 tehty\u00e4 v\u00e4\u00e4ri\u00e4 valintoja, niin lapsuudesta l\u00f6ytyy hyvi\u00e4 muistoja, jotka liittyv\u00e4t jouluun, l\u00e4heisiin ja perheisiin, h\u00e4n selitt\u00e4\u00e4.<\/p>\n<p class=\"aw-1gybjub aw-1p7kakr kEtdKx cEmitX yle__article__paragraph\">Brunfeldt puolestaan haluaa tehd\u00e4 v\u00e4ltt\u00e4m\u00e4tt\u00f6myydest\u00e4 hyveen ja nauttia vankilan joulusta.<\/p>\n<p class=\"aw-1gybjub aw-1p7kakr kEtdKx cEmitX yle__article__paragraph\">\u2013 Kyll\u00e4h\u00e4n moni ukko haluaisi olla nyt siviiliss\u00e4, mutta kannattaa ottaa sit\u00e4, mit\u00e4 t\u00e4\u00e4ll\u00e4 saa: hyv\u00e4\u00e4 seuraa ja hyv\u00e4\u00e4 ruokaa.<\/p>\n<p class=\"aw-1gybjub aw-1p7kakr kEtdKx cEmitX yle__article__paragraph\">H\u00e4n aikoo jouluaattona houkutella muita vankeja pihalle treenaamaan yhdess\u00e4.<\/p>\n<p class=\"aw-1gybjub aw-1p7kakr kEtdKx cEmitX yle__article__paragraph\">\u2013 Sitten kinkunpaistoa ja laatikoitten tekoa ja v\u00e4h\u00e4n kakkua. Lis\u00e4\u00e4 kakkua ukoille, h\u00e4n virnist\u00e4\u00e4.<\/p>\n<p class=\"aw-1gybjub aw-1p7kakr kEtdKx cEmitX yle__article__paragraph\"><strong class=\"aw-ak79eh KyCXm yle__article__strong\">Katso video, jossa Tino Brunfeldt kertoo ajatuksistaan joulusta vankilassa:<\/strong><\/p>\n<p>Video: Antti-Petteri Karhunen ja Sami Takkinen \/ Yle<\/p>\n<p class=\"aw-1gybjub aw-1p7kakr kEtdKx cEmitX yle__article__paragraph\">Ent\u00e4 l\u00f6ytyyk\u00f6 henkil\u00f6kunnalta vankilassa joulumielt\u00e4? Ovatko vartijat jouluna tavallista lempe\u00e4mpi\u00e4?<\/p>\n<p class=\"aw-1gybjub aw-1p7kakr kEtdKx cEmitX yle__article__paragraph\">Rikosseuraamusesimies M\u00e4\u00e4tt\u00e4 korostaa, ett\u00e4 vankeja pit\u00e4isi l\u00e4ht\u00f6kohtaisesti kohdella aina samalla tavalla. H\u00e4n kuitenkin my\u00f6nt\u00e4\u00e4, ett\u00e4 my\u00f6s vartijoilla on tunteet.<\/p>\n<p class=\"aw-1gybjub aw-1p7kakr kEtdKx cEmitX yle__article__paragraph\">\u2013 Voi olla ehk\u00e4 inhimillist\u00e4 vaihtelua siin\u00e4, kenell\u00e4 on enemm\u00e4n joulumielt\u00e4, h\u00e4n muotoilee.<\/p>\n<p class=\"aw-1gybjub aw-1p7kakr kEtdKx cEmitX yle__article__paragraph\">Eli ett\u00e4 voi v\u00e4h\u00e4n lipsahtaa?<\/p>\n<p class=\"aw-1gybjub aw-1p7kakr kEtdKx cEmitX yle__article__paragraph\">\u2013 Juuri n\u00e4in.<\/p>\n","protected":false},"excerpt":{"rendered":"Ero perheest\u00e4 ja l\u00e4heisist\u00e4 korostuu jouluna vankilassa. Osa viett\u00e4\u00e4 vankilassa ensimm\u00e4ist\u00e4 kertaa joulua, osalle se on tullut jo&hellip;\n","protected":false},"author":2,"featured_media":124211,"comment_status":"","ping_status":"","sticky":false,"template":"","format":"standard","meta":{"footnotes":""},"categories":[12],"tags":[22,23,26,27,33,31,30,17,440,5856,71,1132,22176,24,25,28,29,15,18,21,1136,32,19,20,16,17073,12336,22177],"class_list":{"0":"post-124210","1":"post","2":"type-post","3":"status-publish","4":"format-standard","5":"has-post-thumbnail","7":"category-suomi","8":"tag-breaking-news","9":"tag-breakingnews","10":"tag-featured-news","11":"tag-featurednews","12":"tag-fi","13":"tag-finland","14":"tag-finnish","15":"tag-headlines","16":"tag-ihmiset","17":"tag-joulu","18":"tag-kotimaa","19":"tag-kuopio","20":"tag-kuopion-vankila","21":"tag-latest-news","22":"tag-latestnews","23":"tag-main-news","24":"tag-mainnews","25":"tag-news","26":"tag-otsikot","27":"tag-paauutiset","28":"tag-pohjois-savo","29":"tag-suomi","30":"tag-top-stories","31":"tag-topstories","32":"tag-uutiset","33":"tag-vangit","34":"tag-vankilat","35":"tag-vankilatyontekijat"},"share_on_mastodon":{"url":"https:\/\/pubeurope.com\/@fi\/115770199290548048","error":""},"_links":{"self":[{"href":"https:\/\/www.europesays.com\/fi\/wp-json\/wp\/v2\/posts\/124210","targetHints":{"allow":["GET"]}}],"collection":[{"href":"https:\/\/www.europesays.com\/fi\/wp-json\/wp\/v2\/posts"}],"about":[{"href":"https:\/\/www.europesays.com\/fi\/wp-json\/wp\/v2\/types\/post"}],"author":[{"embeddable":true,"href":"https:\/\/www.europesays.com\/fi\/wp-json\/wp\/v2\/users\/2"}],"replies":[{"embeddable":true,"href":"https:\/\/www.europesays.com\/fi\/wp-json\/wp\/v2\/comments?post=124210"}],"version-history":[{"count":0,"href":"https:\/\/www.europesays.com\/fi\/wp-json\/wp\/v2\/posts\/124210\/revisions"}],"wp:featuredmedia":[{"embeddable":true,"href":"https:\/\/www.europesays.com\/fi\/wp-json\/wp\/v2\/media\/124211"}],"wp:attachment":[{"href":"https:\/\/www.europesays.com\/fi\/wp-json\/wp\/v2\/media?parent=124210"}],"wp:term":[{"taxonomy":"category","embeddable":true,"href":"https:\/\/www.europesays.com\/fi\/wp-json\/wp\/v2\/categories?post=124210"},{"taxonomy":"post_tag","embeddable":true,"href":"https:\/\/www.europesays.com\/fi\/wp-json\/wp\/v2\/tags?post=124210"}],"curies":[{"name":"wp","href":"https:\/\/api.w.org\/{rel}","templated":true}]}}