{"id":124214,"date":"2025-12-23T18:15:09","date_gmt":"2025-12-23T18:15:09","guid":{"rendered":"https:\/\/www.europesays.com\/fi\/124214\/"},"modified":"2025-12-23T18:15:09","modified_gmt":"2025-12-23T18:15:09","slug":"viivi-pumpanen-ojensi-auttavan-katensa-robert-kullalleen","status":"publish","type":"post","link":"https:\/\/www.europesays.com\/fi\/124214\/","title":{"rendered":"Viivi Pumpanen ojensi auttavan k\u00e4tens\u00e4 Robert-kullalleen"},"content":{"rendered":"<p class=\"article-content article-content-width !bg-background\">Entinen missi ja nykyinen juontaja <a alt=\"Haku\" class=\"text-primary-red font-extrabold\" href=\"https:\/\/www.seiska.fi\/haku?q=Viivi Pumpanen\" rel=\"nofollow noopener\" target=\"_blank\">Viivi Pumpanen<\/a>, 37, on auttamassa kumppaniaan kuntosalibisneksen parissa.\u00a0<\/p>\n<p class=\"font-weight-bold m-font-weight-bold article-content article-content-width !bg-background\">Robert Helenius kertoi Seiskalle arjestaan Viivi Pumpasen kanssa:<\/p>\n<p class=\"article-content article-content-width !bg-background\">Jo syksyll\u00e4 nyrkkelij\u00e4t\u00e4hti <a alt=\"Haku\" class=\"text-primary-red font-extrabold\" href=\"https:\/\/www.seiska.fi\/haku?q=Robert Heleniuksen\" rel=\"nofollow noopener\" target=\"_blank\">Robert Heleniuksen<\/a> ja Erikoisjoukot-kouluttaja <a alt=\"Haku\" class=\"text-primary-red font-extrabold\" href=\"https:\/\/www.seiska.fi\/haku?q=Matias Pet\u00e4ist\u00f6n\" rel=\"nofollow noopener\" target=\"_blank\">Matias Pet\u00e4ist\u00f6n<\/a> yhteinen projekti n\u00e4ki p\u00e4iv\u00e4nvalon. Paljastui, ett\u00e4 kaksikko oli pist\u00e4m\u00e4ss\u00e4 pystyyn omaa kuntosalia Helsingin S\u00f6rn\u00e4isiin.\u00a0<\/p>\n<p class=\"article-content article-content-width !bg-background\">Viimeksi marraskuussa Robert kommentoi Seiskalle Tactical Gymin olevan hieno projekti.<\/p>\n<p class=\"article-content article-content-width !bg-background\">Salin on tarkoitus aueta asiakkaille tammikuun aikana.<\/p>\n<p class=\"article-content article-content-width !bg-background\">Viimeksi maanantaina (22.12.) Robert on jakanut somekanavalleen kuvia remontin alla olevasta kuntosalista. Tiistaina (23.12.) toinen otos oli ilmestynyt Robertin sek\u00e4 Matiaksen Instagram-tarinoihin.<\/p>\n<p class=\"article-content article-content-width !bg-background\">Kuvat ovat n\u00e4ht\u00e4vill\u00e4 24 tuntia niiden julkaisemisesta.<\/p>\n<p>Viivi ilmestyi auttamaan<\/p>\n<p class=\"article-content article-content-width !bg-background\">Robert k\u00e4yskentelee kuvissa harmaassa oloasussa. L\u00e4mmikkeen\u00e4 on musta toppaliivi ja p\u00e4\u00e4n suojana tumma lippalakki. Matias patsastelee puolestaan farkuissa, valkoisessa t-paidassa ja maastokuvioisessa bomber-takissa.<\/p>\n<p class=\"article-content article-content-width !bg-background\">Yll\u00e4tt\u00e4en kuntosalilla on ollut h\u00e4\u00e4r\u00e4ilem\u00e4ss\u00e4 my\u00f6s Robertin avopuoliso Viivi Pumpanen, joka seisoo kultansa vierell\u00e4 k\u00e4nnykk\u00e4\u00e4ns\u00e4 tutkien. Robert nojautuu kuvassa Viivi\u00e4 kohden t\u00e4hyst\u00e4en my\u00f6s k\u00e4nnyk\u00e4n ruutua.<\/p>\n<p class=\"article-content article-content-width !bg-background\">Robert on pysynyt h\u00e4nen ja Viivi-rakkaansa suhteesta melko vaitonaisensa, mutta pari on tiett\u00e4v\u00e4sti seurustellut jo ainakin vuoden p\u00e4iv\u00e4t. Marraskuussa pariskunta poseerasi yhdess\u00e4 kameroille ensimm\u00e4ist\u00e4 kertaa, kun he saapuivat katsomaan Tanssii t\u00e4htien kanssa -l\u00e4hetyst\u00e4.<\/p>\n<p class=\"article-content article-content-width !bg-background\">Viel\u00e4 tovi sitten Robert ja Viivi asuivat yhdess\u00e4 Sipoossa, mutta muutama viikko sitten mies paljasti muuttaneensa toiselle paikkakunnalle asumaan.\u00a0<\/p>\n<p class=\"article-content article-content-width !bg-background\">Aika n\u00e4ytt\u00e4\u00e4, tullaanko Viivi\u00e4 ja Robertia n\u00e4kem\u00e4\u00e4n miehen vastavalmistuvalla kuntosalilla yhdess\u00e4 treenailemassa.<\/p>\n<p class=\"article-content article-content-width !bg-background\">\u00a0<\/p>\n","protected":false},"excerpt":{"rendered":"Entinen missi ja nykyinen juontaja Viivi Pumpanen, 37, on auttamassa kumppaniaan kuntosalibisneksen parissa.\u00a0 Robert Helenius kertoi Seiskalle arjestaan&hellip;\n","protected":false},"author":2,"featured_media":124215,"comment_status":"","ping_status":"","sticky":false,"template":"","format":"standard","meta":{"footnotes":""},"categories":[136],"tags":[407,137,33,31,30,104,408,8803,5232,651,32,19500,109,5631],"class_list":{"0":"post-124214","1":"post","2":"type-post","3":"status-publish","4":"format-standard","5":"has-post-thumbnail","7":"category-julkkikset","8":"tag-celebrities","9":"tag-entertainment","10":"tag-fi","11":"tag-finland","12":"tag-finnish","13":"tag-helsinki","14":"tag-julkkikset","15":"tag-kuntosali","16":"tag-robert-helenius","17":"tag-suhteet","18":"tag-suomi","19":"tag-tactical-gym","20":"tag-viihde","21":"tag-viivi-pumpanen"},"share_on_mastodon":{"url":"https:\/\/pubeurope.com\/@fi\/115770249921318858","error":""},"_links":{"self":[{"href":"https:\/\/www.europesays.com\/fi\/wp-json\/wp\/v2\/posts\/124214","targetHints":{"allow":["GET"]}}],"collection":[{"href":"https:\/\/www.europesays.com\/fi\/wp-json\/wp\/v2\/posts"}],"about":[{"href":"https:\/\/www.europesays.com\/fi\/wp-json\/wp\/v2\/types\/post"}],"author":[{"embeddable":true,"href":"https:\/\/www.europesays.com\/fi\/wp-json\/wp\/v2\/users\/2"}],"replies":[{"embeddable":true,"href":"https:\/\/www.europesays.com\/fi\/wp-json\/wp\/v2\/comments?post=124214"}],"version-history":[{"count":0,"href":"https:\/\/www.europesays.com\/fi\/wp-json\/wp\/v2\/posts\/124214\/revisions"}],"wp:featuredmedia":[{"embeddable":true,"href":"https:\/\/www.europesays.com\/fi\/wp-json\/wp\/v2\/media\/124215"}],"wp:attachment":[{"href":"https:\/\/www.europesays.com\/fi\/wp-json\/wp\/v2\/media?parent=124214"}],"wp:term":[{"taxonomy":"category","embeddable":true,"href":"https:\/\/www.europesays.com\/fi\/wp-json\/wp\/v2\/categories?post=124214"},{"taxonomy":"post_tag","embeddable":true,"href":"https:\/\/www.europesays.com\/fi\/wp-json\/wp\/v2\/tags?post=124214"}],"curies":[{"name":"wp","href":"https:\/\/api.w.org\/{rel}","templated":true}]}}