{"id":124224,"date":"2025-12-23T18:27:08","date_gmt":"2025-12-23T18:27:08","guid":{"rendered":"https:\/\/www.europesays.com\/fi\/124224\/"},"modified":"2025-12-23T18:27:08","modified_gmt":"2025-12-23T18:27:08","slug":"viron-paaministeri-venajaan-tehoaa-paremmin-voima-kuin-kauniit-puheet","status":"publish","type":"post","link":"https:\/\/www.europesays.com\/fi\/124224\/","title":{"rendered":"Viron p\u00e4\u00e4ministeri: Ven\u00e4j\u00e4\u00e4n tehoaa paremmin voima kuin kauniit puheet"},"content":{"rendered":"<p class=\"ai-optimize-46 ai-optimize-introduction\">Viron p\u00e4\u00e4ministeri <strong>Kristen<\/strong> <strong>Michal<\/strong> mainitsee Viron yleisradion <a href=\"https:\/\/www.err.ee\/1609893778\/michal-trumpi-aasta-on-euroopas-kandnud-julgeolekupitserit\" target=\"_blank\" rel=\"noopener nofollow\">ERR:n<\/a> vuodenvaihteen haastattelussaan, ett\u00e4 Yhdysvaltain presidentin <strong>Donald<\/strong> <strong>Trumpin<\/strong> my\u00f6nteiseksi vaikutukseksi Euroopan puolustusmenojen kasvattamisen.<\/p>\n<p class=\"ai-optimize-47\">\u2013 Kielteist\u00e4 on taas se, ett\u00e4 h\u00e4nen kauttaan [<strong>Vladimir<\/strong>] <strong>Putin<\/strong> on p\u00e4\u00e4ssyt takaisin p\u00f6yd\u00e4n \u00e4\u00e4reen. Putin ja koko t\u00e4m\u00e4 Kremlin sakki olivat jo v\u00e4lill\u00e4 t\u00e4ysin eristyksiss\u00e4. Nyt on j\u00e4lleen n\u00e4hty uutta uskallusta [Ven\u00e4j\u00e4lt\u00e4] ja viestej\u00e4 maailmalle, toteaa Michal.<\/p>\n<p class=\"ai-optimize-48\">Michalin mukaan Ven\u00e4j\u00e4 onnistuu sumuttamaan puheillaan amerikkalaisia.<\/p>\n<p class=\"ai-optimize-49\">\u2013 Heh\u00e4n kertovat, kuinka Ven\u00e4j\u00e4ll\u00e4 on kaikki eritt\u00e4in hyvin ja tieteellis-tekninen kehitys on k\u00e4ynniss\u00e4, vaikka me tied\u00e4mme kaikki, ett\u00e4 se on samanlaista puppua kuin [neuvosto]miehityksen loppuaikoina. Tosiasiassa heill\u00e4 on talouslukujen perusteella asiat varsin huonosti.<\/p>\n<p class=\"ai-optimize-50\">Liberaalin Reformipuolueen edustajana Michal ei katso hyv\u00e4ll\u00e4 Trumpin suhtautumista vapaakauppaan ja markkinatalouteen.<\/p>\n<p class=\"ai-optimize-51\">\u2013 Tullipolitiikkaan palaaminen ei varmasti ole hyv\u00e4 juttu, mutta onneksi kaupank\u00e4ynnist\u00e4 vastaava Euroopan komissio on silti t\u00e4n\u00e4 vuonna p\u00e4rj\u00e4nnyt hyvin\u00a0sen kanssa. Yleisesti ottaen se ei ole aiheuttanut muuta kuin suurta ep\u00e4varmuutta tiettyin\u00e4 aikoina.<\/p>\n<p>\u201dEurooppa est\u00e4\u00e4 Yhdysvaltoja painostamasta Ukrainaa liikaa\u201d<\/p>\n<p class=\"ai-optimize-53\">Michal my\u00f6nt\u00e4\u00e4, ett\u00e4 Euroopan liittolaisuus Yhdysvaltojen kanssa on nyt ehk\u00e4 v\u00e4hemm\u00e4n arvopohjaista kuin \u201dmuutama vuosi sitten\u201d.<\/p>\n<p class=\"ai-optimize-54\">\u2013 Kokonaisuutena maailma on silti muuttunut hieman enemm\u00e4n transaktiopohjaiseksi. Toki ideaalimaailmassa arvopohjaista politiikkaa olisi enemm\u00e4n.<\/p>\n<p class=\"ai-optimize-55\">T\u00e4h\u00e4n arvopohjan muuttumiseen liittyen Michal arvioi, ett\u00e4 Yhdysvaltojen on helpompi painostaa Ukrainaa kuin Ven\u00e4j\u00e4\u00e4.<\/p>\n<p class=\"ai-optimize-56\">\u2013 Sit\u00e4 varten on olemassa Eurooppa. Kuten [<strong>Volodymyr<\/strong>] <strong>Zelenskyi<\/strong> hiljattain sanoi: se, ett\u00e4 Eurooppa l\u00f6ysi rahoituksen seuraaviksi vuosiksi \u2013 90 miljardia \u2013 tarkoittaa k\u00e4yt\u00e4nn\u00f6ss\u00e4, ettei Ukrainan tarvitsee k\u00e4yd\u00e4 neuvotteluja antautumisestaan, vaan voi asettaa omat ehtonsa ja Eurooppa samaten, huomauttaa Michal, ja lis\u00e4\u00e4:<\/p>\n<p class=\"ai-optimize-57\">\u2013 Eli vaikka ajoittain tuntuu silt\u00e4, ett\u00e4 amerikkalaiset painostavat enemm\u00e4n Ukrainaa kuin Ven\u00e4j\u00e4\u00e4, voi Eurooppa sit\u00e4 j\u00e4lleen tasapainottaa tukemalla Ukrainaa ja k\u00e4ym\u00e4ll\u00e4 vuoropuhelua Yhdysvaltojen kanssa.<\/p>\n<p class=\"ai-optimize-58\">Michal on tyytyv\u00e4inen, ett\u00e4 Pohjoismaiden ja Baltian keskin\u00e4inen yhteisty\u00f6 tiivistynyt viime vuosina. Lis\u00e4ksi mukana ovat Puola, Saksa ja Britannia.<\/p>\n<p class=\"ai-optimize-59\">\u2013 Eli noin kolmannes Natosta on aktiivisesti vuorovaikutuksessa. Olemme turvallisuusasioissa yhteyksiss\u00e4 k\u00e4yt\u00e4nn\u00f6ss\u00e4 p\u00e4ivitt\u00e4in, joten t\u00e4m\u00e4n alueen yhteisty\u00f6 tiivistyy. T\u00e4h\u00e4n porukkaan kuulumme ja se on hyv\u00e4 porukka, johon kuulua.<\/p>\n<p class=\"ai-optimize-60\">Viron \u00e4\u00e4ministeri huomauttaa, ett\u00e4 kyse ei ole vastakkainasettelusta Etel\u00e4-Euroopan kanssa.<\/p>\n<p class=\"ai-optimize-61\">\u2013 V\u00e4it\u00e4n, ett\u00e4 meid\u00e4n teht\u00e4v\u00e4mme on toimia Keski- ja L\u00e4nsi-Euroopan kanssa. Esimerkiksi viimeisimm\u00e4ss\u00e4 Eurooppa-neuvoston kokouksessa kreikkalaiset ja espanjalaiset olivat meid\u00e4n kannallamme Ven\u00e4j\u00e4n varojen k\u00e4yt\u00f6n suhteen.<\/p>\n<p>\u201dEuroopassa on maita, jotka n\u00e4kev\u00e4t Ven\u00e4j\u00e4n edelleen kumppanina\u201d<\/p>\n<p class=\"ai-optimize-63\">Yleisesti ottaen Michal arvioi Viron ja alueen turvallisuutta hyv\u00e4ksi.<\/p>\n<p class=\"ai-optimize-64\">\u2013 Olemme p\u00e4rj\u00e4nneet mukavasti ottaen huomioon, ett\u00e4 olemme pieni maa \u00e4\u00e4rimm\u00e4isen vaarallisessa ymp\u00e4rist\u00f6ss\u00e4 ja naapurissamme on riehuva diktaattori. Puolustus on kunnossa ja nykyisten uhka-arvioiden mukaan Ven\u00e4j\u00e4 ei t\u00e4ll\u00e4 hetkell\u00e4 lainkaan suunnittele Natoa ja Eurooppaa vastaan toimimista. Mutta tulevaisuudestahan emme tied\u00e4, koska Ven\u00e4j\u00e4n tavoitteet eiv\u00e4t ole muuttuneet mihink\u00e4\u00e4n.<\/p>\n<p class=\"ai-optimize-65\">Michalin mukaan ongelmia tuottaa v\u00e4lill\u00e4 Euroopan \u201dmonitahoisuus, koska Euroopassa on edelleen maita, joiden taloudelliset edut ovat edelleen nelj\u00e4nten\u00e4 sotavuonna suuntautuneet Ven\u00e4j\u00e4lle\u201d.<\/p>\n<p class=\"ai-optimize-66\">\u2013 Me yrit\u00e4mme selitt\u00e4\u00e4 heille. Viimeksi Eurooppa-neuvostossa Pohjoismaat ja Baltian maat yhdess\u00e4 Saksan kanslerin [<strong>Friedrich<\/strong> <strong>Merzin<\/strong>] kanssa yrittiv\u00e4t selitt\u00e4\u00e4, ett\u00e4 Ven\u00e4j\u00e4n varojen tulee joka tapauksessa pysy\u00e4 j\u00e4\u00e4dytettyin\u00e4.<\/p>\n<p class=\"ai-optimize-67\">Euroopassa on edelleen maita, jotka n\u00e4kev\u00e4t Ven\u00e4j\u00e4n edelleen \u201dpikemminkin hy\u00f6dyllisen\u00e4 kumppanina tietyiss\u00e4 tapauksissa\u201d.<\/p>\n<p class=\"ai-optimize-68\">\u2013 Ja voi olla, ett\u00e4 n\u00e4m\u00e4 maat eiv\u00e4t ehk\u00e4 sen takia halua osallistua Ukrainan tukemiseen, koska eiv\u00e4t katso sen koskevan niit\u00e4 itse\u00e4\u00e4n, ne eiv\u00e4t ymm\u00e4rr\u00e4, ett\u00e4 Ukrainassa taistellaan tosiasiassa meid\u00e4n puolestamme, pohtii Michal.<\/p>\n<p>\u201dKohteliaisuus n\u00e4hd\u00e4\u00e4n Ven\u00e4j\u00e4ll\u00e4 heikkoutena\u201d<\/p>\n<p>Poimintoja videosis\u00e4ll\u00f6ist\u00e4mme<\/p>\n<p class=\"ai-optimize-70\">Ranskan presidentti <strong>Emmanuel Macron<\/strong> on ehdottanut Euroopan neuvottelevan Vladimir Putinin kanssa. Viro on torjunut t\u00e4m\u00e4n, kuten Verkkouutiset on kertonut <a href=\"https:\/\/www.verkkouutiset.fi\/a\/viron-ulkopoliittinen-johto-tyrmaa-ranskan-presidentin-ehdotuksen\/#ac5093b4\" rel=\"nofollow noopener\" target=\"_blank\">t\u00e4ss\u00e4<\/a>.<\/p>\n<p class=\"ai-optimize-71\">\u2013 Ilmaisin my\u00f6s n\u00e4kemykseni h\u00e4nelle. Sanon yksinkertaisesti, ett\u00e4 mielest\u00e4ni ven\u00e4l\u00e4isten tavoitteet eiv\u00e4t ole muuttuneet. Ymm\u00e4rr\u00e4n h\u00e4nen kantaansa, ett\u00e4 Euroopan tulee jotenkin osallistua n\u00e4ihin neuvotteluihin, sen ymm\u00e4rr\u00e4n. Ilmeisesti Euroopan suurilla \u2013 Ranskalla, Saksalla \u2013 saattavat olla erilaiset n\u00e4kemykset tietyiss\u00e4 asioissa.<\/p>\n<p class=\"ai-optimize-72\">Michal huomauttaa, ett\u00e4 \u201dPutin voi allekirjoittaa mink\u00e4 paperin tahansa, mutta se ei ole edes siihen k\u00e4ytetyn paperin arvoista\u201d.<\/p>\n<p class=\"ai-optimize-73\">\u2013 Yleens\u00e4 Ven\u00e4j\u00e4n kanssa saa tuloksia aikaan, kun sill\u00e4 on taloudellisesti vaikeaa. Onneksi \u00f6ljyn hinta on nyt alhaalla, pakotteet puristavat. Ven\u00e4j\u00e4n varat ovat edelleen j\u00e4\u00e4dytettyin\u00e4 ja niin edelleen. Heill\u00e4 on itse asiassa todellisia ongelmia, ja kun ne pahenevat, saadaan heid\u00e4t neuvottelup\u00f6yd\u00e4n \u00e4\u00e4reen.<\/p>\n<p class=\"ai-optimize-74\">Michal on yritt\u00e4nyt jakaa Macronille virolaista Ven\u00e4j\u00e4-tuntemusta.<\/p>\n<p class=\"ai-optimize-75\">\u2013 Kohteliaisuus on Ven\u00e4j\u00e4ll\u00e4 itse asiassa heikkouden merkki: jos puhut kohteliaasti, se n\u00e4hd\u00e4\u00e4n merkkin\u00e4 heikkoudesta. Olen sanonut sit\u00e4 niin Macronille kuin muillekin. Mielest\u00e4ni kohteliaisuus ei toimi ja luulen, ett\u00e4 h\u00e4n lopulta sen ymm\u00e4rt\u00e4\u00e4 itsekin, koska my\u00f6s ennen sotaa h\u00e4n yritti tehd\u00e4 kaikkensa sen v\u00e4ltt\u00e4miseksi. Siit\u00e4 ei ole ollut t\u00e4h\u00e4n menness\u00e4 hy\u00f6ty\u00e4. Mielest\u00e4ni Ven\u00e4j\u00e4\u00e4n tehoa paremmin painostus ja voima kuin kauniit sanat, valitettavasti niin se on.<\/p>\n","protected":false},"excerpt":{"rendered":"Viron p\u00e4\u00e4ministeri Kristen Michal mainitsee Viron yleisradion ERR:n vuodenvaihteen haastattelussaan, ett\u00e4 Yhdysvaltain presidentin Donald Trumpin my\u00f6nteiseksi vaikutukseksi Euroopan&hellip;\n","protected":false},"author":2,"featured_media":124225,"comment_status":"","ping_status":"","sticky":false,"template":"","format":"standard","meta":{"footnotes":""},"categories":[14],"tags":[22,23,26,27,33,31,30,17,24,25,28,29,15,18,21,32,19,20,56,16,4029,59,60,61],"class_list":{"0":"post-124224","1":"post","2":"type-post","3":"status-publish","4":"format-standard","5":"has-post-thumbnail","7":"category-ulkomaat","8":"tag-breaking-news","9":"tag-breakingnews","10":"tag-featured-news","11":"tag-featurednews","12":"tag-fi","13":"tag-finland","14":"tag-finnish","15":"tag-headlines","16":"tag-latest-news","17":"tag-latestnews","18":"tag-main-news","19":"tag-mainnews","20":"tag-news","21":"tag-otsikot","22":"tag-paauutiset","23":"tag-suomi","24":"tag-top-stories","25":"tag-topstories","26":"tag-ulkomaat","27":"tag-uutiset","28":"tag-viro","29":"tag-world","30":"tag-world-news","31":"tag-worldnews"},"share_on_mastodon":{"url":"https:\/\/pubeurope.com\/@fi\/115770297256074701","error":""},"_links":{"self":[{"href":"https:\/\/www.europesays.com\/fi\/wp-json\/wp\/v2\/posts\/124224","targetHints":{"allow":["GET"]}}],"collection":[{"href":"https:\/\/www.europesays.com\/fi\/wp-json\/wp\/v2\/posts"}],"about":[{"href":"https:\/\/www.europesays.com\/fi\/wp-json\/wp\/v2\/types\/post"}],"author":[{"embeddable":true,"href":"https:\/\/www.europesays.com\/fi\/wp-json\/wp\/v2\/users\/2"}],"replies":[{"embeddable":true,"href":"https:\/\/www.europesays.com\/fi\/wp-json\/wp\/v2\/comments?post=124224"}],"version-history":[{"count":0,"href":"https:\/\/www.europesays.com\/fi\/wp-json\/wp\/v2\/posts\/124224\/revisions"}],"wp:featuredmedia":[{"embeddable":true,"href":"https:\/\/www.europesays.com\/fi\/wp-json\/wp\/v2\/media\/124225"}],"wp:attachment":[{"href":"https:\/\/www.europesays.com\/fi\/wp-json\/wp\/v2\/media?parent=124224"}],"wp:term":[{"taxonomy":"category","embeddable":true,"href":"https:\/\/www.europesays.com\/fi\/wp-json\/wp\/v2\/categories?post=124224"},{"taxonomy":"post_tag","embeddable":true,"href":"https:\/\/www.europesays.com\/fi\/wp-json\/wp\/v2\/tags?post=124224"}],"curies":[{"name":"wp","href":"https:\/\/api.w.org\/{rel}","templated":true}]}}