{"id":124286,"date":"2025-12-23T20:07:08","date_gmt":"2025-12-23T20:07:08","guid":{"rendered":"https:\/\/www.europesays.com\/fi\/124286\/"},"modified":"2025-12-23T20:07:08","modified_gmt":"2025-12-23T20:07:08","slug":"karita-tykka-julkaisi-itkuisen-videon-todellisuus-on-toisenlainen","status":"publish","type":"post","link":"https:\/\/www.europesays.com\/fi\/124286\/","title":{"rendered":"Karita Tykk\u00e4 julkaisi itkuisen videon: \u201dTodellisuus on toisenlainen\u201d"},"content":{"rendered":"<p>Karita Tykk\u00e4 julkaisee harvoin yht\u00e4 tunteellisia julkaisuja.<\/p>\n<p><img decoding=\"async\" class=\"image image-show image-preview\" src=\"https:\/\/www.europesays.com\/fi\/wp-content\/uploads\/2025\/12\/fd4149db33d3ee72cbee14768ad8138f8e9fd6bd735b7cbefb4c05e49c1ed50b.jpg\" alt=\"\"\/><img decoding=\"async\" class=\"image image-show\" src=\"https:\/\/www.europesays.com\/fi\/wp-content\/uploads\/2025\/12\/1766520428_527_fd4149db33d3ee72cbee14768ad8138f8e9fd6bd735b7cbefb4c05e49c1ed50b.jpg\" alt=\"\"\/><\/p>\n<p>Karita Tykk\u00e4 on tehnyt pitk\u00e4n julkisen uran. Maija Anttonen<\/p>\n<p class=\"paragraph\">Hyvinvointivalmentaja <a href=\"https:\/\/www.iltalehti.fi\/henkilot\/Karita Tykk\u00e4\" class=\"article-link-person-page\" rel=\"nofollow noopener\" target=\"_blank\">Karita Tyk\u00e4n<\/a> ja h\u00e4nen ex-puolisonsa <a href=\"https:\/\/www.iltalehti.fi\/henkilot\/Karita Tykk\u00e4\" class=\"article-link-person-page\" rel=\"nofollow noopener\" target=\"_blank\">Petri Tyk\u00e4n<\/a> avioero on ollut j\u00e4lleen viime p\u00e4ivin\u00e4 tapetilla, <a href=\"https:\/\/www.iltalehti.fi\/viihdeuutiset\/84a31820-d96c-4d05-8bc8-c04c22cbe762\" rel=\"nofollow noopener\" target=\"_blank\">kun Petri purki tuntojaan erosta julkisella<\/a> Facebook-tilill\u00e4.<\/p>\n<p class=\"paragraph\">P\u00e4ivityksess\u00e4 Petri kertoi tehneens\u00e4 muun muassa \u201del\u00e4m\u00e4ns\u00e4 suurimman virheen reilu 20 vuotta sitten\u201d ja kuvaili tuon j\u00e4lkeen el\u00e4m\u00e4ns\u00e4 olleen \u201dloivaa henkist\u00e4 ja fyysist\u00e4 alam\u00e4ke\u00e4\u201d.<\/p>\n<p class=\"paragraph\">Karita julkaisi Petrin <a href=\"https:\/\/www.iltalehti.fi\/viihdeuutiset\/4c67769e-37da-4713-9cf5-36e0f1e14dc8\" rel=\"nofollow noopener\" target=\"_blank\">p\u00e4ivityksen j\u00e4lkeen Instagram-tilill\u00e4\u00e4n tarinan<\/a>, jossa h\u00e4n ilmaisi menneens\u00e4 eteenp\u00e4in el\u00e4m\u00e4ss\u00e4\u00e4n ja ettei en\u00e4\u00e4 k\u00e4yt\u00e4 energiaansa menneeseen.<\/p>\n<p>Tunnelma muuttui<\/p>\n<p class=\"paragraph\">Tiistai-iltana Karitalla oli toinen \u00e4\u00e4ni kellossa. H\u00e4n julkaisi tarinat-osioon itkuisen ja vakavan videon, jossa kyyneleet valuvat h\u00e4nen poskiaan pitkin. Tarinat ovat katsottavissa 24 tunnin ajan.<\/p>\n<p class=\"paragraph\">Tunteikas julkaisu on Karitalle harvinainen, sill\u00e4 h\u00e4nen somesis\u00e4lt\u00f6ns\u00e4 on tyypillisesti hyvinvointiin keskittyv\u00e4\u00e4, hyvin positiivista ja rauhallista.<\/p>\n<p class=\"paragraph\">\u2013 Niin monia raskaita tunteita, eik\u00e4 niit\u00e4 tarvitse silottaa kauniiksi. Jaan t\u00e4m\u00e4n, koska olen v\u00e4synyt p\u00e4\u00e4lle liimatusta kiiltokuvatodellisuudesta, jossa kaikki n\u00e4ytt\u00e4\u00e4 helpolta ja hallitulta. Todellisuus on toisenlainen. Se on ik\u00e4v\u00e4\u00e4, kaipuuta ja keskener\u00e4isyytt\u00e4.<\/p>\n<p class=\"paragraph\">Karitan \u00e4iti kuoli alkuvuodesta 2021. Karita kertoo julkaisussa, ett\u00e4 \u00e4idin kaipuu nostaa p\u00e4\u00e4t\u00e4\u00e4n erityisesti jouluna.<\/p>\n<p class=\"paragraph\">\u2013 Kukaan meist\u00e4 ei ole kone, ei yli-ihminen, eik\u00e4 kenenk\u00e4\u00e4n el\u00e4m\u00e4 ole jatkuvaa valoa ja onnistumista. Juuri siin\u00e4 hauraudessa, rehellisyydess\u00e4 ja inhimillisyydess\u00e4 piilee el\u00e4m\u00e4n todellinen kauneus, Karita p\u00e4\u00e4tt\u00e4\u00e4 kirjoituksen.<\/p>\n<p class=\"paragraph\">Seuraavassa tarinassa Karita makoilee sohvalla. H\u00e4n kertoo saaneensa t\u00e4n\u00e4\u00e4n meksikolaisen sananlaskun, joka kuuluu seuraavasti.<\/p>\n<p class=\"paragraph\">\u2013 He yrittiv\u00e4t haudata meid\u00e4t, mutta he eiv\u00e4t tienneet, ett\u00e4 olimme siemeni\u00e4, Karitan p\u00e4ivityksess\u00e4 kerrotaan.<\/p>\n<p class=\"paragraph\">Karita ja Petri Tykk\u00e4 erosivat vuonna 2023. Petri haki tuolloin avioeroa Karitasta, mutta perui avioeron lokakuussa 2023. Karita haki avioeroa miehest\u00e4\u00e4n t\u00e4m\u00e4n vuoden alussa. <a href=\"https:\/\/www.iltalehti.fi\/viihdeuutiset\/1ccee6c6-08a4-42b1-b28c-cfce9a084d8c\" rel=\"nofollow noopener\" target=\"_blank\">Avioeroprosessi on t\u00e4ll\u00e4 hetkell\u00e4 viel\u00e4 kesken<\/a>.<\/p>\n<p class=\"paragraph\">Vuonna 2008 avioituneella parilla on yksi yhteinen poika, <strong>Luca<\/strong>.<\/p>\n","protected":false},"excerpt":{"rendered":"Karita Tykk\u00e4 julkaisee harvoin yht\u00e4 tunteellisia julkaisuja. Karita Tykk\u00e4 on tehnyt pitk\u00e4n julkisen uran. Maija Anttonen Hyvinvointivalmentaja Karita&hellip;\n","protected":false},"author":2,"featured_media":124287,"comment_status":"","ping_status":"","sticky":false,"template":"","format":"standard","meta":{"footnotes":""},"categories":[130],"tags":[35,1074,137,33,31,30,101,99,1496,98,32,109],"class_list":{"0":"post-124286","1":"post","2":"type-post","3":"status-publish","4":"format-standard","5":"has-post-thumbnail","7":"category-viihde","8":"tag-24h","9":"tag-avioliitto-ja-parisuhde","10":"tag-entertainment","11":"tag-fi","12":"tag-finland","13":"tag-finnish","14":"tag-ihmissuhteet","15":"tag-lapset","16":"tag-parisuhde","17":"tag-perhe","18":"tag-suomi","19":"tag-viihde"},"share_on_mastodon":{"url":"https:\/\/pubeurope.com\/@fi\/115770690503723559","error":""},"_links":{"self":[{"href":"https:\/\/www.europesays.com\/fi\/wp-json\/wp\/v2\/posts\/124286","targetHints":{"allow":["GET"]}}],"collection":[{"href":"https:\/\/www.europesays.com\/fi\/wp-json\/wp\/v2\/posts"}],"about":[{"href":"https:\/\/www.europesays.com\/fi\/wp-json\/wp\/v2\/types\/post"}],"author":[{"embeddable":true,"href":"https:\/\/www.europesays.com\/fi\/wp-json\/wp\/v2\/users\/2"}],"replies":[{"embeddable":true,"href":"https:\/\/www.europesays.com\/fi\/wp-json\/wp\/v2\/comments?post=124286"}],"version-history":[{"count":0,"href":"https:\/\/www.europesays.com\/fi\/wp-json\/wp\/v2\/posts\/124286\/revisions"}],"wp:featuredmedia":[{"embeddable":true,"href":"https:\/\/www.europesays.com\/fi\/wp-json\/wp\/v2\/media\/124287"}],"wp:attachment":[{"href":"https:\/\/www.europesays.com\/fi\/wp-json\/wp\/v2\/media?parent=124286"}],"wp:term":[{"taxonomy":"category","embeddable":true,"href":"https:\/\/www.europesays.com\/fi\/wp-json\/wp\/v2\/categories?post=124286"},{"taxonomy":"post_tag","embeddable":true,"href":"https:\/\/www.europesays.com\/fi\/wp-json\/wp\/v2\/tags?post=124286"}],"curies":[{"name":"wp","href":"https:\/\/api.w.org\/{rel}","templated":true}]}}