{"id":124316,"date":"2025-12-23T20:59:09","date_gmt":"2025-12-23T20:59:09","guid":{"rendered":"https:\/\/www.europesays.com\/fi\/124316\/"},"modified":"2025-12-23T20:59:09","modified_gmt":"2025-12-23T20:59:09","slug":"prinsessa-catherinelta-sydanta-lammittava-ele-hanen-syopaansa-hoitaneelle-sairaalalle","status":"publish","type":"post","link":"https:\/\/www.europesays.com\/fi\/124316\/","title":{"rendered":"Prinsessa Catherinelta syd\u00e4nt\u00e4 l\u00e4mmitt\u00e4v\u00e4 ele h\u00e4nen sy\u00f6p\u00e4\u00e4ns\u00e4 hoitaneelle sairaalalle"},"content":{"rendered":"<p>Prinsessa Catherine on saanut hoitoja sy\u00f6p\u00e4\u00e4ns\u00e4 The Royal Marsden -sairaalassa.<\/p>\n<p><img decoding=\"async\" class=\"image image-show image-preview\" src=\"https:\/\/www.europesays.com\/fi\/wp-content\/uploads\/2025\/12\/5a9756f17c48f772115442001b93021b5ad027003c932d5a63f6caacb0376c7c.jpg\" alt=\"\"\/><img decoding=\"async\" class=\"image image-show\" src=\"https:\/\/www.europesays.com\/fi\/wp-content\/uploads\/2025\/12\/1766523549_603_5a9756f17c48f772115442001b93021b5ad027003c932d5a63f6caacb0376c7c.jpg\" alt=\"\"\/><\/p>\n<p>Kuninkaallinen perhe osallistui aiemmin t\u00e4ss\u00e4 kuussa Together at Christmas -joululaulutilaisuuteen. AOP<\/p>\n<p class=\"paragraph\">Prinsessa Catherine on tehnyt syd\u00e4nt\u00e4 l\u00e4mmitt\u00e4v\u00e4n eleen lahjoittamalla joulukuusen sairaalalle, jossa h\u00e4n on saanut sy\u00f6p\u00e4hoitoja.<\/p>\n<p class=\"paragraph\">The Royal Marsden -sairaala kertoi lahjoituksesta Instagramissa ja jakoi kuvan Walesin prinsessan lahjoittamasta kuusesta.<\/p>\n<p class=\"paragraph\">Kuvatekstiss\u00e4 sairaala kiitt\u00e4\u00e4 Catherinea ja Williamia kuusesta ja viittaa heihin nimityksell\u00e4 \u201dh\u00e4nen kuninkaallinen korkeutensa\u201d.<\/p>\n<p class=\"paragraph\">Jos julkaisu ei n\u00e4y, voit katsoa sen <a href=\"https:\/\/www.instagram.com\/p\/DSUthX_FdCE\/?img_index=1\" target=\"_blank\" rel=\"noopener nofollow\">t\u00e4st\u00e4<\/a>.<\/p>\n<p class=\"paragraph\">Julkaisussa kerrotaan, ett\u00e4 joulukuusi lahjoitettiin aiemmin t\u00e4ss\u00e4 kuussa j\u00e4rjestetyss\u00e4 Together at Christmas -joululaulutilaisuudessa. Kuusen koristeet saatiin my\u00f6s lahjoituksena, mutta ne olivat per\u00e4isin muualta kuin prinsessalta.<\/p>\n<p class=\"paragraph\">Maaliskuussa 2024 kerrottiin julkisesti, ett\u00e4 prinsessa Catherine on sairastunut sy\u00f6p\u00e4\u00e4n. L\u00e4hes tismalleen vuosi tuon ilmoituksen j\u00e4lkeen tuli tieto, ett\u00e4 <a href=\"https:\/\/www.iltalehti.fi\/kuninkaalliset\/2937f3c6-517b-4bfe-ab1b-e75433a41c67\" rel=\"nofollow noopener\" target=\"_blank\">sy\u00f6p\u00e4 on remissiossa<\/a>.<\/p>\n<p class=\"paragraph\">\u2013 On helpottavaa olla remissiossa. Keskityn edelleen toipumiseen. Kuten kuka tahansa sy\u00f6v\u00e4n kokenut tiet\u00e4\u00e4, uuteen normaaliin sopeutuminen vie aikaa. Odotan kuitenkin tulevaa innolla. On paljon odotettavaa. Kiitos kaikille jatkuvasta tuestanne, Catherine kirjoitti tuolloin <a href=\"https:\/\/www.instagram.com\/p\/DE0BZyJN1kt\/\" target=\"_blank\" rel=\"noopener nofollow\">Instagramiin<\/a>.<\/p>\n<p class=\"paragraph\">Walesin prinsessa on saanut sy\u00f6p\u00e4hoitoja The Royal Marsden -sairaalassa, jonka suojelijana h\u00e4n my\u00f6s toimii.<\/p>\n<p><script async src=\"\/\/www.instagram.com\/embed.js\"><\/script><\/p>\n","protected":false},"excerpt":{"rendered":"Prinsessa Catherine on saanut hoitoja sy\u00f6p\u00e4\u00e4ns\u00e4 The Royal Marsden -sairaalassa. Kuninkaallinen perhe osallistui aiemmin t\u00e4ss\u00e4 kuussa Together at&hellip;\n","protected":false},"author":2,"featured_media":124317,"comment_status":"","ping_status":"","sticky":false,"template":"","format":"standard","meta":{"footnotes":""},"categories":[130],"tags":[35,654,137,33,31,30,408,653,6234,652,32,109],"class_list":{"0":"post-124316","1":"post","2":"type-post","3":"status-publish","4":"format-standard","5":"has-post-thumbnail","7":"category-viihde","8":"tag-24h","9":"tag-britannian-kuningashuone","10":"tag-entertainment","11":"tag-fi","12":"tag-finland","13":"tag-finnish","14":"tag-julkkikset","15":"tag-julkkisperheet","16":"tag-kuninkaallinen-perhe","17":"tag-kuninkaalliset","18":"tag-suomi","19":"tag-viihde"},"share_on_mastodon":{"url":"https:\/\/pubeurope.com\/@fi\/115770894881965269","error":""},"_links":{"self":[{"href":"https:\/\/www.europesays.com\/fi\/wp-json\/wp\/v2\/posts\/124316","targetHints":{"allow":["GET"]}}],"collection":[{"href":"https:\/\/www.europesays.com\/fi\/wp-json\/wp\/v2\/posts"}],"about":[{"href":"https:\/\/www.europesays.com\/fi\/wp-json\/wp\/v2\/types\/post"}],"author":[{"embeddable":true,"href":"https:\/\/www.europesays.com\/fi\/wp-json\/wp\/v2\/users\/2"}],"replies":[{"embeddable":true,"href":"https:\/\/www.europesays.com\/fi\/wp-json\/wp\/v2\/comments?post=124316"}],"version-history":[{"count":0,"href":"https:\/\/www.europesays.com\/fi\/wp-json\/wp\/v2\/posts\/124316\/revisions"}],"wp:featuredmedia":[{"embeddable":true,"href":"https:\/\/www.europesays.com\/fi\/wp-json\/wp\/v2\/media\/124317"}],"wp:attachment":[{"href":"https:\/\/www.europesays.com\/fi\/wp-json\/wp\/v2\/media?parent=124316"}],"wp:term":[{"taxonomy":"category","embeddable":true,"href":"https:\/\/www.europesays.com\/fi\/wp-json\/wp\/v2\/categories?post=124316"},{"taxonomy":"post_tag","embeddable":true,"href":"https:\/\/www.europesays.com\/fi\/wp-json\/wp\/v2\/tags?post=124316"}],"curies":[{"name":"wp","href":"https:\/\/api.w.org\/{rel}","templated":true}]}}