{"id":124324,"date":"2025-12-23T21:05:08","date_gmt":"2025-12-23T21:05:08","guid":{"rendered":"https:\/\/www.europesays.com\/fi\/124324\/"},"modified":"2025-12-23T21:05:08","modified_gmt":"2025-12-23T21:05:08","slug":"kerrostalossa-haisee-savu-jyvaskylan-keskustassa-syy-tuntematon-keski-suomi","status":"publish","type":"post","link":"https:\/\/www.europesays.com\/fi\/124324\/","title":{"rendered":"Kerrostalossa haisee savu Jyv\u00e4skyl\u00e4n keskustassa, syy tuntematon | Keski-Suomi"},"content":{"rendered":"<p>Keski-Suomen pelastuslaitos sai tiistai-iltana kello 20.30 aikaan h\u00e4lytyksen keskisuuresta rakennuspalosta Jyv\u00e4skyl\u00e4n Cygnaeuksenkadulle. Pelastuslaitoksen tiedotteessa kerrottiin, ett\u00e4 ilmoittajan mukaan kuusikerroksisen talon porrashuoneessa ja ullakolla haisi savu, mutta muita palon merkkej\u00e4 ei ollut.<\/p>\n<p>Pelastuslaitos tiedusteli ja selvitti savun hajun l\u00e4hdett\u00e4. Mit\u00e4\u00e4n paloon viittaavaa tai hajun aiheuttajaa ei kuitenkaan illan aikana l\u00f6ytynyt, ja yksik\u00f6t olivat poistuneet paikalta noin kello 22.30 menness\u00e4.<\/p>\n<p>Paikalle l\u00e4hetettiin kuusi pelastuslaitoksen yksikk\u00f6\u00e4.<\/p>\n<p>Paikalla olleen Keskisuomalaisen toimittaja <strong>Riikka Minkkisen<\/strong> mukaan tilanne tapahtui Cygnaeuksenkadulla Yliopistonkadun ja Kauppakadun v\u00e4lill\u00e4.<\/p>\n<p>P\u00e4ivitetty 23.12.2025 kello 21.03 pelastuslaitoksen tiedotteen tiedoilla.<\/p>\n<p>P\u00e4ivitetty 23.12.2025 kello 22.36 tiedolla siit\u00e4, ett\u00e4 savun hajun aiheuttajaa ei l\u00f6ytynyt.<\/p>\n","protected":false},"excerpt":{"rendered":"Keski-Suomen pelastuslaitos sai tiistai-iltana kello 20.30 aikaan h\u00e4lytyksen keskisuuresta rakennuspalosta Jyv\u00e4skyl\u00e4n Cygnaeuksenkadulle. Pelastuslaitoksen tiedotteessa kerrottiin, ett\u00e4 ilmoittajan mukaan&hellip;\n","protected":false},"author":2,"featured_media":124325,"comment_status":"","ping_status":"","sticky":false,"template":"","format":"standard","meta":{"footnotes":""},"categories":[5],"tags":[22,23,26,27,33,31,30,17,425,24,25,28,29,15,120,18,21,123,122,103,32,19,20,1265,546,16],"class_list":{"0":"post-124324","1":"post","2":"type-post","3":"status-publish","4":"format-standard","5":"has-post-thumbnail","7":"category-otsikot","8":"tag-breaking-news","9":"tag-breakingnews","10":"tag-featured-news","11":"tag-featurednews","12":"tag-fi","13":"tag-finland","14":"tag-finnish","15":"tag-headlines","16":"tag-jyvaskyla","17":"tag-latest-news","18":"tag-latestnews","19":"tag-main-news","20":"tag-mainnews","21":"tag-news","22":"tag-onnettomuustapaus","23":"tag-otsikot","24":"tag-paauutiset","25":"tag-palo-ja-pelastustoimi","26":"tag-pelastaminen","27":"tag-sosiaalikysymykset","28":"tag-suomi","29":"tag-top-stories","30":"tag-topstories","31":"tag-tulipalot","32":"tag-turvallisuus","33":"tag-uutiset"},"share_on_mastodon":{"url":"https:\/\/pubeurope.com\/@fi\/115770918374866662","error":""},"_links":{"self":[{"href":"https:\/\/www.europesays.com\/fi\/wp-json\/wp\/v2\/posts\/124324","targetHints":{"allow":["GET"]}}],"collection":[{"href":"https:\/\/www.europesays.com\/fi\/wp-json\/wp\/v2\/posts"}],"about":[{"href":"https:\/\/www.europesays.com\/fi\/wp-json\/wp\/v2\/types\/post"}],"author":[{"embeddable":true,"href":"https:\/\/www.europesays.com\/fi\/wp-json\/wp\/v2\/users\/2"}],"replies":[{"embeddable":true,"href":"https:\/\/www.europesays.com\/fi\/wp-json\/wp\/v2\/comments?post=124324"}],"version-history":[{"count":0,"href":"https:\/\/www.europesays.com\/fi\/wp-json\/wp\/v2\/posts\/124324\/revisions"}],"wp:featuredmedia":[{"embeddable":true,"href":"https:\/\/www.europesays.com\/fi\/wp-json\/wp\/v2\/media\/124325"}],"wp:attachment":[{"href":"https:\/\/www.europesays.com\/fi\/wp-json\/wp\/v2\/media?parent=124324"}],"wp:term":[{"taxonomy":"category","embeddable":true,"href":"https:\/\/www.europesays.com\/fi\/wp-json\/wp\/v2\/categories?post=124324"},{"taxonomy":"post_tag","embeddable":true,"href":"https:\/\/www.europesays.com\/fi\/wp-json\/wp\/v2\/tags?post=124324"}],"curies":[{"name":"wp","href":"https:\/\/api.w.org\/{rel}","templated":true}]}}