{"id":124326,"date":"2025-12-23T21:17:09","date_gmt":"2025-12-23T21:17:09","guid":{"rendered":"https:\/\/www.europesays.com\/fi\/124326\/"},"modified":"2025-12-23T21:17:09","modified_gmt":"2025-12-23T21:17:09","slug":"nicki-minajilta-kiusallinen-moka-lavalla","status":"publish","type":"post","link":"https:\/\/www.europesays.com\/fi\/124326\/","title":{"rendered":"Nicki Minajilta kiusallinen moka lavalla"},"content":{"rendered":"<p>Salamurhatun aktivistin leski Erika Kirk lohdutti naisr\u00e4pp\u00e4ri\u00e4 kiusallisen k\u00f6mm\u00e4hdyksen j\u00e4lkeen.<\/p>\n<p><img decoding=\"async\" class=\"image image-show image-preview\" src=\"https:\/\/www.europesays.com\/fi\/wp-content\/uploads\/2025\/12\/2bec02818a8983832c3f640f77d7b8f1d875d5af838c0acde1102dcbaa5a3ccb.jpg\" alt=\"\"\/><img decoding=\"async\" class=\"image image-show\" src=\"https:\/\/www.europesays.com\/fi\/wp-content\/uploads\/2025\/12\/1766524629_987_2bec02818a8983832c3f640f77d7b8f1d875d5af838c0acde1102dcbaa5a3ccb.jpg\" alt=\"\"\/><\/p>\n<p>Erika Kirk haastatteli Nicki Minajia konservatiivisia arvoja yliopistokampuksilla edist\u00e4v\u00e4n Turning Point USA:n tapahtumassa. ZumaWire \/ MVPHOTOS<\/p>\n<p class=\"paragraph\">Maailman menestyneimpiin artisteihin lukeutuva r\u00e4pp\u00e4ri Nicki Minaj nousi lavalle Turning Point USA -j\u00e4rjest\u00f6n johtajan <a href=\"https:\/\/www.iltalehti.fi\/henkilot\/Erika Kirk\" class=\"article-link-person-page\" rel=\"nofollow noopener\" target=\"_blank\">Erika Kirkin<\/a> kanssa. Minaj on hiljattain ryhtynyt Trumpin kannattajaksi, kertoo <a href=\"https:\/\/abcnews.go.com\/Entertainment\/wireStory\/nicki-minaj-surprises-conservatives-praise-trump-vance-arizona-128602098\" rel=\"noopener nofollow\" target=\"_blank\">ABC<\/a>.<\/p>\n<p class=\"paragraph\">Minaj kehui Yhdysvaltain presidentti Donald Trumpia ja varapresidentti JD Vancea hyviksi roolimalleiksi nuorille miehille.<\/p>\n<p class=\"paragraph\">\u2013 Nuoret miehet, teill\u00e4 on upeita roolimalleja kuten komea ja tyylik\u00e4s presidenttimme, ja upeita roolimalleja kuten salamurhaaja JD Vance, varapresidenttimme, Minaj sanoi.<\/p>\n<p class=\"paragraph\">Kommenttinsa j\u00e4lkeen h\u00e4n hiljeni tajutessaan kiusallisen tilanteen.<\/p>\n<p class=\"paragraph\">Erika Kirk, joka nousi Turning Point USA:n johtoon kun h\u00e4nen aviomiehens\u00e4 <strong>Charlie Kirkin<\/strong> salamurhattiin, lohdutti Minajia mokan j\u00e4lkeen.<\/p>\n<p class=\"paragraph\">Kirkin mukaan h\u00e4n oli jo kuullut \u201dkaiken auringon alla\u201d ja ilmaisi ettei Minajin sanavalinta vaivannut h\u00e4nt\u00e4.<\/p>\n<p class=\"paragraph\">\u2013 Sano mit\u00e4 haluat sanoa, tied\u00e4n syd\u00e4mesi enk\u00e4 tuomitse sit\u00e4, Kirk sanoi.<\/p>\n<p class=\"paragraph\">Minajin k\u00f6mm\u00e4hdyksest\u00e4 ovat kirjoittaneet muun muassa uutistoimisto Reuters, <a href=\"https:\/\/variety.com\/2025\/music\/news\/nicki-minaj-erika-kirk-turning-point-pro-trump-vance-trans-1236613862\/\" rel=\"noopener nofollow\" target=\"_blank\">Variety<\/a> ja <a href=\"https:\/\/nypost.com\/2025\/12\/21\/us-news\/nicki-minaj-makes-surprise-appearance-with-erika-kirk-at-tpusa-event\/\" rel=\"noopener nofollow\" target=\"_blank\">New York Post<\/a>.<\/p>\n","protected":false},"excerpt":{"rendered":"Salamurhatun aktivistin leski Erika Kirk lohdutti naisr\u00e4pp\u00e4ri\u00e4 kiusallisen k\u00f6mm\u00e4hdyksen j\u00e4lkeen. Erika Kirk haastatteli Nicki Minajia konservatiivisia arvoja yliopistokampuksilla&hellip;\n","protected":false},"author":2,"featured_media":124327,"comment_status":"","ping_status":"","sticky":false,"template":"","format":"standard","meta":{"footnotes":""},"categories":[136],"tags":[35,138,407,137,33,31,30,408,47,141,142,532,32,109],"class_list":{"0":"post-124326","1":"post","2":"type-post","3":"status-publish","4":"format-standard","5":"has-post-thumbnail","7":"category-julkkikset","8":"tag-24h","9":"tag-audio","10":"tag-celebrities","11":"tag-entertainment","12":"tag-fi","13":"tag-finland","14":"tag-finnish","15":"tag-julkkikset","16":"tag-musiikki","17":"tag-muusikot-bandit","18":"tag-poliitikot","19":"tag-rock-ja-pop","20":"tag-suomi","21":"tag-viihde"},"share_on_mastodon":{"url":"https:\/\/pubeurope.com\/@fi\/115770965821331472","error":""},"_links":{"self":[{"href":"https:\/\/www.europesays.com\/fi\/wp-json\/wp\/v2\/posts\/124326","targetHints":{"allow":["GET"]}}],"collection":[{"href":"https:\/\/www.europesays.com\/fi\/wp-json\/wp\/v2\/posts"}],"about":[{"href":"https:\/\/www.europesays.com\/fi\/wp-json\/wp\/v2\/types\/post"}],"author":[{"embeddable":true,"href":"https:\/\/www.europesays.com\/fi\/wp-json\/wp\/v2\/users\/2"}],"replies":[{"embeddable":true,"href":"https:\/\/www.europesays.com\/fi\/wp-json\/wp\/v2\/comments?post=124326"}],"version-history":[{"count":0,"href":"https:\/\/www.europesays.com\/fi\/wp-json\/wp\/v2\/posts\/124326\/revisions"}],"wp:featuredmedia":[{"embeddable":true,"href":"https:\/\/www.europesays.com\/fi\/wp-json\/wp\/v2\/media\/124327"}],"wp:attachment":[{"href":"https:\/\/www.europesays.com\/fi\/wp-json\/wp\/v2\/media?parent=124326"}],"wp:term":[{"taxonomy":"category","embeddable":true,"href":"https:\/\/www.europesays.com\/fi\/wp-json\/wp\/v2\/categories?post=124326"},{"taxonomy":"post_tag","embeddable":true,"href":"https:\/\/www.europesays.com\/fi\/wp-json\/wp\/v2\/tags?post=124326"}],"curies":[{"name":"wp","href":"https:\/\/api.w.org\/{rel}","templated":true}]}}