{"id":124328,"date":"2025-12-23T21:24:13","date_gmt":"2025-12-23T21:24:13","guid":{"rendered":"https:\/\/www.europesays.com\/fi\/124328\/"},"modified":"2025-12-23T21:24:13","modified_gmt":"2025-12-23T21:24:13","slug":"urheilija-kuoli-kamalassa-onnettomuudessa-vaimo-katsoi-kauhuissaan","status":"publish","type":"post","link":"https:\/\/www.europesays.com\/fi\/124328\/","title":{"rendered":"Urheilija kuoli kamalassa onnettomuudessa \u2013 Vaimo katsoi kauhuissaan"},"content":{"rendered":"<p>Sebastian Hertner kuoli kamalassa onnettomuudessa.<\/p>\n<p><img decoding=\"async\" class=\"image image-show image-preview\" src=\"https:\/\/www.europesays.com\/fi\/wp-content\/uploads\/2025\/12\/d110b8ffaccd8036d5788a94eaf90e12c3458e9444ab997fabcf266fcf7897b1.jpg\" alt=\"\"\/><img decoding=\"async\" class=\"image image-show\" src=\"https:\/\/www.europesays.com\/fi\/wp-content\/uploads\/2025\/12\/1766525053_818_d110b8ffaccd8036d5788a94eaf90e12c3458e9444ab997fabcf266fcf7897b1.jpg\" alt=\"\"\/><\/p>\n<p>Sebastian Hertner oli nuorena lupaava jalkapalloilija. AOP<\/p>\n<p class=\"paragraph\">34-vuotias ammattilaisjalkapalloilija <strong>Sebastian Hertner<\/strong> on kuollut hiihtohissionnettomuudessa Montenegrossa Savin Kukin hiihtokeskuksessa, kertoo muun muassa brittimedia <a href=\"https:\/\/www.dailymail.co.uk\/sport\/football\/article-15409481\/Former-German-international-footballer-killed-falling-ski-slope-chair-lift-wife-Club-says-stunned-incredibly-sad.html?ito=native_share_article-nativemenubutton\" rel=\"noopener nofollow\" target=\"_blank\">Daily Mail<\/a>.<\/p>\n<p class=\"paragraph\">Onnettomuus sattui lauantaina \u017dabljakin vuoristokaupungin l\u00e4hell\u00e4 sijaitsevassa Durmitorin vuoristoalueella.<\/p>\n<p class=\"paragraph\">Alustavien tietojen mukaan kaksipaikkainen tuolihissi, jossa Hertner istui vaimonsa kanssa, irtosi vaijerista ja t\u00f6rm\u00e4si sen takana olleeseen hissiin.<\/p>\n<p class=\"paragraph\">Hertner putosi hissist\u00e4 ja kuoli v\u00e4litt\u00f6m\u00e4sti tapahtumapaikalla.<\/p>\n<p class=\"paragraph\">H\u00e4nen vaimonsa joutui katsomaan vierest\u00e4 miehens\u00e4 putoamista. Vaimo j\u00e4i loukkuun hissiin, ja pelastusviranomaiset pelastivat h\u00e4net my\u00f6hemmin. H\u00e4n mursi jalkansa onnettomuustilanteessa.<\/p>\n<p class=\"paragraph\">Daily Mailin mukaan lukuisat turistit j\u00e4iv\u00e4t jumiin useiksi tunneiksi onnettomuuden takia.<\/p>\n<p class=\"paragraph\">Viranomaiset sulkivat hissin ja ovat aloittaneet onnettomuuden selvitt\u00e4misen.<\/p>\n<p class=\"paragraph\">Hertner pelasi urallaan ammattilaisjalkapalloa Saksassa muun muassa 1860 M\u00fcnchenin, Erzgebirge Auen ja Darmstadtin riveiss\u00e4 Saksan toiseksi korkeimmalla sarjatasolla.<\/p>\n<p class=\"paragraph\">My\u00f6hemmin h\u00e4n toimi ETSV Hamburgin kapteenina Saksan viidennell\u00e4 sarjatasolla.<\/p>\n<p class=\"paragraph\">Juniori-ik\u00e4luokissa h\u00e4nt\u00e4 pidettiin lupaavana pelaajana, ja h\u00e4n edusti Saksaa alle 18- ja alle 19-vuotiaiden maajoukkueissa.<\/p>\n","protected":false},"excerpt":{"rendered":"Sebastian Hertner kuoli kamalassa onnettomuudessa. Sebastian Hertner oli nuorena lupaava jalkapalloilija. AOP 34-vuotias ammattilaisjalkapalloilija Sebastian Hertner on kuollut&hellip;\n","protected":false},"author":2,"featured_media":124329,"comment_status":"","ping_status":"","sticky":false,"template":"","format":"standard","meta":{"footnotes":""},"categories":[158],"tags":[35,33,31,30,2096,41,3318,2668,159,32,160,161],"class_list":{"0":"post-124328","1":"post","2":"type-post","3":"status-publish","4":"format-standard","5":"has-post-thumbnail","7":"category-urheilu","8":"tag-24h","9":"tag-fi","10":"tag-finland","11":"tag-finnish","12":"tag-hiihtolajit","13":"tag-liikunta-ja-urheilu","14":"tag-maastohiihto","15":"tag-pohjoismaiset-hiihtolajit","16":"tag-sports","17":"tag-suomi","18":"tag-urheilu","19":"tag-urheilutapahtumat"},"share_on_mastodon":{"url":"https:\/\/pubeurope.com\/@fi\/115770993517705113","error":""},"_links":{"self":[{"href":"https:\/\/www.europesays.com\/fi\/wp-json\/wp\/v2\/posts\/124328","targetHints":{"allow":["GET"]}}],"collection":[{"href":"https:\/\/www.europesays.com\/fi\/wp-json\/wp\/v2\/posts"}],"about":[{"href":"https:\/\/www.europesays.com\/fi\/wp-json\/wp\/v2\/types\/post"}],"author":[{"embeddable":true,"href":"https:\/\/www.europesays.com\/fi\/wp-json\/wp\/v2\/users\/2"}],"replies":[{"embeddable":true,"href":"https:\/\/www.europesays.com\/fi\/wp-json\/wp\/v2\/comments?post=124328"}],"version-history":[{"count":0,"href":"https:\/\/www.europesays.com\/fi\/wp-json\/wp\/v2\/posts\/124328\/revisions"}],"wp:featuredmedia":[{"embeddable":true,"href":"https:\/\/www.europesays.com\/fi\/wp-json\/wp\/v2\/media\/124329"}],"wp:attachment":[{"href":"https:\/\/www.europesays.com\/fi\/wp-json\/wp\/v2\/media?parent=124328"}],"wp:term":[{"taxonomy":"category","embeddable":true,"href":"https:\/\/www.europesays.com\/fi\/wp-json\/wp\/v2\/categories?post=124328"},{"taxonomy":"post_tag","embeddable":true,"href":"https:\/\/www.europesays.com\/fi\/wp-json\/wp\/v2\/tags?post=124328"}],"curies":[{"name":"wp","href":"https:\/\/api.w.org\/{rel}","templated":true}]}}