{"id":124330,"date":"2025-12-23T21:25:12","date_gmt":"2025-12-23T21:25:12","guid":{"rendered":"https:\/\/www.europesays.com\/fi\/124330\/"},"modified":"2025-12-23T21:25:12","modified_gmt":"2025-12-23T21:25:12","slug":"avengers-doomsday-sai-ensimmaisen-trailerin","status":"publish","type":"post","link":"https:\/\/www.europesays.com\/fi\/124330\/","title":{"rendered":"Avengers: Doomsday sai ensimm\u00e4isen trailerin!"},"content":{"rendered":"<p>Avengers: Doomsday on tuleva Marvel-elokuva, joka kokoaa yhteen ennenn\u00e4kem\u00e4tt\u00f6m\u00e4n joukon sankareita. Tarinassa n\u00e4hd\u00e4\u00e4n ainakin Avengers-ryhm\u00e4, wakandalaiset, Ihmeneloset sek\u00e4 Ryhm\u00e4-X. Kaikki n\u00e4m\u00e4 eri tahot joutuvat yhdist\u00e4m\u00e4\u00e4n voimansa kohdatakseen Tohtori Doomin. Tarina sijoittuu aikaan nelj\u00e4toista kuukautta Thunderbolts* (2025) -elokuvan tapahtumien j\u00e4lkeen.<\/p>\n<p>Projekti tunnettiin aiemmin nimell\u00e4 The Kang Dynasty, mutta Marvel Studios muutti suunnitelmiaan ja nimesi elokuvan uudelleen hein\u00e4kuussa 2024. Samalla vahvistettiin <strong>Anthony <\/strong>ja <strong>Joe Russon<\/strong> paluu ohjaajiksi. He ovat ainakin aiemmin onnistuneet paketoimaan monisyisist\u00e4 Marvel-tarinoista katsojaa viihdytt\u00e4v\u00e4\u00e4 seurattavaa.<\/p>\n<p><strong>Robert Downey Jr<\/strong> tekee paluun Marvel-elokuvien pariin. Elokuvaan palaa liuta my\u00f6s muita tuttuja nimi\u00e4. Mukana ovat Downey Jr:n lis\u00e4ksi <strong>Chris Hemsworth, Vanessa Kirby, Pedro Pascal, Florence Pugh, Anthony Mackie, Sebastian Stan, Joseph Quinn, Tom Hiddleston, Patrick Stewart <\/strong>ja <strong>Ian McKellen<\/strong>.<\/p>\n<p>Avengers: Doomsday on tulossa teattereihin joulukuussa 2026. Alla traileri.<\/p>\n<p>Lue my\u00f6s: <a href=\"https:\/\/www.episodi.fi\/uutiset\/sankarit-jaetaan-kuuteen-ryhmaan-avengers-doomsdayssa\/\" title=\"Sankarit jaetaan kuuteen ryhm\u00e4\u00e4n Avengers: Doomsdayssa\" class=\"underline-custom !font-montserrat !font-bold !underline-offset-4 !decoration-4 !decoration-episodi-blue !text-md\" rel=\"nofollow noopener\" target=\"_blank\">Sankarit jaetaan kuuteen ryhm\u00e4\u00e4n Avengers: Doomsdayssa<\/a><\/p>\n<p>Lue my\u00f6s: <a href=\"https:\/\/www.episodi.fi\/uutiset\/black-panther-3n-nimi-paljastettiin-mita-tama-tarkoittaa-wakandalle\/\" title=\"Black Panther 3:n nimi paljastettiin \u2013 mit\u00e4 t\u00e4m\u00e4 tarkoittaa Wakandalle?\" class=\"underline-custom !font-montserrat !font-bold !underline-offset-4 !decoration-4 !decoration-episodi-blue !text-md\" rel=\"nofollow noopener\" target=\"_blank\">Black Panther 3:n nimi paljastettiin \u2013 mit\u00e4 t\u00e4m\u00e4 tarkoittaa Wakandalle?<\/a><\/p>\n<p><img loading=\"lazy\" decoding=\"async\" alt=\"YouTube video\" width=\"480\" height=\"360\" data-pin-nopin=\"true\" nopin=\"nopin\" class=\"perfmatters-lazy\" src=\"https:\/\/www.europesays.com\/fi\/wp-content\/uploads\/2025\/12\/1766525112_450_hqdefault.jpg\"\/><\/p>\n<p>L\u00e4hde: <a href=\"https:\/\/en.wikipedia.org\/wiki\/Avengers:_Doomsday\" target=\"_blank\" rel=\"noreferrer noopener nofollow\">Wikipedia<\/a><\/p>\n<p>Lue my\u00f6s: <a href=\"https:\/\/www.episodi.fi\/uutiskirje\/?uutiskirjemainos=tekstilinkkimainos\" title=\"Tilaa Episodin uutiskirje ja voit voittaa leffalippuja! Nappaa tv-vinkit suoraan s\u00e4hk\u00f6postiin t\u00e4st\u00e4.\" class=\"underline-custom !font-montserrat !font-bold !underline-offset-4 !decoration-4 !decoration-episodi-blue !text-md\" rel=\"nofollow noopener\" target=\"_blank\">Tilaa Episodin uutiskirje ja voit voittaa leffalippuja! Nappaa katseluvinkit suoraan s\u00e4hk\u00f6postiin t\u00e4st\u00e4.<\/a><\/p>\n","protected":false},"excerpt":{"rendered":"Avengers: Doomsday on tuleva Marvel-elokuva, joka kokoaa yhteen ennenn\u00e4kem\u00e4tt\u00f6m\u00e4n joukon sankareita. Tarinassa n\u00e4hd\u00e4\u00e4n ainakin Avengers-ryhm\u00e4, wakandalaiset, Ihmeneloset sek\u00e4&hellip;\n","protected":false},"author":2,"featured_media":124331,"comment_status":"","ping_status":"","sticky":false,"template":"","format":"standard","meta":{"footnotes":""},"categories":[130],"tags":[809,137,33,31,30,32,611,109],"class_list":{"0":"post-124330","1":"post","2":"type-post","3":"status-publish","4":"format-standard","5":"has-post-thumbnail","7":"category-viihde","8":"tag-avengers-doomsday","9":"tag-entertainment","10":"tag-fi","11":"tag-finland","12":"tag-finnish","13":"tag-suomi","14":"tag-traileri","15":"tag-viihde"},"share_on_mastodon":{"url":"https:\/\/pubeurope.com\/@fi\/115770997053594412","error":""},"_links":{"self":[{"href":"https:\/\/www.europesays.com\/fi\/wp-json\/wp\/v2\/posts\/124330","targetHints":{"allow":["GET"]}}],"collection":[{"href":"https:\/\/www.europesays.com\/fi\/wp-json\/wp\/v2\/posts"}],"about":[{"href":"https:\/\/www.europesays.com\/fi\/wp-json\/wp\/v2\/types\/post"}],"author":[{"embeddable":true,"href":"https:\/\/www.europesays.com\/fi\/wp-json\/wp\/v2\/users\/2"}],"replies":[{"embeddable":true,"href":"https:\/\/www.europesays.com\/fi\/wp-json\/wp\/v2\/comments?post=124330"}],"version-history":[{"count":0,"href":"https:\/\/www.europesays.com\/fi\/wp-json\/wp\/v2\/posts\/124330\/revisions"}],"wp:featuredmedia":[{"embeddable":true,"href":"https:\/\/www.europesays.com\/fi\/wp-json\/wp\/v2\/media\/124331"}],"wp:attachment":[{"href":"https:\/\/www.europesays.com\/fi\/wp-json\/wp\/v2\/media?parent=124330"}],"wp:term":[{"taxonomy":"category","embeddable":true,"href":"https:\/\/www.europesays.com\/fi\/wp-json\/wp\/v2\/categories?post=124330"},{"taxonomy":"post_tag","embeddable":true,"href":"https:\/\/www.europesays.com\/fi\/wp-json\/wp\/v2\/tags?post=124330"}],"curies":[{"name":"wp","href":"https:\/\/api.w.org\/{rel}","templated":true}]}}