{"id":124370,"date":"2025-12-23T22:35:09","date_gmt":"2025-12-23T22:35:09","guid":{"rendered":"https:\/\/www.europesays.com\/fi\/124370\/"},"modified":"2025-12-23T22:35:09","modified_gmt":"2025-12-23T22:35:09","slug":"mikko-leppilampi-ja-beata-leppilampi-jouluperinteet-ja-varaslahdot-kotijuhlissa","status":"publish","type":"post","link":"https:\/\/www.europesays.com\/fi\/124370\/","title":{"rendered":"Mikko Leppilampi ja Beata Leppilampi: Jouluperinteet ja varasl\u00e4hd\u00f6t kotijuhlissa"},"content":{"rendered":"<p>            TIMO KORHONEN\n        <\/p>\n<p class=\"subtitle \">Leppilammet koettavat v\u00e4ltty\u00e4 joulustressilt\u00e4.<\/p>\n<p class=\"article-content article-content-width !bg-background\">, 47, on rauhoittunut vaimonsa, 30, kanssa joulun viettoon. Asia selvi\u00e4\u00e4 Beatan Instagram-tarinoissa, jotka t\u00e4yttyiv\u00e4t joulutunnelmoinnilla jo aatonaattona.<\/p>\n<p class=\"font-weight-bold m-font-weight-bold article-content article-content-width !bg-background\">Arkistovideo: N\u00e4in Beatan ja Mikon rakkaus roihahti<\/p>\n<p class=\"article-content article-content-width !bg-background\">Muutaman p\u00e4iv\u00e4n ajalta ker\u00e4tyiss\u00e4 kuvissa n\u00e4kyy, ett\u00e4 Leppilampien naapurustossa riitt\u00e4\u00e4 yhteis\u00f6llisyytt\u00e4. Beata kertoo, ett\u00e4 heid\u00e4n naapurinsa poika oli asetellut kaikkien saataville pienen gl\u00f6gibaarin.<\/p>\n<p class=\"article-content article-content-width !bg-background\">Joulufiilistely jatkui my\u00f6s Leppilampien kodissa, jossa perhe kokoontui l\u00e4heistens\u00e4 kanssa viett\u00e4m\u00e4\u00e4n &#8221;esijoulua&#8221;.<\/p>\n<p>Varasl\u00e4hd\u00f6ll\u00e4 joulufiiliksiin<\/p>\n<p class=\"article-content article-content-width !bg-background\">Beatan jakamalla <a href=\"https:\/\/www.instagram.com\/stories\/beataleppilampi\/\" target=\"_blank\" rel=\"nofollow noopener\">videolla<\/a> n\u00e4kyy, ett\u00e4 esijoulujuhlissa laulettiin Mikon johdolla\u00a0tunnelmallista\u00a0Hallelujah-kappaletta.<\/p>\n<p class=\"article-content article-content-width !bg-background\">Beata paljastaa, ett\u00e4 lapset saivat ottaa my\u00f6s lahjojen osalta varasl\u00e4hdon jouluun. Tarinassa h\u00e4n esittelee lasten kummeilta ja yst\u00e4vilt\u00e4 saamia joululahjoja, Leppilampien esikoinen sai lahjaksi sukset.<\/p>\n<p class=\"article-content article-content-width !bg-background\">Esijoulut hoituvat Beatan mukaan perinteikk\u00e4\u00e4ll\u00e4 nyytt\u00e4rityylill\u00e4.<\/p>\n<p class=\"article-content article-content-width !bg-background\">\u2013\u00a0Joulustressilt\u00e4 v\u00e4ltty\u00e4ksemme, ollaan aina hoidettu esijoulun ruoat niin, ett\u00e4 kaikki tuo jotain. Paras konsepti,\u00a0h\u00e4n hehkuttaa.<\/p>\n<p class=\"article-content article-content-width !bg-background\">Juhlap\u00f6yd\u00e4ss\u00e4 n\u00e4kyy olevan ainakin tomaatti-mozzarellasalaattia sek\u00e4 makaronilaatikkoa, leip\u00e4\u00e4 ja kalaa.<\/p>\n<p class=\"article-content article-content-width !bg-background\">Juhlissa riitti vieraitakin; Beata poseerasi yhteiskuvissa esimerkiksi Mikon ja\u00a0tytt\u00e4ren, 20, kanssa.<\/p>\n<p>        <a itemprop=\"url\" href=\"https:\/\/www.seiska.fi\/kotimaa\/beata-leppilampi-julkisti-ilouutisen\/2004533\" rel=\"nofollow noopener\" target=\"_blank\"><\/p>\n<p>\nBeata Leppilampi\n<\/p>\n<p class=\"section-date\">\n        <strong class=\"article-section\" data-section=\"kotimaa\"><br \/>\n            kotimaa<br \/>\n        <\/strong><br \/>\n        27.11. 09:35\n    <\/p>\n<p>Beata Leppilampi julkisti ilouutisen\n    <\/p>\n<p itemprop=\"description\" class=\"subtitle \">\n    Beata ja Mikko Leppilammella on syyt\u00e4 riemuun.\n<\/p>\n<p>        <\/a><\/p>\n<p>P\u00e4iv\u00e4kotipohdintaa<\/p>\n<p class=\"article-content article-content-width !bg-background\">Muutamaa p\u00e4iv\u00e4\u00e4 ennen esijouluaan Beata jakoi jouluisen kuvan, jossa n\u00e4kyy lahjakasseja. Beata kertoo kassien olevan perheen esikoisen p\u00e4iv\u00e4kodin henkil\u00f6kunnalle.<\/p>\n<p class=\"article-content article-content-width !bg-background\">Kolmen lahjakassin \u00e4\u00e4rell\u00e4 Beata herkistyi pohtimaan, millaista arkea p\u00e4iv\u00e4kotien henkil\u00f6kunta el\u00e4\u00e4 ja kuinka v\u00e4h\u00e4n vanhemmat siit\u00e4 oikeasti tiet\u00e4v\u00e4t.<\/p>\n<p class=\"article-content article-content-width !bg-background\">\u2013Onko helpompaa olla tyytyv\u00e4isen tiet\u00e4m\u00e4t\u00f6n joidenkin p\u00e4iv\u00e4kotien todellisuudesta? Siit\u00e4 arjesta, jossa henkil\u00f6st\u00f6 tekee ty\u00f6t\u00e4\u00e4n. Tuoko totuus vain pahaa mielt\u00e4 ja ahdistusta, koska ajattelemme, ettemme kuitenkaan voi vaikuttaa?\u00a0Beata pohti julkaisussaan.<\/p>\n<p class=\"article-content article-content-width !bg-background\">Beata uskoo, ett\u00e4 vasta yhteinen suuttumus voi synnytt\u00e4\u00e4 muutoksen ja toteaa, ett\u00e4 p\u00e4iv\u00e4kotien arjen tuleekin suututtaa.<\/p>\n<p class=\"article-content article-content-width !bg-background\">\u2013\u00a0Vasta silloin syntyy muutos,\u00a0h\u00e4n toteaa.<\/p>\n<p>        <a itemprop=\"url\" href=\"https:\/\/www.seiska.fi\/kotimaa\/mikko-leppilammen-tytar-taytti-20-ilmetty-aitinsa\/1979560\" rel=\"nofollow noopener\" target=\"_blank\"><\/p>\n<p>\nKuvat!\n<\/p>\n<p class=\"section-date\">\n        <strong class=\"article-section\" data-section=\"kotimaa\"><br \/>\n            kotimaa<br \/>\n        <\/strong><br \/>\n        31.10. 13:58\n    <\/p>\n<p>Mikko Leppilammen tyt\u00e4r t\u00e4ytti 20 \u2013 ilmetty \u00e4itins\u00e4!\n    <\/p>\n<p itemprop=\"description\" class=\"subtitle \">\n    Mikon el\u00e4m\u00e4\u00e4 rikastuttaa kahden pienen pojan lis\u00e4ksi jo aikuinen tyt\u00e4r.\n<\/p>\n<p>        <\/a><\/p>\n<p><script async src=\"\/\/www.instagram.com\/embed.js\"><\/script><\/p>\n","protected":false},"excerpt":{"rendered":"TIMO KORHONEN Leppilammet koettavat v\u00e4ltty\u00e4 joulustressilt\u00e4. , 47, on rauhoittunut vaimonsa, 30, kanssa joulun viettoon. Asia selvi\u00e4\u00e4 Beatan&hellip;\n","protected":false},"author":2,"featured_media":124371,"comment_status":"","ping_status":"","sticky":false,"template":"","format":"standard","meta":{"footnotes":""},"categories":[136],"tags":[3369,407,137,33,31,30,5856,408,4424,12570,98,32,109],"class_list":{"0":"post-124370","1":"post","2":"type-post","3":"status-publish","4":"format-standard","5":"has-post-thumbnail","7":"category-julkkikset","8":"tag-beata-leppilampi","9":"tag-celebrities","10":"tag-entertainment","11":"tag-fi","12":"tag-finland","13":"tag-finnish","14":"tag-joulu","15":"tag-julkkikset","16":"tag-mikko-leppilampi","17":"tag-paivakoti","18":"tag-perhe","19":"tag-suomi","20":"tag-viihde"},"share_on_mastodon":{"url":"https:\/\/pubeurope.com\/@fi\/115771272273990420","error":""},"_links":{"self":[{"href":"https:\/\/www.europesays.com\/fi\/wp-json\/wp\/v2\/posts\/124370","targetHints":{"allow":["GET"]}}],"collection":[{"href":"https:\/\/www.europesays.com\/fi\/wp-json\/wp\/v2\/posts"}],"about":[{"href":"https:\/\/www.europesays.com\/fi\/wp-json\/wp\/v2\/types\/post"}],"author":[{"embeddable":true,"href":"https:\/\/www.europesays.com\/fi\/wp-json\/wp\/v2\/users\/2"}],"replies":[{"embeddable":true,"href":"https:\/\/www.europesays.com\/fi\/wp-json\/wp\/v2\/comments?post=124370"}],"version-history":[{"count":0,"href":"https:\/\/www.europesays.com\/fi\/wp-json\/wp\/v2\/posts\/124370\/revisions"}],"wp:featuredmedia":[{"embeddable":true,"href":"https:\/\/www.europesays.com\/fi\/wp-json\/wp\/v2\/media\/124371"}],"wp:attachment":[{"href":"https:\/\/www.europesays.com\/fi\/wp-json\/wp\/v2\/media?parent=124370"}],"wp:term":[{"taxonomy":"category","embeddable":true,"href":"https:\/\/www.europesays.com\/fi\/wp-json\/wp\/v2\/categories?post=124370"},{"taxonomy":"post_tag","embeddable":true,"href":"https:\/\/www.europesays.com\/fi\/wp-json\/wp\/v2\/tags?post=124370"}],"curies":[{"name":"wp","href":"https:\/\/api.w.org\/{rel}","templated":true}]}}