{"id":124400,"date":"2025-12-23T23:35:06","date_gmt":"2025-12-23T23:35:06","guid":{"rendered":"https:\/\/www.europesays.com\/fi\/124400\/"},"modified":"2025-12-23T23:35:06","modified_gmt":"2025-12-23T23:35:06","slug":"terasleidien-epasovinnaisuus-ja-musta-huumori-toimivat-yha","status":"publish","type":"post","link":"https:\/\/www.europesays.com\/fi\/124400\/","title":{"rendered":"Ter\u00e4sleidien ep\u00e4sovinnaisuus ja musta huumori toimivat yh\u00e4"},"content":{"rendered":"<p>Pamela Tolan ohjauksessa mestarin\u00e4yttelij\u00e4t saavat loistaa, mutta elokuva huojuu tyylilajien v\u00e4liss\u00e4.<\/p>\n<p>23.12. 19:55<\/p>\n<p class=\"article-body mb-nof-24 px-nof-16\">Komedia<\/p>\n<p class=\"article-body mb-nof-24 px-nof-16\">Ter\u00e4sleidit \u2013 kuin viimeist\u00e4 p\u00e4iv\u00e4\u00e4. Ohjaus Pamela Tola. 108 min. K7.<\/p>\n<p class=\"article-body mb-nof-24 px-nof-16\">\u2605\u2605\u2605<\/p>\n<p class=\"article-body mb-nof-24 px-nof-16\">Farssi, kreisikomedia, t\u00f6rkykomedia, musta komedia, tragikomedia. Ensimm\u00e4inen Ter\u00e4sleidit-elokuva onnistui melko tyylipuhtaasti sukeltamaan lajityyppeihin, joissa elokuva voi onnistua vain olemalla tarpeeksi uhkarohkea.<\/p>\n","protected":false},"excerpt":{"rendered":"Pamela Tolan ohjauksessa mestarin\u00e4yttelij\u00e4t saavat loistaa, mutta elokuva huojuu tyylilajien v\u00e4liss\u00e4. 23.12. 19:55 Komedia Ter\u00e4sleidit \u2013 kuin viimeist\u00e4&hellip;\n","protected":false},"author":2,"featured_media":124401,"comment_status":"","ping_status":"","sticky":false,"template":"","format":"standard","meta":{"footnotes":""},"categories":[130],"tags":[157,137,33,31,30,32,109],"class_list":{"0":"post-124400","1":"post","2":"type-post","3":"status-publish","4":"format-standard","5":"has-post-thumbnail","7":"category-viihde","8":"tag-aamulehti","9":"tag-entertainment","10":"tag-fi","11":"tag-finland","12":"tag-finnish","13":"tag-suomi","14":"tag-viihde"},"share_on_mastodon":{"url":"https:\/\/pubeurope.com\/@fi\/115771508228339581","error":""},"_links":{"self":[{"href":"https:\/\/www.europesays.com\/fi\/wp-json\/wp\/v2\/posts\/124400","targetHints":{"allow":["GET"]}}],"collection":[{"href":"https:\/\/www.europesays.com\/fi\/wp-json\/wp\/v2\/posts"}],"about":[{"href":"https:\/\/www.europesays.com\/fi\/wp-json\/wp\/v2\/types\/post"}],"author":[{"embeddable":true,"href":"https:\/\/www.europesays.com\/fi\/wp-json\/wp\/v2\/users\/2"}],"replies":[{"embeddable":true,"href":"https:\/\/www.europesays.com\/fi\/wp-json\/wp\/v2\/comments?post=124400"}],"version-history":[{"count":0,"href":"https:\/\/www.europesays.com\/fi\/wp-json\/wp\/v2\/posts\/124400\/revisions"}],"wp:featuredmedia":[{"embeddable":true,"href":"https:\/\/www.europesays.com\/fi\/wp-json\/wp\/v2\/media\/124401"}],"wp:attachment":[{"href":"https:\/\/www.europesays.com\/fi\/wp-json\/wp\/v2\/media?parent=124400"}],"wp:term":[{"taxonomy":"category","embeddable":true,"href":"https:\/\/www.europesays.com\/fi\/wp-json\/wp\/v2\/categories?post=124400"},{"taxonomy":"post_tag","embeddable":true,"href":"https:\/\/www.europesays.com\/fi\/wp-json\/wp\/v2\/tags?post=124400"}],"curies":[{"name":"wp","href":"https:\/\/api.w.org\/{rel}","templated":true}]}}