{"id":124415,"date":"2025-12-24T00:04:19","date_gmt":"2025-12-24T00:04:19","guid":{"rendered":"https:\/\/www.europesays.com\/fi\/124415\/"},"modified":"2025-12-24T00:04:19","modified_gmt":"2025-12-24T00:04:19","slug":"kuopiolainen-hohde-group-teki-jattikaupat-myy-toimintansa-terveystalolle-savo","status":"publish","type":"post","link":"https:\/\/www.europesays.com\/fi\/124415\/","title":{"rendered":"Kuopiolainen Hohde Group teki j\u00e4ttikaupat \u2013 myy toimintansa Terveystalolle | Savo"},"content":{"rendered":"<p>Terveystalo ostaa Kuopiossa perustetun hammasl\u00e4\u00e4k\u00e4riyritys Hohde Group oy:n. Hohde Group koostuu Hammas Hohde ja Loisto Laboratoriot -yhti\u00f6ist\u00e4. Kohteen sovitun kauppahinnan mukainen velaton arvo on noin 88 miljoonaa euroa. Kaupan toteutuminen on ehdollinen Kilpailu- ja kuluttajaviraston hyv\u00e4ksynn\u00e4lle.<\/p>\n","protected":false},"excerpt":{"rendered":"Terveystalo ostaa Kuopiossa perustetun hammasl\u00e4\u00e4k\u00e4riyritys Hohde Group oy:n. Hohde Group koostuu Hammas Hohde ja Loisto Laboratoriot -yhti\u00f6ist\u00e4. Kohteen&hellip;\n","protected":false},"author":2,"featured_media":124416,"comment_status":"","ping_status":"","sticky":false,"template":"","format":"standard","meta":{"footnotes":""},"categories":[76],"tags":[79,77,33,31,30,2870,3541,1132,1320,2349,3003,32,78,502],"class_list":{"0":"post-124415","1":"post","2":"type-post","3":"status-publish","4":"format-standard","5":"has-post-thumbnail","7":"category-talous","8":"tag-business","9":"tag-economy","10":"tag-fi","11":"tag-finland","12":"tag-finnish","13":"tag-kaupankaynti","14":"tag-kilpailu-ja-kuluttajavirasto","15":"tag-kuopio","16":"tag-liikevaihto","17":"tag-myynti","18":"tag-myyntireskontra","19":"tag-suomi","20":"tag-talous","21":"tag-terveydenhoito"},"share_on_mastodon":{"url":"https:\/\/pubeurope.com\/@fi\/115771622309940173","error":""},"_links":{"self":[{"href":"https:\/\/www.europesays.com\/fi\/wp-json\/wp\/v2\/posts\/124415","targetHints":{"allow":["GET"]}}],"collection":[{"href":"https:\/\/www.europesays.com\/fi\/wp-json\/wp\/v2\/posts"}],"about":[{"href":"https:\/\/www.europesays.com\/fi\/wp-json\/wp\/v2\/types\/post"}],"author":[{"embeddable":true,"href":"https:\/\/www.europesays.com\/fi\/wp-json\/wp\/v2\/users\/2"}],"replies":[{"embeddable":true,"href":"https:\/\/www.europesays.com\/fi\/wp-json\/wp\/v2\/comments?post=124415"}],"version-history":[{"count":0,"href":"https:\/\/www.europesays.com\/fi\/wp-json\/wp\/v2\/posts\/124415\/revisions"}],"wp:featuredmedia":[{"embeddable":true,"href":"https:\/\/www.europesays.com\/fi\/wp-json\/wp\/v2\/media\/124416"}],"wp:attachment":[{"href":"https:\/\/www.europesays.com\/fi\/wp-json\/wp\/v2\/media?parent=124415"}],"wp:term":[{"taxonomy":"category","embeddable":true,"href":"https:\/\/www.europesays.com\/fi\/wp-json\/wp\/v2\/categories?post=124415"},{"taxonomy":"post_tag","embeddable":true,"href":"https:\/\/www.europesays.com\/fi\/wp-json\/wp\/v2\/tags?post=124415"}],"curies":[{"name":"wp","href":"https:\/\/api.w.org\/{rel}","templated":true}]}}