{"id":124434,"date":"2025-12-24T00:33:08","date_gmt":"2025-12-24T00:33:08","guid":{"rendered":"https:\/\/www.europesays.com\/fi\/124434\/"},"modified":"2025-12-24T00:33:08","modified_gmt":"2025-12-24T00:33:08","slug":"joulurahojen-jako-keskeytettiin-orivedella-hs-fi","status":"publish","type":"post","link":"https:\/\/www.europesays.com\/fi\/124434\/","title":{"rendered":"Joulurahojen jako keskeytettiin Orivedell\u00e4 | HS.fi"},"content":{"rendered":"<p>Orivesi|Miljon\u00e4\u00e4ri Henry Aflechtin mukaan rahaa oli ehditty jakaa viidelle tai kuudelle ihmiselle, kun henkil\u00f6kunta puuttui tilanteeseen.<\/p>\n<p>23.12. 17:22<\/p>\n<p class=\"article-body mb-nof-24 px-nof-16\">Miljon\u00e4\u00e4ri <a class=\"article-personlink\" href=\"https:\/\/www.hs.fi\/haku\/?query=Henry%20Aflechtin\" rel=\"nofollow noopener\" target=\"_blank\">Henry Aflechtin<\/a> joulurahojen jako keskeytettiin Oriveden S-marketissa perjantaina 19. joulukuuta. Aflecht kertoo, ett\u00e4 S-marketille varattiin jaettavaksi noin 25\u202f000 euroa.<\/p>\n<p class=\"article-body mb-nof-24 px-nof-16\">Ennen S-marketia rahaa oli jaettu Oriveden kaupungintalolla noin 10\u202f000 euroa.<\/p>\n<p class=\"article-body mb-nof-24 px-nof-16\">Rahoja ryhdyttiin jakamaan S-marketin aulassa, jossa sijaitsee apteekki ja rakennuksen kolme sis\u00e4\u00e4nk\u00e4ynti\u00e4.<\/p>\n","protected":false},"excerpt":{"rendered":"Orivesi|Miljon\u00e4\u00e4ri Henry Aflechtin mukaan rahaa oli ehditty jakaa viidelle tai kuudelle ihmiselle, kun henkil\u00f6kunta puuttui tilanteeseen. 23.12. 17:22&hellip;\n","protected":false},"author":2,"featured_media":124435,"comment_status":"","ping_status":"","sticky":false,"template":"","format":"standard","meta":{"footnotes":""},"categories":[5],"tags":[22,23,26,27,33,31,30,17,46,24,25,28,29,15,18,21,32,19,20,16],"class_list":{"0":"post-124434","1":"post","2":"type-post","3":"status-publish","4":"format-standard","5":"has-post-thumbnail","7":"category-otsikot","8":"tag-breaking-news","9":"tag-breakingnews","10":"tag-featured-news","11":"tag-featurednews","12":"tag-fi","13":"tag-finland","14":"tag-finnish","15":"tag-headlines","16":"tag-helsingin-sanomat","17":"tag-latest-news","18":"tag-latestnews","19":"tag-main-news","20":"tag-mainnews","21":"tag-news","22":"tag-otsikot","23":"tag-paauutiset","24":"tag-suomi","25":"tag-top-stories","26":"tag-topstories","27":"tag-uutiset"},"share_on_mastodon":{"url":"https:\/\/pubeurope.com\/@fi\/115771736264513755","error":""},"_links":{"self":[{"href":"https:\/\/www.europesays.com\/fi\/wp-json\/wp\/v2\/posts\/124434","targetHints":{"allow":["GET"]}}],"collection":[{"href":"https:\/\/www.europesays.com\/fi\/wp-json\/wp\/v2\/posts"}],"about":[{"href":"https:\/\/www.europesays.com\/fi\/wp-json\/wp\/v2\/types\/post"}],"author":[{"embeddable":true,"href":"https:\/\/www.europesays.com\/fi\/wp-json\/wp\/v2\/users\/2"}],"replies":[{"embeddable":true,"href":"https:\/\/www.europesays.com\/fi\/wp-json\/wp\/v2\/comments?post=124434"}],"version-history":[{"count":0,"href":"https:\/\/www.europesays.com\/fi\/wp-json\/wp\/v2\/posts\/124434\/revisions"}],"wp:featuredmedia":[{"embeddable":true,"href":"https:\/\/www.europesays.com\/fi\/wp-json\/wp\/v2\/media\/124435"}],"wp:attachment":[{"href":"https:\/\/www.europesays.com\/fi\/wp-json\/wp\/v2\/media?parent=124434"}],"wp:term":[{"taxonomy":"category","embeddable":true,"href":"https:\/\/www.europesays.com\/fi\/wp-json\/wp\/v2\/categories?post=124434"},{"taxonomy":"post_tag","embeddable":true,"href":"https:\/\/www.europesays.com\/fi\/wp-json\/wp\/v2\/tags?post=124434"}],"curies":[{"name":"wp","href":"https:\/\/api.w.org\/{rel}","templated":true}]}}