{"id":124442,"date":"2025-12-24T00:53:12","date_gmt":"2025-12-24T00:53:12","guid":{"rendered":"https:\/\/www.europesays.com\/fi\/124442\/"},"modified":"2025-12-24T00:53:12","modified_gmt":"2025-12-24T00:53:12","slug":"karate-kidissa-ja-ja-rockyssa-naytellyt-helen-siff-on-kuollut-88-vuotiaana","status":"publish","type":"post","link":"https:\/\/www.europesays.com\/fi\/124442\/","title":{"rendered":"Karate Kidiss\u00e4 ja ja Rockyssa n\u00e4ytellyt Helen Siff on kuollut 88-vuotiaana"},"content":{"rendered":"<p>Veteraanin\u00e4yttelij\u00e4 <strong>Helen Siff <\/strong>on kuollut.<\/p>\n<p>H\u00e4net n\u00e4htiin elokuvaklassikoissa, kuten Rocky (1976), Karate Kid (1984) ja Coenin veljesten Hail, Caesar! (2016), sek\u00e4 kymmeniss\u00e4 sarjoissa, kuten Pulmuset, Moderni perhe ja J\u00e4it\u00e4 hattuun.<\/p>\n<p>Ura alkoi vuonna 1981, rikossarja Lou Grant -sarjan jaksossa. Rooli avasi ovet nelj\u00e4 vuosikymment\u00e4 kest\u00e4neeseen n\u00e4yttelij\u00e4nuraan. Viimeinen ty\u00f6 oli sivuosa saluunatarjoilijana Apple TV:n sarjassa High Desert, joka kuvattiin vuonna 2023.<\/p>\n<p>Lue my\u00f6s: <a href=\"https:\/\/www.episodi.fi\/uutiset\/alan-kummisedaksi-kutsuttu-lewis-horwitz-on-kuollut-90-vuotiaana\/\" title=\"\u201dAlan kummised\u00e4ksi\u201d kutsuttu Lewis Horwitz on kuollut 90-vuotiaana\" class=\"underline-custom !font-montserrat !font-bold !underline-offset-4 !decoration-4 !decoration-episodi-blue !text-md\" rel=\"nofollow noopener\" target=\"_blank\">\u201dAlan kummised\u00e4ksi\u201d kutsuttu Lewis Horwitz on kuollut 90-vuotiaana<\/a><\/p>\n<p>Lue my\u00f6s: <a href=\"https:\/\/www.episodi.fi\/uutiset\/the-wiren-ja-it-chapter-2n-james-ransone-on-kuollut-46-vuotiaana\/\" title=\"The Wiren ja It: Chapter 2:n James Ransone on kuollut 46-vuotiaana\" class=\"underline-custom !font-montserrat !font-bold !underline-offset-4 !decoration-4 !decoration-episodi-blue !text-md\" rel=\"nofollow noopener\" target=\"_blank\">The Wiren ja It: Chapter 2:n James Ransone on kuollut 46-vuotiaana<\/a><\/p>\n<p>Siffin roolit olivat usein pieni\u00e4, mutta mieleenpainuvia. H\u00e4net tunnettiin ammattimaisena luonnen\u00e4yttelij\u00e4n\u00e4, joka muistetaan erityisesti omistautumisestaan ja aidosta yst\u00e4v\u00e4llisyydest\u00e4\u00e4n kuvauspaikoilla.<\/p>\n<p>Siff kuoli 88-vuotiaana Los Angelesissa, leikkauksen j\u00e4lkeisiin komplikaatioihin, pitk\u00e4n sairauden j\u00e4lkeen.<\/p>\n<p>L\u00e4hde: <a href=\"https:\/\/deadline.com\/2025\/12\/helen-siff-dead-hail-caesar-1236655480\/\" rel=\"nofollow noopener\" target=\"_blank\">Deadline<\/a><\/p>\n<p>Lue my\u00f6s: <a href=\"https:\/\/www.episodi.fi\/uutiskirje\/?uutiskirjemainos=tekstilinkkimainos\" title=\"Tilaa Episodin uutiskirje ja voit voittaa leffalippuja! Nappaa tv-vinkit suoraan s\u00e4hk\u00f6postiin t\u00e4st\u00e4.\" class=\"underline-custom !font-montserrat !font-bold !underline-offset-4 !decoration-4 !decoration-episodi-blue !text-md\" rel=\"nofollow noopener\" target=\"_blank\">Tilaa Episodin uutiskirje ja voit voittaa leffalippuja! Nappaa katseluvinkit suoraan s\u00e4hk\u00f6postiin t\u00e4st\u00e4.<\/a><\/p>\n","protected":false},"excerpt":{"rendered":"Veteraanin\u00e4yttelij\u00e4 Helen Siff on kuollut. H\u00e4net n\u00e4htiin elokuvaklassikoissa, kuten Rocky (1976), Karate Kid (1984) ja Coenin veljesten Hail,&hellip;\n","protected":false},"author":2,"featured_media":124443,"comment_status":"","ping_status":"","sticky":false,"template":"","format":"standard","meta":{"footnotes":""},"categories":[130],"tags":[137,33,31,30,22203,6326,32,109],"class_list":{"0":"post-124442","1":"post","2":"type-post","3":"status-publish","4":"format-standard","5":"has-post-thumbnail","7":"category-viihde","8":"tag-entertainment","9":"tag-fi","10":"tag-finland","11":"tag-finnish","12":"tag-helen-siff","13":"tag-menehtyneet","14":"tag-suomi","15":"tag-viihde"},"share_on_mastodon":{"url":"https:\/\/pubeurope.com\/@fi\/115771814893247983","error":""},"_links":{"self":[{"href":"https:\/\/www.europesays.com\/fi\/wp-json\/wp\/v2\/posts\/124442","targetHints":{"allow":["GET"]}}],"collection":[{"href":"https:\/\/www.europesays.com\/fi\/wp-json\/wp\/v2\/posts"}],"about":[{"href":"https:\/\/www.europesays.com\/fi\/wp-json\/wp\/v2\/types\/post"}],"author":[{"embeddable":true,"href":"https:\/\/www.europesays.com\/fi\/wp-json\/wp\/v2\/users\/2"}],"replies":[{"embeddable":true,"href":"https:\/\/www.europesays.com\/fi\/wp-json\/wp\/v2\/comments?post=124442"}],"version-history":[{"count":0,"href":"https:\/\/www.europesays.com\/fi\/wp-json\/wp\/v2\/posts\/124442\/revisions"}],"wp:featuredmedia":[{"embeddable":true,"href":"https:\/\/www.europesays.com\/fi\/wp-json\/wp\/v2\/media\/124443"}],"wp:attachment":[{"href":"https:\/\/www.europesays.com\/fi\/wp-json\/wp\/v2\/media?parent=124442"}],"wp:term":[{"taxonomy":"category","embeddable":true,"href":"https:\/\/www.europesays.com\/fi\/wp-json\/wp\/v2\/categories?post=124442"},{"taxonomy":"post_tag","embeddable":true,"href":"https:\/\/www.europesays.com\/fi\/wp-json\/wp\/v2\/tags?post=124442"}],"curies":[{"name":"wp","href":"https:\/\/api.w.org\/{rel}","templated":true}]}}