{"id":124460,"date":"2025-12-24T01:25:14","date_gmt":"2025-12-24T01:25:14","guid":{"rendered":"https:\/\/www.europesays.com\/fi\/124460\/"},"modified":"2025-12-24T01:25:14","modified_gmt":"2025-12-24T01:25:14","slug":"venajan-patriarkalla-on-50-vuotta-kestanyt-salasuhde","status":"publish","type":"post","link":"https:\/\/www.europesays.com\/fi\/124460\/","title":{"rendered":"Ven\u00e4j\u00e4n patriarkalla on 50 vuotta kest\u00e4nyt salasuhde"},"content":{"rendered":"<p>Patriarkan rakastamat luksusautot ovat kirjattu h\u00e4nen salavaimonsa nimiin.<\/p>\n<p><img decoding=\"async\" class=\"image image-show image-preview\" src=\"https:\/\/www.europesays.com\/fi\/wp-content\/uploads\/2025\/12\/feac242fb8939d72dd3e890b4d5ef84d59aababe47fcdc989f1c151de826eec4.jpg\" alt=\"\"\/><img decoding=\"async\" class=\"image image-show\" src=\"https:\/\/www.europesays.com\/fi\/wp-content\/uploads\/2025\/12\/1766539514_307_feac242fb8939d72dd3e890b4d5ef84d59aababe47fcdc989f1c151de826eec4.jpg\" alt=\"\"\/><\/p>\n<p>Patriarkka narahti salasuhteesta, sanoo ven\u00e4l\u00e4ismedia. EPA \/ AOP<\/p>\n<p class=\"paragraph\">Ven\u00e4j\u00e4n ortodoksisen kirkon johtaja on el\u00e4nyt vuosikymmeni\u00e4 salaisessa avoliitossa, sanoo itsen\u00e4inen tutkiva media <a href=\"https:\/\/www.proekt.media\/film\/patriarkh-kirill\/\" target=\"_blank\" rel=\"noopener nofollow\">Projekt.<\/a><\/p>\n<p class=\"paragraph\">Ven\u00e4l\u00e4ismedian mukaan patriarkka <a href=\"https:\/\/www.iltalehti.fi\/henkilot\/Kirill\" class=\"article-link-person-page\" rel=\"nofollow noopener\" target=\"_blank\">Kirill<\/a> on piilotellut salaista avovaimoaan <strong>Lidija Leonovaa<\/strong> julkisuudelta yli 50 vuotta.<\/p>\n<p class=\"paragraph\">Projekt huomauttaa tapauksen olevan kiusallinen, sill\u00e4 patriarkka on esiintynyt perinteisten arvojen puolustajana. Ortodoksisen kirkon s\u00e4\u00e4nn\u00f6t kielt\u00e4v\u00e4t piispoja el\u00e4m\u00e4st\u00e4 naisen kanssa.<\/p>\n<p class=\"paragraph\">Projektin mukaan Lydija Leonovaa on v\u00e4itetty Ven\u00e4j\u00e4n propagandassa Kirillin pikkuserkuksi, mutta patriarkan sukutiedot eiv\u00e4t tue v\u00e4itett\u00e4.<\/p>\n<p class=\"paragraph\">Kirillin (alk. <a href=\"https:\/\/www.iltalehti.fi\/henkilot\/Kirill\" class=\"article-link-person-page\" rel=\"nofollow noopener\" target=\"_blank\">Vladimir Gundjajev<\/a>) ja Leonovan suhde alkoi Projektin mukaan 1970-luvulla. Leonova muutti Kirillin kanssa Smolenskiin 1984.<\/p>\n<p class=\"paragraph\">Leonova asuu Kirillin kanssa samassa osoitteessa, heill\u00e4 on yhteist\u00e4 omistusta ja kaksikko on matkustanut yhdess\u00e4 patriarkan yksityislennoilla esimerkiksi yhdeks\u00e4n p\u00e4iv\u00e4n vierailulle oligarkkien seuraan Azerbaid\u017eaniin. Avovaimon nimiss\u00e4 ovat esimerkiksi kaikki patriarkan luksusautot.<\/p>\n<p class=\"paragraph\">Kirill on Ven\u00e4j\u00e4n presidentin <a href=\"https:\/\/www.iltalehti.fi\/henkilot\/Vladimir Putin\" class=\"article-link-person-page\" rel=\"nofollow noopener\" target=\"_blank\">Vladimir Putinin<\/a> t\u00e4rke\u00e4 liittolainen, joka tukee hy\u00f6kk\u00e4yssotaa Ukrainassa (Kirillin sanoin \u201dpyh\u00e4\u00e4 sotaa\u201d)  sek\u00e4 vastustaa seksuaali- ja sukupuoliv\u00e4hemmist\u00f6jen oikeuksia.<\/p>\n<p class=\"paragraph\">Kirillin mukaan on Putinin ansiota, ett\u00e4 Ven\u00e4j\u00e4 on konservatiivisten arvojen ja moraalin viimeinen linnoitus maailmassa. Patriarkka on vienyt valtakautensa aikana Ven\u00e4j\u00e4n ortodoksisen kirkon l\u00e4hemm\u00e4s Kremli\u00e4.<\/p>\n<p class=\"paragraph\">Patriarkan ylellinen el\u00e4m\u00e4ntyyli ja mieltymys kalliisiin kulkuv\u00e4lineisiin on her\u00e4tt\u00e4nyt keskustelua vuosien varrella. Vuonna 2009 Kirillist\u00e4 otetusta valokuvasta muokattiin pois h\u00e4nen ranteessaan komeillut 30 000 dollarin kultakello (n. 25 000 euroa).<\/p>\n<p>Putin ja Kirill ovat l\u00e4heisi\u00e4 liittolaisia. EPA \/ AOP<\/p>\n<p class=\"paragraph\">Muokattu 21.34: Korjattu tieto piispoihin liittyvist\u00e4 naimattomuuss\u00e4\u00e4nn\u00f6ist\u00e4. Poistettu virheellinen v\u00e4ite, etteiv\u00e4t uskonmiehet saisi olla naimisissa.<\/p>\n","protected":false},"excerpt":{"rendered":"Patriarkan rakastamat luksusautot ovat kirjattu h\u00e4nen salavaimonsa nimiin. Patriarkka narahti salasuhteesta, sanoo ven\u00e4l\u00e4ismedia. EPA \/ AOP Ven\u00e4j\u00e4n ortodoksisen&hellip;\n","protected":false},"author":2,"featured_media":124461,"comment_status":"","ping_status":"","sticky":false,"template":"","format":"standard","meta":{"footnotes":""},"categories":[5],"tags":[35,648,1075,1074,22,23,26,27,33,31,30,17,24,25,28,29,15,18,21,142,637,32,19,20,16],"class_list":{"0":"post-124460","1":"post","2":"type-post","3":"status-publish","4":"format-standard","5":"has-post-thumbnail","7":"category-otsikot","8":"tag-24h","9":"tag-autot","10":"tag-avioliitto","11":"tag-avioliitto-ja-parisuhde","12":"tag-breaking-news","13":"tag-breakingnews","14":"tag-featured-news","15":"tag-featurednews","16":"tag-fi","17":"tag-finland","18":"tag-finnish","19":"tag-headlines","20":"tag-latest-news","21":"tag-latestnews","22":"tag-main-news","23":"tag-mainnews","24":"tag-news","25":"tag-otsikot","26":"tag-paauutiset","27":"tag-poliitikot","28":"tag-politiikka","29":"tag-suomi","30":"tag-top-stories","31":"tag-topstories","32":"tag-uutiset"},"share_on_mastodon":{"url":"https:\/\/pubeurope.com\/@fi\/115771940924999431","error":""},"_links":{"self":[{"href":"https:\/\/www.europesays.com\/fi\/wp-json\/wp\/v2\/posts\/124460","targetHints":{"allow":["GET"]}}],"collection":[{"href":"https:\/\/www.europesays.com\/fi\/wp-json\/wp\/v2\/posts"}],"about":[{"href":"https:\/\/www.europesays.com\/fi\/wp-json\/wp\/v2\/types\/post"}],"author":[{"embeddable":true,"href":"https:\/\/www.europesays.com\/fi\/wp-json\/wp\/v2\/users\/2"}],"replies":[{"embeddable":true,"href":"https:\/\/www.europesays.com\/fi\/wp-json\/wp\/v2\/comments?post=124460"}],"version-history":[{"count":0,"href":"https:\/\/www.europesays.com\/fi\/wp-json\/wp\/v2\/posts\/124460\/revisions"}],"wp:featuredmedia":[{"embeddable":true,"href":"https:\/\/www.europesays.com\/fi\/wp-json\/wp\/v2\/media\/124461"}],"wp:attachment":[{"href":"https:\/\/www.europesays.com\/fi\/wp-json\/wp\/v2\/media?parent=124460"}],"wp:term":[{"taxonomy":"category","embeddable":true,"href":"https:\/\/www.europesays.com\/fi\/wp-json\/wp\/v2\/categories?post=124460"},{"taxonomy":"post_tag","embeddable":true,"href":"https:\/\/www.europesays.com\/fi\/wp-json\/wp\/v2\/tags?post=124460"}],"curies":[{"name":"wp","href":"https:\/\/api.w.org\/{rel}","templated":true}]}}