{"id":124462,"date":"2025-12-24T01:37:10","date_gmt":"2025-12-24T01:37:10","guid":{"rendered":"https:\/\/www.europesays.com\/fi\/124462\/"},"modified":"2025-12-24T01:37:10","modified_gmt":"2025-12-24T01:37:10","slug":"ttkn-kerttu-nieminen-saa-lapsen","status":"publish","type":"post","link":"https:\/\/www.europesays.com\/fi\/124462\/","title":{"rendered":"TTK:n Kerttu Nieminen saa lapsen"},"content":{"rendered":"<p>Kerttu Niemisen perhe kasvaa kev\u00e4\u00e4ll\u00e4.<\/p>\n<p>23.12. 13:45<\/p>\n<p class=\"article-body mb-nof-24 px-nof-16\">Tanssii t\u00e4htien kanssa -ohjelman t\u00e4htiopettajana kolmella kaudella n\u00e4hty <a class=\"article-personlink\" href=\"https:\/\/www.is.fi\/haku\/?query=Kerttu%20Nieminen\" rel=\"nofollow noopener\" target=\"_blank\">Kerttu Nieminen<\/a> odottaa vauvaa.<\/p>\n<p class=\"article-body mb-nof-24 px-nof-16\">Nieminen kertoo asiasta Instagramissa.<\/p>\n<p class=\"article-body mb-nof-24 px-nof-16\">\u2013 T\u00e4n\u00e4 vuonna yksi joulupallo kasvaa mukana, h\u00e4n kirjoittaa jakamansa kuvan yhteydess\u00e4.<\/p>\n<p class=\"article-body mb-nof-24 px-nof-16\">\u2013 Pieni syd\u00e4n ly\u00f6 jo mukana, kasvaa valossa ja varjossa. Kev\u00e4\u00e4ll\u00e4 saavut maailmaan, jota odotamme jo kovasti, h\u00e4n iloitsee.<\/p>\n<p class=\"article-body mb-nof-24 px-nof-16\">Nieminen kilpaili t\u00e4htiopettajana Tanssii t\u00e4htien kanssa -ohjelmassa kausilla 2022-2024. H\u00e4n on opettanut <a class=\"article-personlink\" href=\"https:\/\/www.is.fi\/haku\/?query=Mikko%20Nousiaista\" rel=\"nofollow noopener\" target=\"_blank\">Mikko Nousiaista<\/a>, <a class=\"article-personlink\" href=\"https:\/\/www.is.fi\/haku\/?query=Mikko%20Penttil%C3%A4%C3%A4\" rel=\"nofollow noopener\" target=\"_blank\">Mikko Penttil\u00e4\u00e4<\/a> ja <a class=\"article-personlink\" href=\"https:\/\/www.is.fi\/haku\/?query=Olli%20Halosta\" rel=\"nofollow noopener\" target=\"_blank\">Olli Halosta<\/a>.<\/p>\n<p class=\"article-body mb-nof-24 px-nof-16\">Niemisell\u00e4 on puolisonsa kanssa entuudestaan kaksi lasta.<\/p>\n","protected":false},"excerpt":{"rendered":"Kerttu Niemisen perhe kasvaa kev\u00e4\u00e4ll\u00e4. 23.12. 13:45 Tanssii t\u00e4htien kanssa -ohjelman t\u00e4htiopettajana kolmella kaudella n\u00e4hty Kerttu Nieminen odottaa&hellip;\n","protected":false},"author":2,"featured_media":124463,"comment_status":"","ping_status":"","sticky":false,"template":"","format":"standard","meta":{"footnotes":""},"categories":[136],"tags":[407,137,33,31,30,34,408,32,109],"class_list":{"0":"post-124462","1":"post","2":"type-post","3":"status-publish","4":"format-standard","5":"has-post-thumbnail","7":"category-julkkikset","8":"tag-celebrities","9":"tag-entertainment","10":"tag-fi","11":"tag-finland","12":"tag-finnish","13":"tag-ilta-sanomat","14":"tag-julkkikset","15":"tag-suomi","16":"tag-viihde"},"share_on_mastodon":{"url":"https:\/\/pubeurope.com\/@fi\/115771987940977810","error":""},"_links":{"self":[{"href":"https:\/\/www.europesays.com\/fi\/wp-json\/wp\/v2\/posts\/124462","targetHints":{"allow":["GET"]}}],"collection":[{"href":"https:\/\/www.europesays.com\/fi\/wp-json\/wp\/v2\/posts"}],"about":[{"href":"https:\/\/www.europesays.com\/fi\/wp-json\/wp\/v2\/types\/post"}],"author":[{"embeddable":true,"href":"https:\/\/www.europesays.com\/fi\/wp-json\/wp\/v2\/users\/2"}],"replies":[{"embeddable":true,"href":"https:\/\/www.europesays.com\/fi\/wp-json\/wp\/v2\/comments?post=124462"}],"version-history":[{"count":0,"href":"https:\/\/www.europesays.com\/fi\/wp-json\/wp\/v2\/posts\/124462\/revisions"}],"wp:featuredmedia":[{"embeddable":true,"href":"https:\/\/www.europesays.com\/fi\/wp-json\/wp\/v2\/media\/124463"}],"wp:attachment":[{"href":"https:\/\/www.europesays.com\/fi\/wp-json\/wp\/v2\/media?parent=124462"}],"wp:term":[{"taxonomy":"category","embeddable":true,"href":"https:\/\/www.europesays.com\/fi\/wp-json\/wp\/v2\/categories?post=124462"},{"taxonomy":"post_tag","embeddable":true,"href":"https:\/\/www.europesays.com\/fi\/wp-json\/wp\/v2\/tags?post=124462"}],"curies":[{"name":"wp","href":"https:\/\/api.w.org\/{rel}","templated":true}]}}