{"id":124494,"date":"2025-12-24T02:41:08","date_gmt":"2025-12-24T02:41:08","guid":{"rendered":"https:\/\/www.europesays.com\/fi\/124494\/"},"modified":"2025-12-24T02:41:08","modified_gmt":"2025-12-24T02:41:08","slug":"kremlista-hurja-nato-syytos-olisi-katastrofaaliset-seuraukset","status":"publish","type":"post","link":"https:\/\/www.europesays.com\/fi\/124494\/","title":{"rendered":"Kremlist\u00e4 hurja Nato-syyt\u00f6s: &#8221;Olisi katastrofaaliset seuraukset&#8221;"},"content":{"rendered":"<p>\n\tSanteri Lampi\t23.12.2025 22:03, muokattu<br \/>\n\t23.12.2025 13:21\n<\/p>\n<p>\t\t\t\t\t\t\t\t\tUkrainan sota<\/p>\n<p>Ven\u00e4j\u00e4n varaulkoministeri\u00a0<strong>Sergei Ryabkov<\/strong> varoittaa Ven\u00e4j\u00e4n ja puolustusliitto Naton ajautuneen vaarallisen l\u00e4helle suoraa yhteenottoa vuoden 2025 aikana.<\/p>\n<p>Ryabkovin mukaan yhteenotolla olisi \u201dkatastrofaaliset seuraukset\u201d, sill\u00e4 taistelussa saatettaisiin turvautua my\u00f6s ydinaseisiin.<\/p>\n<p>Varaulkoministeri syytt\u00e4\u00e4 tilanteesta etenkin \u201dhaukkamaisia\u201d eurooppalaisia Nato-maita, kuten Britanniaa ja Ranskaa. Ryabkovin mielest\u00e4 Lontoo ja Pariisi ovat olleet \u201derityisen aggressiivisia\u201d.<\/p>\n<p>Ryabkovin mukaan ydinasevaltojen sapelinkalistelu on erityisen vaarallista.<\/p>\n<p>\u2013 Etenk\u00e4\u00e4n t\u00e4lle yleis\u00f6lle minun on tarpeetonta korostaa, ett\u00e4 sellaisella konfliktilla olisi katastrofaaliset seuraukset, Ryabkov sanoi Valdai-klubin keskustelutilaisuudessa.<\/p>\n<p>Newsweek-lehden mukaan Ryabkov osallistui tilaisuuteen, jonka aiheen oli Yhdysvaltain entisen presidentin Joe Bidenin vuoden takainen arvio siit\u00e4, ett\u00e4 Ven\u00e4j\u00e4 olisi k\u00e4rsinyt \u201dstrategisen tappion\u201d aloittaessaan Ukrainan sodan.<\/p>\n<p>Ven\u00e4j\u00e4n valtiojohto on varoitellut ydinasekonfliktin syttymisell\u00e4 koko Ukrainan sodan ajan. L\u00e4nsimaisten asiantuntijoiden mukaan kyse on Kremlin propagandasta, jolla yritet\u00e4\u00e4n pelotella Ukrainan liittolaisia v\u00e4hent\u00e4m\u00e4\u00e4n puolustustaistelua k\u00e4yv\u00e4n maan tukemista.<\/p>\n","protected":false},"excerpt":{"rendered":"Santeri Lampi 23.12.2025 22:03, muokattu 23.12.2025 13:21 Ukrainan sota Ven\u00e4j\u00e4n varaulkoministeri\u00a0Sergei Ryabkov varoittaa Ven\u00e4j\u00e4n ja puolustusliitto Naton ajautuneen&hellip;\n","protected":false},"author":2,"featured_media":124495,"comment_status":"","ping_status":"","sticky":false,"template":"","format":"standard","meta":{"footnotes":""},"categories":[14],"tags":[22,23,26,27,33,31,30,17,24,25,28,29,15,18,21,32,19,20,56,16,59,60,61],"class_list":{"0":"post-124494","1":"post","2":"type-post","3":"status-publish","4":"format-standard","5":"has-post-thumbnail","7":"category-ulkomaat","8":"tag-breaking-news","9":"tag-breakingnews","10":"tag-featured-news","11":"tag-featurednews","12":"tag-fi","13":"tag-finland","14":"tag-finnish","15":"tag-headlines","16":"tag-latest-news","17":"tag-latestnews","18":"tag-main-news","19":"tag-mainnews","20":"tag-news","21":"tag-otsikot","22":"tag-paauutiset","23":"tag-suomi","24":"tag-top-stories","25":"tag-topstories","26":"tag-ulkomaat","27":"tag-uutiset","28":"tag-world","29":"tag-world-news","30":"tag-worldnews"},"share_on_mastodon":{"url":"https:\/\/pubeurope.com\/@fi\/115772239591102333","error":""},"_links":{"self":[{"href":"https:\/\/www.europesays.com\/fi\/wp-json\/wp\/v2\/posts\/124494","targetHints":{"allow":["GET"]}}],"collection":[{"href":"https:\/\/www.europesays.com\/fi\/wp-json\/wp\/v2\/posts"}],"about":[{"href":"https:\/\/www.europesays.com\/fi\/wp-json\/wp\/v2\/types\/post"}],"author":[{"embeddable":true,"href":"https:\/\/www.europesays.com\/fi\/wp-json\/wp\/v2\/users\/2"}],"replies":[{"embeddable":true,"href":"https:\/\/www.europesays.com\/fi\/wp-json\/wp\/v2\/comments?post=124494"}],"version-history":[{"count":0,"href":"https:\/\/www.europesays.com\/fi\/wp-json\/wp\/v2\/posts\/124494\/revisions"}],"wp:featuredmedia":[{"embeddable":true,"href":"https:\/\/www.europesays.com\/fi\/wp-json\/wp\/v2\/media\/124495"}],"wp:attachment":[{"href":"https:\/\/www.europesays.com\/fi\/wp-json\/wp\/v2\/media?parent=124494"}],"wp:term":[{"taxonomy":"category","embeddable":true,"href":"https:\/\/www.europesays.com\/fi\/wp-json\/wp\/v2\/categories?post=124494"},{"taxonomy":"post_tag","embeddable":true,"href":"https:\/\/www.europesays.com\/fi\/wp-json\/wp\/v2\/tags?post=124494"}],"curies":[{"name":"wp","href":"https:\/\/api.w.org\/{rel}","templated":true}]}}