{"id":124519,"date":"2025-12-24T03:34:13","date_gmt":"2025-12-24T03:34:13","guid":{"rendered":"https:\/\/www.europesays.com\/fi\/124519\/"},"modified":"2025-12-24T03:34:13","modified_gmt":"2025-12-24T03:34:13","slug":"yksityinen-varhaiskasvatusala-jatkaa-neuvotteluja-joulun-jalkeen","status":"publish","type":"post","link":"https:\/\/www.europesays.com\/fi\/124519\/","title":{"rendered":"Yksityinen varhaiskasvatusala jatkaa neuvotteluja joulun j\u00e4lkeen"},"content":{"rendered":"<p>\n\t\t\t23.12.2025\n\t\t<\/p>\n<p>\t\t\t\t<img width=\"320\" height=\"180\" src=\"https:\/\/www.europesays.com\/fi\/wp-content\/uploads\/2025\/12\/1001ammattia_2025_1920x1080_yksityinen_vaka_SUOMI-320x180.png\" class=\"attachment-medium size-medium\" alt=\"\"  decoding=\"async\" fetchpriority=\"high\" \/><\/p>\n<p class=\"is-style-lead\">Sopimusneuvotteluissa haetaan\u00a0viel\u00e4 viimeisi\u00e4\u00a0ratkaisuja, joilla pitk\u00e4t neuvottelut saataisiin p\u00e4\u00e4t\u00f6kseen.\u00a0<\/p>\n<p>Yksityisen varhaiskasvatusalan\u00a0neuvottelijat\u00a0ovat p\u00e4\u00e4tt\u00e4neet pit\u00e4\u00e4\u00a0joulutauon.\u00a0Osapuolet\u00a0jatkavat\u00a0yksityisen\u00a0varhaiskasvatusalan\u00a0tes-neuvotteluja\u00a029. joulukuuta.\u00a0\u00a0<\/p>\n<p>\u2013\u202fSopimusneuvottelut ovat loppusuoralla, ja haemme viel\u00e4 viimeisi\u00e4 ratkaisuja, JHL:n sopimusasiantuntija\u00a0<strong>Hanna\u00a0Katajam\u00e4ki<\/strong>\u00a0sanoo.\u00a0<\/p>\n<p>Sopimuksesta neuvottelevat ammattiliitto JHL, OAJ, Super ja Talentia.\u202fTy\u00f6antajaa edustaa Sivistysala ry eli\u202fSivista.\u202f\u00a0<\/p>\n<p>Alalla noudatetaan t\u00e4ll\u00e4 hetkell\u00e4 yksityisen sosiaalipalvelualan ty\u00f6ehtosopimusta, joka on voimassa vuoden 2025 loppuun.\u00a0\u00a0<\/p>\n<p>JHL:n j\u00e4senet jatkavat siihen asti ty\u00f6skentely\u00e4\u00e4n normaalisti ja nykyisen sopimuksen ehdoilla.\u00a0Yksityinen varhaiskasvatusala siirtyy sopimuksettomaan tilaan 1.1.2026.\u202f\u00a0<\/p>\n<p>Pid\u00e4mme j\u00e4senemme ajan tasalla alan neuvottelutilanteesta.\u00a0<\/p>\n<p>Liity JHL:n j\u00e4seneksi!<\/p>\n<p>JHL on paras liitto sinulle, joka ty\u00f6skentelet esimerkiksi lastenhoitajana, p\u00e4iv\u00e4kotiapulaisena, varhaiskasvatuksen opettajana tai sosionomina!<\/p>\n<p><img loading=\"lazy\" decoding=\"async\" width=\"1024\" height=\"576\" src=\"https:\/\/www.europesays.com\/fi\/wp-content\/uploads\/2025\/12\/1001ammattia_2025_1920x1080_yksityinen_vaka_SUOMI-1024x576.png\" alt=\"\" class=\"wp-image-95514 size-full\"  \/><\/p>\n","protected":false},"excerpt":{"rendered":"23.12.2025 Sopimusneuvotteluissa haetaan\u00a0viel\u00e4 viimeisi\u00e4\u00a0ratkaisuja, joilla pitk\u00e4t neuvottelut saataisiin p\u00e4\u00e4t\u00f6kseen.\u00a0 Yksityisen varhaiskasvatusalan\u00a0neuvottelijat\u00a0ovat p\u00e4\u00e4tt\u00e4neet pit\u00e4\u00e4\u00a0joulutauon.\u00a0Osapuolet\u00a0jatkavat\u00a0yksityisen\u00a0varhaiskasvatusalan\u00a0tes-neuvotteluja\u00a029. joulukuuta.\u00a0\u00a0 \u2013\u202fSopimusneuvottelut ovat loppusuoralla, ja&hellip;\n","protected":false},"author":2,"featured_media":124520,"comment_status":"","ping_status":"","sticky":false,"template":"","format":"standard","meta":{"footnotes":""},"categories":[12],"tags":[22,23,26,27,33,31,30,17,24,25,28,29,15,18,21,32,19,20,16],"class_list":{"0":"post-124519","1":"post","2":"type-post","3":"status-publish","4":"format-standard","5":"has-post-thumbnail","7":"category-suomi","8":"tag-breaking-news","9":"tag-breakingnews","10":"tag-featured-news","11":"tag-featurednews","12":"tag-fi","13":"tag-finland","14":"tag-finnish","15":"tag-headlines","16":"tag-latest-news","17":"tag-latestnews","18":"tag-main-news","19":"tag-mainnews","20":"tag-news","21":"tag-otsikot","22":"tag-paauutiset","23":"tag-suomi","24":"tag-top-stories","25":"tag-topstories","26":"tag-uutiset"},"share_on_mastodon":{"url":"https:\/\/pubeurope.com\/@fi\/115772448267701389","error":""},"_links":{"self":[{"href":"https:\/\/www.europesays.com\/fi\/wp-json\/wp\/v2\/posts\/124519","targetHints":{"allow":["GET"]}}],"collection":[{"href":"https:\/\/www.europesays.com\/fi\/wp-json\/wp\/v2\/posts"}],"about":[{"href":"https:\/\/www.europesays.com\/fi\/wp-json\/wp\/v2\/types\/post"}],"author":[{"embeddable":true,"href":"https:\/\/www.europesays.com\/fi\/wp-json\/wp\/v2\/users\/2"}],"replies":[{"embeddable":true,"href":"https:\/\/www.europesays.com\/fi\/wp-json\/wp\/v2\/comments?post=124519"}],"version-history":[{"count":0,"href":"https:\/\/www.europesays.com\/fi\/wp-json\/wp\/v2\/posts\/124519\/revisions"}],"wp:featuredmedia":[{"embeddable":true,"href":"https:\/\/www.europesays.com\/fi\/wp-json\/wp\/v2\/media\/124520"}],"wp:attachment":[{"href":"https:\/\/www.europesays.com\/fi\/wp-json\/wp\/v2\/media?parent=124519"}],"wp:term":[{"taxonomy":"category","embeddable":true,"href":"https:\/\/www.europesays.com\/fi\/wp-json\/wp\/v2\/categories?post=124519"},{"taxonomy":"post_tag","embeddable":true,"href":"https:\/\/www.europesays.com\/fi\/wp-json\/wp\/v2\/tags?post=124519"}],"curies":[{"name":"wp","href":"https:\/\/api.w.org\/{rel}","templated":true}]}}